{"id":30509,"date":"2016-07-14T18:39:08","date_gmt":"2016-07-14T15:39:08","guid":{"rendered":"http:\/\/gzone.com.tr\/?p=30509"},"modified":"2016-07-14T18:39:08","modified_gmt":"2016-07-14T15:39:08","slug":"dunyanin-en-iyi-onur-fotografi-odulu-turkiyeden-akin-celiktasin","status":"publish","type":"post","link":"http:\/\/www.gzone.com.tr\/index.php\/2016\/07\/14\/dunyanin-en-iyi-onur-fotografi-odulu-turkiyeden-akin-celiktasin\/","title":{"rendered":"D\u00dcNYANIN EN \u0130Y\u0130 ONUR FOTO\u011eRAFI \u00d6D\u00dcL\u00dc T\u00dcRK\u0130YE&#8217;DEN AKIN \u00c7EL\u0130KTA\u015e&#8217;IN"},"content":{"rendered":"<p class=\"p1\"><span class=\"s1\">&#8220;D\u00fcnyan\u0131n En \u0130yi Onur Foto\u011fraf\u0131&#8221; \u00f6d\u00fcl\u00fc T\u00fcrkiye\u2019den Ak\u0131n \u00c7elikta\u015f\u2019\u0131n oldu.<\/span><\/p>\n<p class=\"p1\"><span class=\"s1\">Onur Foto\u011fraf\u0131 \u00d6d\u00fcl\u00fc (Pride Photo Award) isimli uluslararas\u0131 cinsel\u00a0ve cinsiyet \u00e7e\u015fitlili\u011fi\u00a0konulu yar\u0131\u015fma her sene d\u00fcnyan\u0131n d\u00f6rt bir yan\u0131ndan bu konuda \u00e7ekilmi\u015f foto\u011fraflar aras\u0131ndan en iyilerini se\u00e7iyor. 2016 y\u0131l\u0131n\u0131n en iyi Onur Foto\u011fraf\u0131 \u00f6d\u00fcl\u00fcn\u00fc bu sene, yasaklanan \u201cLGBT\u0130 Onur Y\u00fcr\u00fcy\u00fc\u015f\u00fc\u201d s\u0131ras\u0131nda g\u00f6kku\u015fa\u011f\u0131 rengindeki \u00e7oraplar\u0131yla polislerin arkas\u0131nda duran gen\u00e7 kad\u0131n\u0131 kadraj\u0131na alan foto\u011fraf\u00e7\u0131 Ak\u0131n \u00c7elikta\u015f kazand\u0131.<\/span><\/p>\n<p class=\"p1\">\u0130\u015fte bu foto\u011fraf:<\/p>\n<p class=\"p1\"><img loading=\"lazy\" decoding=\"async\" class=\"alignnone\" src=\"https:\/\/s31.postimg.org\/3mn57tpdn\/LGBT_Pride_Bans_in_Istanbul_Akin_Celiktas.jpg\" alt=\"\" width=\"800\" height=\"518\" \/><\/p>\n<p class=\"p1\"><span class=\"s1\">70 farkl\u0131 \u00fclkeden 398 foto\u011fraf\u00e7\u0131n\u0131n yakla\u015f\u0131k 3600 foto\u011frafla kat\u0131ld\u0131\u011f\u0131 bu yar\u0131\u015fmada b\u00fcy\u00fck \u00f6d\u00fcl \u201c \u2018LGBT Pride Bans in Istanbul- \u0130stanbul\u2019da Yasaklanan LGBT Onur Y\u00fcr\u00fcy\u00fc\u015f\u00fc\u201d adl\u0131 bu foto\u011fraf\u0131yla Ak\u0131n \u00c7elikta\u015f\u2019\u0131n olurken ikincilik \u00f6d\u00fcl\u00fc \u2018Dinner Time of the Family- Ailenin Ak\u015fam Yeme\u011fi Vakti\u201d ile Japonya\u2019dan Nobuhiro Shirai ve \u00fc\u00e7\u00fcnc\u00fcl\u00fck \u00f6d\u00fcl\u00fc de \u2019The Omega Experience- Omega Deneyimi\u201d adl\u0131 foto\u011fraf\u0131 ile Bel\u00e7ika\u2019dan Benny Antoniw\u2019in oldu.<\/span><\/p>\n<p class=\"p1\">\u0130\u015fte s\u0131ras\u0131yla 2. ve 3. olan foto\u011fraflar:<\/p>\n<p class=\"p1\"><img loading=\"lazy\" decoding=\"async\" class=\"alignnone\" src=\"https:\/\/s32.postimg.org\/6nw8kwgwl\/2_is_AFEc006.jpg\" alt=\"\" width=\"640\" height=\"482\" \/><\/p>\n<p class=\"p1\"><img loading=\"lazy\" decoding=\"async\" class=\"alignnone\" src=\"https:\/\/s32.postimg.org\/mpioxna6t\/3_is_AHYd004.jpg\" alt=\"\" width=\"640\" height=\"427\" \/><\/p>\n<p class=\"p1\">\n","protected":false},"excerpt":{"rendered":"<p>&#8220;D\u00fcnyan\u0131n En \u0130yi Onur Foto\u011fraf\u0131&#8221; \u00f6d\u00fcl\u00fc T\u00fcrkiye\u2019den Ak\u0131n \u00c7elikta\u015f\u2019\u0131n oldu. Onur Foto\u011fraf\u0131 \u00d6d\u00fcl\u00fc (Pride Photo Award) isimli uluslararas\u0131 cinsel\u00a0ve cinsiyet \u00e7e\u015fitlili\u011fi\u00a0konulu yar\u0131\u015fma her sene d\u00fcnyan\u0131n d\u00f6rt bir yan\u0131ndan bu konuda \u00e7ekilmi\u015f foto\u011fraflar aras\u0131ndan en iyilerini se\u00e7iyor. 2016 y\u0131l\u0131n\u0131n en iyi Onur Foto\u011fraf\u0131 \u00f6d\u00fcl\u00fcn\u00fc bu sene, yasaklanan \u201cLGBT\u0130 Onur Y\u00fcr\u00fcy\u00fc\u015f\u00fc\u201d s\u0131ras\u0131nda g\u00f6kku\u015fa\u011f\u0131 rengindeki \u00e7oraplar\u0131yla polislerin arkas\u0131nda &hellip;<\/p>\n","protected":false},"author":1,"featured_media":30510,"comment_status":"closed","ping_status":"open","sticky":false,"template":"","format":"standard","meta":{"footnotes":""},"categories":[91,96],"tags":[902,112,114,529],"class_list":["post-30509","post","type-post","status-publish","format-standard","has-post-thumbnail","","category-haberler","category-turkiye","tag-fotograf","tag-haberler-2","tag-onur-yuruyusu","tag-turkiye-2"],"_links":{"self":[{"href":"http:\/\/www.gzone.com.tr\/index.php\/wp-json\/wp\/v2\/posts\/30509","targetHints":{"allow":["GET"]}}],"collection":[{"href":"http:\/\/www.gzone.com.tr\/index.php\/wp-json\/wp\/v2\/posts"}],"about":[{"href":"http:\/\/www.gzone.com.tr\/index.php\/wp-json\/wp\/v2\/types\/post"}],"author":[{"embeddable":true,"href":"http:\/\/www.gzone.com.tr\/index.php\/wp-json\/wp\/v2\/users\/1"}],"replies":[{"embeddable":true,"href":"http:\/\/www.gzone.com.tr\/index.php\/wp-json\/wp\/v2\/comments?post=30509"}],"version-history":[{"count":1,"href":"http:\/\/www.gzone.com.tr\/index.php\/wp-json\/wp\/v2\/posts\/30509\/revisions"}],"predecessor-version":[{"id":30512,"href":"http:\/\/www.gzone.com.tr\/index.php\/wp-json\/wp\/v2\/posts\/30509\/revisions\/30512"}],"wp:featuredmedia":[{"embeddable":true,"href":"http:\/\/www.gzone.com.tr\/index.php\/wp-json\/wp\/v2\/media\/30510"}],"wp:attachment":[{"href":"http:\/\/www.gzone.com.tr\/index.php\/wp-json\/wp\/v2\/media?parent=30509"}],"wp:term":[{"taxonomy":"category","embeddable":true,"href":"http:\/\/www.gzone.com.tr\/index.php\/wp-json\/wp\/v2\/categories?post=30509"},{"taxonomy":"post_tag","embeddable":true,"href":"http:\/\/www.gzone.com.tr\/index.php\/wp-json\/wp\/v2\/tags?post=30509"}],"curies":[{"name":"wp","href":"https:\/\/api.w.org\/{rel}","templated":true}]}}