{"id":30352,"date":"2016-07-12T10:50:47","date_gmt":"2016-07-12T07:50:47","guid":{"rendered":"http:\/\/gzone.com.tr\/?p=30352"},"modified":"2016-07-13T00:51:01","modified_gmt":"2016-07-12T21:51:01","slug":"calvin-klein-bangir-bangir-geliyor","status":"publish","type":"post","link":"http:\/\/www.gzone.com.tr\/index.php\/2016\/07\/12\/calvin-klein-bangir-bangir-geliyor\/","title":{"rendered":"CALVIN KLEIN BANGIR BANGIR GEL\u0130YOR"},"content":{"rendered":"<p><strong>Calvin Klein daha k\u0131\u015fk\u0131rt\u0131c\u0131 ve daha \u00f6zg\u00fcr olma konusunda b\u00fcy\u00fck ad\u0131mlar atarken kadrosuna dahil etti\u011fi isimler bu sene yine g\u00f6z dolduruyor.<\/strong><\/p>\n<p>Daha \u00f6nce Justin Bieber, Kendall Jenner ve Kendrick Lamar gibi isimlerle ses getiren kampanyalara imza atan \u00fcnl\u00fc markan\u0131n Sonbahar\/K\u0131\u015f 2016 kampanyas\u0131nda Kate Moss,Bella Hadid ve siyahi rap sanat\u00e7\u0131s\u0131 Frank Ocean yer al\u0131yor.<\/p>\n<p><strong>Ayr\u0131ca, markan\u0131n k\u0131sa tan\u0131t\u0131m videosunu buradan izleyebilirsiniz:<\/strong><\/p>\n<p><iframe loading=\"lazy\" title=\"Calvin Klein Fall 2016 #mycalvins Global Campaign\" width=\"618\" height=\"348\" src=\"https:\/\/www.youtube.com\/embed\/HMRbSI6QAWs?feature=oembed\" frameborder=\"0\" allow=\"accelerometer; autoplay; clipboard-write; encrypted-media; gyroscope; picture-in-picture; web-share\" referrerpolicy=\"strict-origin-when-cross-origin\" allowfullscreen><\/iframe><\/p>\n<p>Haber: Bedirhan Ta\u015f\u00e7\u0131<\/p>\n","protected":false},"excerpt":{"rendered":"<p>Calvin Klein daha k\u0131\u015fk\u0131rt\u0131c\u0131 ve daha \u00f6zg\u00fcr olma konusunda b\u00fcy\u00fck ad\u0131mlar atarken kadrosuna dahil etti\u011fi isimler bu sene yine g\u00f6z dolduruyor. Daha \u00f6nce Justin Bieber, Kendall Jenner ve Kendrick Lamar gibi isimlerle ses getiren kampanyalara imza atan \u00fcnl\u00fc markan\u0131n Sonbahar\/K\u0131\u015f 2016 kampanyas\u0131nda Kate Moss,Bella Hadid ve siyahi rap sanat\u00e7\u0131s\u0131 Frank Ocean yer al\u0131yor. Ayr\u0131ca, markan\u0131n &hellip;<\/p>\n","protected":false},"author":1,"featured_media":30371,"comment_status":"closed","ping_status":"open","sticky":false,"template":"","format":"standard","meta":{"footnotes":""},"categories":[70,74],"tags":[5462,459,4602,2686,200,2588],"class_list":["post-30352","post","type-post","status-publish","format-standard","has-post-thumbnail","","category-moda","category-modahaberleri","tag-bella-hadid","tag-calvin-klein","tag-frank-ocean","tag-kate-moss","tag-moda","tag-moda-haberleri"],"_links":{"self":[{"href":"http:\/\/www.gzone.com.tr\/index.php\/wp-json\/wp\/v2\/posts\/30352","targetHints":{"allow":["GET"]}}],"collection":[{"href":"http:\/\/www.gzone.com.tr\/index.php\/wp-json\/wp\/v2\/posts"}],"about":[{"href":"http:\/\/www.gzone.com.tr\/index.php\/wp-json\/wp\/v2\/types\/post"}],"author":[{"embeddable":true,"href":"http:\/\/www.gzone.com.tr\/index.php\/wp-json\/wp\/v2\/users\/1"}],"replies":[{"embeddable":true,"href":"http:\/\/www.gzone.com.tr\/index.php\/wp-json\/wp\/v2\/comments?post=30352"}],"version-history":[{"count":0,"href":"http:\/\/www.gzone.com.tr\/index.php\/wp-json\/wp\/v2\/posts\/30352\/revisions"}],"wp:featuredmedia":[{"embeddable":true,"href":"http:\/\/www.gzone.com.tr\/index.php\/wp-json\/wp\/v2\/media\/30371"}],"wp:attachment":[{"href":"http:\/\/www.gzone.com.tr\/index.php\/wp-json\/wp\/v2\/media?parent=30352"}],"wp:term":[{"taxonomy":"category","embeddable":true,"href":"http:\/\/www.gzone.com.tr\/index.php\/wp-json\/wp\/v2\/categories?post=30352"},{"taxonomy":"post_tag","embeddable":true,"href":"http:\/\/www.gzone.com.tr\/index.php\/wp-json\/wp\/v2\/tags?post=30352"}],"curies":[{"name":"wp","href":"https:\/\/api.w.org\/{rel}","templated":true}]}}