{"id":30292,"date":"2016-07-10T10:37:48","date_gmt":"2016-07-10T07:37:48","guid":{"rendered":"http:\/\/gzone.com.tr\/?p=30292"},"modified":"2016-07-10T10:37:48","modified_gmt":"2016-07-10T07:37:48","slug":"hande-yener-polemiklere-girecek-ergen-degilim-dedi-ama-yine-yapacagini-yapti","status":"publish","type":"post","link":"http:\/\/www.gzone.com.tr\/index.php\/2016\/07\/10\/hande-yener-polemiklere-girecek-ergen-degilim-dedi-ama-yine-yapacagini-yapti\/","title":{"rendered":"HANDE YENER &#8220;POLEM\u0130KLERE G\u0130RECEK ERGEN DE\u011e\u0130L\u0130M&#8221; DED\u0130 AMA Y\u0130NE YAPACA\u011eINI YAPTI"},"content":{"rendered":"<p><strong>Yaz ba\u015f\u0131nda &#8220;Hepsi Hit&#8221; alb\u00fcm\u00fcn\u00fc \u00e7\u0131karan, rekabet polemiklerinden ad\u0131 eksik olmayan ikon pop\u00e7u Hande Yener, H\u00fcrriyet gazetesinden Hakan Gence&#8217;ye konu\u015ftu. R\u00f6portaj\u0131nda &#8220;ben\u00a0polemiklere girecek ergen de\u011filim art\u0131k&#8221; diyen Hande Yener, daha bu r\u00f6portaj gazetede yay\u0131nlanmadan Habert\u00fcrk yazar\u0131 Esin \u00d6vet&#8217;le yeni bir polemi\u011fin i\u00e7ine girdi.<\/strong><\/p>\n<p><em>\u00d6nce<\/em><em>\u00a0bu r\u00f6portajdan baz\u0131 soru ve cevaplara bakal\u0131m:<\/em><\/p>\n<p><b>Pop d\u00fcnyas\u0131n\u0131n kategorileri geni\u015f; kimi popstar, kimi megastar&#8230; Siz?<\/b><br \/>\n&#8211; Ben diva star\u0131m!<br \/>\n<b>\u2018Krali\u00e7e\u2019 lakab\u0131 ne oldu? <\/b><br \/>\n&#8211; O bir basamakt\u0131. Onu ge\u00e7tik Hakanc\u0131\u011f\u0131m.<br \/>\n<b>Sol bile\u011finizde krali\u00e7e tac\u0131 d\u00f6vmesi var. \u0130leride tac\u0131 kime devredersiniz? <\/b><br \/>\n&#8211; Gelinime (G\u00fcl\u00fcyor). Yabanc\u0131ya \u00e7\u0131karmam!<br \/>\n<b>Demek istedi\u011fim sekt\u00f6rde kimin nefesini ensenizde hissetti\u011finiz&#8230; <\/b><br \/>\n&#8211; Hi\u00e7 kimsenin. Yar\u0131\u015f\u0131m kendimle. Tek derdim herkese ula\u015f\u0131p b\u00fcy\u00fck enerjimi aktarmak.<br \/>\n<b>Alb\u00fcm\u00fcn\u00fcz\u00fcn ad\u0131 \u2018Hepsi Hit\u2019&#8230;. Fazla iddial\u0131 de\u011fil mi? <\/b><br \/>\n&#8211; Zaten her sene hit olmal\u0131y\u0131m, benim misyonum bu. Devaml\u0131 \u015fark\u0131 toplayanlardan\u0131m. \u0130ki senedir single \u00e7\u0131kar\u0131yordum. \u015eark\u0131lar iyice birikmi\u015fti. \u00d6nce 120 \u015fark\u0131 aras\u0131ndan 20 tane se\u00e7tim. Yap\u0131m \u015firketim hepsini be\u011fenince alb\u00fcm\u00fc ikiye b\u00f6lmek istedi. K\u0131saca bir sonraki alb\u00fcm bile \u015fimdiden haz\u0131r.<\/p>\n<p><b>Bir ma\u011fazada tezgaht\u00e2rl\u0131k yaparken Sezen Aksu taraf\u0131ndan ke\u015ffedilip m\u00fczikle ilgili hayallerinize kavu\u015ftunuz&#8230; Peki \u015f\u00f6hret i\u00e7in nelerden vazge\u00e7tiniz? <\/b><br \/>\n&#8211; Uykusuzluk bana g\u00f6re. Gece sahnede olmay\u0131 severim. B\u00fcnyeme g\u00f6re bir mesle\u011fim var. Bu i\u015fin tek handikap\u0131 size zarar vermek isteyenler.<br \/>\n<b>Kim onlar? <\/b><br \/>\n&#8211; \u015e\u00f6yle anlatay\u0131m: Sonu\u00e7ta b\u00fct\u00fcn \u00fcnl\u00fcleri ve ba\u015far\u0131lar\u0131 ayn\u0131 de\u011ferlendirmemek gerek. Beni hep ba\u015fka ba\u015fka isimlerle kar\u015f\u0131la\u015ft\u0131rd\u0131lar. Ne oldu \u015fimdi o yazd\u0131klar\u0131 isimlere&#8230; O zaman yaz\u0131k de\u011fil mi bana? \u2018Hepimiz biriz\u2019 derken, \u00e7\u0131k\u0131p \u2018ben tekim\u2019 diyenler oldu\u011funda k\u00fcstahla\u015fabiliyorum. Art\u0131k i\u015flerin bu noktaya gelmesini; i\u00e7i bo\u015f c\u00fcmlelerle kendini ifade eden, bir \u015feyleri kopyalayan insanlarla ayn\u0131 kefeye konup magazinde kendimi kulland\u0131rmak istemiyorum.<br \/>\n<b>Yine de yaz gelince Demet Akal\u0131n\u2019la k\u0131yaslanmaya ba\u015fl\u0131yorsunuz&#8230; Birbirine birka\u00e7 ad\u0131m mesafedeki mek\u00e2nlarda ayn\u0131 saatlerde sahneye \u00e7\u0131kman\u0131z magazinin a\u011fz\u0131n\u0131 suland\u0131r\u0131yor&#8230; <\/b><br \/>\n&#8211; Bu bayatlam\u0131\u015f ve k\u00fcfl\u00fc bir konu. \u00dc\u00e7\u00fcnc\u00fc \u015fah\u0131slarla ilgili de konu\u015fmayal\u0131m. Ben polemiklere girecek ergen de\u011filim art\u0131k.<\/p>\n<p><em>Bu r\u00f6portaj\u0131n tamam\u0131 <strong><a href=\"http:\/\/kelebekgaleri.hurriyet.com.tr\/galeridetay\/100011\/2368\/1\/hande-yener-flortozum-ama-aldatmam\">BURADA<\/a><\/strong><\/em><\/p>\n<p><strong>Bu r\u00f6portaj\u0131n yap\u0131lmas\u0131ndan \u00e7ok k\u0131sa bir s\u00fcre sonra, Esin \u00d6vet Habert\u00fcrk \u2018teki k\u00f6\u015fesinde payla\u015ft\u0131\u011f\u0131 yaz\u0131 ile Hande Yener \u2018i \u00e7ok k\u0131zd\u0131rd\u0131. Yaz\u0131n\u0131n Bodrum&#8217;u anlatan ve Hande Yener&#8217;i ilgilendiren k\u0131sm\u0131 \u015f\u00f6yle:<\/strong><\/p>\n<p><em>Hat\u0131rlarsan\u0131z may\u0131s ay\u0131nda \u201cBu sene Bodrum\u2019da plaj sava\u015flar\u0131 ya\u015fanacak\u201d diye bir yaz\u0131 yazm\u0131\u015ft\u0131m. Bayramla birlikte Bodrum\u2019da da hareketlilik had safhada ya\u015fan\u0131yor. Ve tabii plajlar t\u0131kl\u0131m t\u0131kl\u0131m. Hatta Hande Yener, Hadise, Demet Akal\u0131n, G\u00fcl\u015fen ekseninde sessiz ve derinden gizli ittifaklar ya\u015fan\u0131yor. Peki neler mi oluyor?<\/em><\/p>\n<p><em>1- Hande Yener, Sebastian\u2019da s\u0131k s\u0131k o\u011flu ile DJ kabinine ge\u00e7iyor. O\u011flu \u00e7al\u0131yor, kendi s\u00f6yl\u00fcyor. Hakan Akkaya mini defile d\u00fczenleyerek arkada\u015f\u0131na destek oldu.<\/em><\/p>\n<p><em>2- Hadise \u201cBenim de\u011fil karde\u015fimin\u201d dedi\u011fi La Plaj\u2019\u0131n a\u00e7\u0131l\u0131\u015f\u0131n\u0131 sosyal medya fenomeni Kerimcan Durmaz ile yapt\u0131. Ben de hatta, \u201cAcaba kendisi \u00e7\u0131ksa ne kadar dolduracak. \u015eimdi kendi \u00e7\u0131karsa \u2018Kerimcan m\u0131, Hadise mi\u2019 diye kar\u015f\u0131la\u015ft\u0131r\u0131lma yap\u0131lacak\u201d demi\u015ftim. Sonu\u00e7ta Hadise tam da Kerimcan\u2019\u0131n DJ kabininde oldu\u011fu bir g\u00fcn ani bir bask\u0131n yaparak mikrofonu eline al\u0131p mini bir konser verdi. \u00c7ok ak\u0131ll\u0131ca bir davran\u0131\u015ft\u0131.<\/em><\/p>\n<p><em>3- \u00dc\u00e7 ayl\u0131k hamile G\u00fcl\u015fen, ziyarete gitti\u011fi Hadise\u2019nin plaj\u0131nda sahneye \u00e7\u0131k\u0131p \u015fark\u0131 s\u00f6yledi. Yani Hadise\u2019yi destekledi\u011fini belli etti.<\/em><\/p>\n<p><em>4- Demet Akal\u0131n da Hadise\u2019nin \u201cBenim de\u011fil\u201d dedi\u011fi plaja gidip kap\u0131s\u0131nda foto\u011fraf \u00e7ektirerek sosyal medyadan payla\u015ft\u0131. O da \u201cHadise\u2019ye destek veriyorum\u201d mesaj\u0131 verdi hayranlar\u0131na.<\/em><\/p>\n<p><em>5- Hadise de hem G\u00fcl\u015fen\u2019in \u201cBang\u0131r Bang\u0131r\u201d\u0131n\u0131, hem de Demet Akal\u0131n\u2019\u0131n \u201c\u00c7alkala\u201ds\u0131n\u0131 s\u00f6ylerken g\u00f6r\u00fcnt\u00fc \u00e7ekip Snapchat\u2019te payla\u015ft\u0131. O da \u201cBu plajda s\u0131k s\u0131k Demet Akal\u0131n, G\u00fcl\u015fen \u015fark\u0131lar\u0131 \u00e7al\u0131yor\u201d mesaj\u0131 verdi.<\/em><\/p>\n<p><em>\u0130\u015fte tam bir \u00fc\u00e7l\u00fc koalisyon. Muhte\u015fem bir el ele tutu\u015fma. Gizli mesajlar ve destekler net bir \u015fekilde. Tam da sekt\u00f6r\u00fcn al\u0131\u015ft\u0131\u011f\u0131 bir bilmece. Ama tabii ke\u015fke m\u00fczik ad\u0131na da bir \u015feyler yapsalar. Mesela Shakira-Rihanna, Jennifer Lopez-Iggy Azalea gibi d\u00fcnyaca \u00fcnl\u00fc starlar bir araya gelerek ne g\u00fczel d\u00fcet yap\u0131p klip \u00e7ekiyorlar. G\u00fcl\u015fen-Demet Akal\u0131n-Hadise birlikteli\u011fini m\u00fczik d\u00fcnyas\u0131nda da g\u00f6rmek istiyoruz.<\/em><\/p>\n<p><strong>Bu yaz\u0131y\u0131 okuyan Hande Yener, k\u00f6\u015fe yazar\u0131\u00a0Esin \u00d6vet hakk\u0131nda sosyal medya\u00a0hesaplar\u0131ndan\u00a0\u015fu a\u00e7\u0131klamalarda bulundu:<\/strong><\/p>\n<p><img loading=\"lazy\" decoding=\"async\" class=\"alignnone\" src=\"https:\/\/s31.postimg.org\/glwdvcwej\/hande_yener_instagram.png\" alt=\"\" width=\"589\" height=\"392\" \/><\/p>\n<p><img loading=\"lazy\" decoding=\"async\" class=\"alignnone\" src=\"https:\/\/s31.postimg.org\/kyb68f1uz\/hande_yener_twitter.png\" alt=\"\" width=\"673\" height=\"440\" \/><\/p>\n<p><img loading=\"lazy\" decoding=\"async\" class=\"alignnone\" src=\"https:\/\/s32.postimg.org\/42lvrlwph\/hande_tweet_3.png\" alt=\"\" width=\"733\" height=\"800\" \/><\/p>\n<p><img loading=\"lazy\" decoding=\"async\" class=\"alignnone\" src=\"https:\/\/s32.postimg.org\/dmr9q8ghh\/hande_yener_twitter_2.png\" alt=\"\" width=\"800\" height=\"740\" \/><\/p>\n<p><strong>Hande Yener&#8217;in ithamlar\u0131na kar\u015f\u0131 Esin \u00d6vet&#8217;in yan\u0131t\u0131 da gecikmedi:<\/strong><\/p>\n<p><img loading=\"lazy\" decoding=\"async\" class=\"alignnone\" src=\"https:\/\/s32.postimg.org\/fledwlool\/esin_ovet_twitter.png\" alt=\"\" width=\"460\" height=\"800\" \/><\/p>\n<p>&nbsp;<\/p>\n<p>Konuyla ilgili M\u00fczikOnAir&#8217;in haberi <strong><em><a href=\"http:\/\/muzikonair.com\/hande-yener-ile-esin-ovet-birbirine-girdi\/\" target=\"_blank\">BURADA<\/a><\/em><\/strong><\/p>\n<p>&nbsp;<\/p>\n","protected":false},"excerpt":{"rendered":"<p>Yaz ba\u015f\u0131nda &#8220;Hepsi Hit&#8221; alb\u00fcm\u00fcn\u00fc \u00e7\u0131karan, rekabet polemiklerinden ad\u0131 eksik olmayan ikon pop\u00e7u Hande Yener, H\u00fcrriyet gazetesinden Hakan Gence&#8217;ye konu\u015ftu. R\u00f6portaj\u0131nda &#8220;ben\u00a0polemiklere girecek ergen de\u011filim art\u0131k&#8221; diyen Hande Yener, daha bu r\u00f6portaj gazetede yay\u0131nlanmadan Habert\u00fcrk yazar\u0131 Esin \u00d6vet&#8217;le yeni bir polemi\u011fin i\u00e7ine girdi. \u00d6nce\u00a0bu r\u00f6portajdan baz\u0131 soru ve cevaplara bakal\u0131m: Pop d\u00fcnyas\u0131n\u0131n kategorileri geni\u015f; kimi &hellip;<\/p>\n","protected":false},"author":1,"featured_media":0,"comment_status":"closed","ping_status":"open","sticky":false,"template":"","format":"standard","meta":{"footnotes":""},"categories":[39,28],"tags":[835,1122,1031,1508,275,415],"class_list":["post-30292","post","type-post","status-publish","format-standard","","category-muzik","category-pop","tag-demet-akalin","tag-gulsen","tag-hadise","tag-hande-yener","tag-muzik-2","tag-pop-2"],"_links":{"self":[{"href":"http:\/\/www.gzone.com.tr\/index.php\/wp-json\/wp\/v2\/posts\/30292","targetHints":{"allow":["GET"]}}],"collection":[{"href":"http:\/\/www.gzone.com.tr\/index.php\/wp-json\/wp\/v2\/posts"}],"about":[{"href":"http:\/\/www.gzone.com.tr\/index.php\/wp-json\/wp\/v2\/types\/post"}],"author":[{"embeddable":true,"href":"http:\/\/www.gzone.com.tr\/index.php\/wp-json\/wp\/v2\/users\/1"}],"replies":[{"embeddable":true,"href":"http:\/\/www.gzone.com.tr\/index.php\/wp-json\/wp\/v2\/comments?post=30292"}],"version-history":[{"count":0,"href":"http:\/\/www.gzone.com.tr\/index.php\/wp-json\/wp\/v2\/posts\/30292\/revisions"}],"wp:attachment":[{"href":"http:\/\/www.gzone.com.tr\/index.php\/wp-json\/wp\/v2\/media?parent=30292"}],"wp:term":[{"taxonomy":"category","embeddable":true,"href":"http:\/\/www.gzone.com.tr\/index.php\/wp-json\/wp\/v2\/categories?post=30292"},{"taxonomy":"post_tag","embeddable":true,"href":"http:\/\/www.gzone.com.tr\/index.php\/wp-json\/wp\/v2\/tags?post=30292"}],"curies":[{"name":"wp","href":"https:\/\/api.w.org\/{rel}","templated":true}]}}