{"id":29995,"date":"2016-07-02T13:31:51","date_gmt":"2016-07-02T10:31:51","guid":{"rendered":"http:\/\/gzone.com.tr\/?p=29995"},"modified":"2016-07-02T13:31:51","modified_gmt":"2016-07-02T10:31:51","slug":"irlandali-muslumanlar-lgbt-aktivistlerini-iftar-yemegine-davet-etti","status":"publish","type":"post","link":"http:\/\/www.gzone.com.tr\/index.php\/2016\/07\/02\/irlandali-muslumanlar-lgbt-aktivistlerini-iftar-yemegine-davet-etti\/","title":{"rendered":"\u0130RLANDALI M\u00dcSL\u00dcMANLAR LGBT AKT\u0130V\u0130STLER\u0130N\u0130 \u0130FTAR YEME\u011e\u0130NE DAVET ETT\u0130"},"content":{"rendered":"<p><strong>\u0130rlanda&#8217;da ya\u015fayan bir grup m\u00fcsl\u00fcman, \u00fclkenin \u00f6nde gelen LGBT aktivistlerini iftar\u00a0yeme\u011fine davet etti.<\/strong><\/p>\n<p>\u0130rlanda&#8217;da ya\u015fayan m\u00fcsl\u00fcmanlar taraf\u0131ndan olu\u015fturulan,\u00a0The Irish Muslim Peace and Integration Council\u00a0(\u0130rlandal\u0131 m\u00fcsl\u00fcmanlar bar\u0131\u015f birli\u011fi), her y\u0131l Ramazan ay\u0131n\u0131n sonuna do\u011fru organize ettikleri geleneksel iftar\u00a0yeme\u011fine bu y\u0131l \u00fclkenin \u00f6nde gelen LGBT aktivistlerini de davet etti.<\/p>\n<p>Ramazan ay\u0131n\u0131n bar\u0131\u015f ile kutlanmas\u0131 gerekti\u011fini s\u00f6yleyen grup s\u00f6zc\u00fcs\u00fc, bu y\u0131l yemeklerine LGBT aktivistlerini de davet ettiklerini a\u00e7\u0131klad\u0131. Bug\u00fcn Dublin&#8217;de ger\u00e7ekle\u015fecek olan geleneksel Ramazan sonu yeme\u011finin iki grup i\u00e7in bir kayna\u015fma yeme\u011fi olmas\u0131n\u0131 dileyen s\u00f6zc\u00fc, islam\u0131n bar\u0131\u015f dini oldu\u011funu, ter\u00f6rizm ve nefreti temsil etmedi\u011fini s\u00f6zlerine ekledi.<\/p>\n<p>&nbsp;<\/p>\n","protected":false},"excerpt":{"rendered":"<p>\u0130rlanda&#8217;da ya\u015fayan bir grup m\u00fcsl\u00fcman, \u00fclkenin \u00f6nde gelen LGBT aktivistlerini iftar\u00a0yeme\u011fine davet etti. \u0130rlanda&#8217;da ya\u015fayan m\u00fcsl\u00fcmanlar taraf\u0131ndan olu\u015fturulan,\u00a0The Irish Muslim Peace and Integration Council\u00a0(\u0130rlandal\u0131 m\u00fcsl\u00fcmanlar bar\u0131\u015f birli\u011fi), her y\u0131l Ramazan ay\u0131n\u0131n sonuna do\u011fru organize ettikleri geleneksel iftar\u00a0yeme\u011fine bu y\u0131l \u00fclkenin \u00f6nde gelen LGBT aktivistlerini de davet etti. Ramazan ay\u0131n\u0131n bar\u0131\u015f ile kutlanmas\u0131 gerekti\u011fini s\u00f6yleyen grup &hellip;<\/p>\n","protected":false},"author":1,"featured_media":29996,"comment_status":"closed","ping_status":"open","sticky":false,"template":"","format":"standard","meta":{"footnotes":""},"categories":[92,91],"tags":[5350,1218,407,3068,1088],"class_list":["post-29995","post","type-post","status-publish","format-standard","has-post-thumbnail","","category-dunya","category-haberler","tag-dublin","tag-irlanda","tag-islam","tag-musluman","tag-ramazan"],"_links":{"self":[{"href":"http:\/\/www.gzone.com.tr\/index.php\/wp-json\/wp\/v2\/posts\/29995","targetHints":{"allow":["GET"]}}],"collection":[{"href":"http:\/\/www.gzone.com.tr\/index.php\/wp-json\/wp\/v2\/posts"}],"about":[{"href":"http:\/\/www.gzone.com.tr\/index.php\/wp-json\/wp\/v2\/types\/post"}],"author":[{"embeddable":true,"href":"http:\/\/www.gzone.com.tr\/index.php\/wp-json\/wp\/v2\/users\/1"}],"replies":[{"embeddable":true,"href":"http:\/\/www.gzone.com.tr\/index.php\/wp-json\/wp\/v2\/comments?post=29995"}],"version-history":[{"count":0,"href":"http:\/\/www.gzone.com.tr\/index.php\/wp-json\/wp\/v2\/posts\/29995\/revisions"}],"wp:featuredmedia":[{"embeddable":true,"href":"http:\/\/www.gzone.com.tr\/index.php\/wp-json\/wp\/v2\/media\/29996"}],"wp:attachment":[{"href":"http:\/\/www.gzone.com.tr\/index.php\/wp-json\/wp\/v2\/media?parent=29995"}],"wp:term":[{"taxonomy":"category","embeddable":true,"href":"http:\/\/www.gzone.com.tr\/index.php\/wp-json\/wp\/v2\/categories?post=29995"},{"taxonomy":"post_tag","embeddable":true,"href":"http:\/\/www.gzone.com.tr\/index.php\/wp-json\/wp\/v2\/tags?post=29995"}],"curies":[{"name":"wp","href":"https:\/\/api.w.org\/{rel}","templated":true}]}}