{"id":29983,"date":"2016-07-02T08:40:52","date_gmt":"2016-07-02T05:40:52","guid":{"rendered":"http:\/\/gzone.com.tr\/?p=29983"},"modified":"2016-07-02T08:40:52","modified_gmt":"2016-07-02T05:40:52","slug":"galeri-unlu-fotograf-dergisi-elska-istanbulun-seksi-erkeklerine-yer-verdi","status":"publish","type":"post","link":"http:\/\/www.gzone.com.tr\/index.php\/2016\/07\/02\/galeri-unlu-fotograf-dergisi-elska-istanbulun-seksi-erkeklerine-yer-verdi\/","title":{"rendered":"GALER\u0130: \u00dcNL\u00dc FOTO\u011eRAF DERG\u0130S\u0130 ELSKA \u0130STANBUL&#8217;UN SEKS\u0130 ERKEKLER\u0130NE YER VERD\u0130"},"content":{"rendered":"<p>D\u00fcnyan\u0131n \u00e7e\u015fitli b\u00f6lgelerini dola\u015farak, her say\u0131s\u0131nda belli bir \u015fehrin erkeklerini do\u011fal foto\u011fraflar\u0131yla mercek alt\u0131na alan Elska Magazine Temmuz ay\u0131nda \u015fehir olarak \u0130stanbul&#8217;u se\u00e7ti ve bu \u015fehirde ya\u015fayan 11 erke\u011fe (ve bir \u00e7ifte) yer verdi.<\/p>\n<p>Derginin sahibi ve edit\u00f6r\u00fc Liam Campbell, GZone&#8217;un da te\u015fvik ve deste\u011fiyle b\u00f6yle bir say\u0131 haz\u0131rlamaya ba\u015flamadan \u00f6nce baz\u0131 endi\u015feleri oldu\u011funu dile getiriyor. \u00c7o\u011funlu\u011fu m\u00fcsl\u00fcman olan bir \u00fclkede ona poz vermek isteyen erkeklerin \u00e7oklu\u011fu kar\u015f\u0131s\u0131nda \u015fa\u015fk\u0131nl\u0131k ya\u015fayan Campbell, M\u00fcsl\u00fcman LGBT d\u00fcnyas\u0131n\u0131n ba\u015fkenti olan \u0130stanbul&#8217;daki \u00e7ekimlerin onu \u00e7ok memnun etti\u011fini belirtiyor.<\/p>\n<p>Derginin bu say\u0131s\u0131nda GZone dergi ekibinden Can Ate\u015fsa\u00e7an, Ekin Keser ve hayat arkada\u015f\u0131 Emrullah T\u00fcz\u00fcn de yer al\u0131yor.<\/p>\n<p>O \u015fehrin erkeklerini en do\u011fal halleriyle ve ya\u015fayan bu \u015fehri dola\u015f\u0131rken g\u00f6r\u00fcnt\u00fcleyen derginin alt\u0131nc\u0131 say\u0131s\u0131 olan &#8220;\u0130stanbul&#8221; \u00f6zel say\u0131s\u0131 hem dijital hem de bas\u0131l\u0131 kopya olarak derginin <span style=\"color: #ff0000;\"><em><strong><a style=\"color: #ff0000;\" href=\"http:\/\/www.elskamagazine.com\/\" target=\"_blank\">web sitesinden<\/a><\/strong><\/em> <\/span>sat\u0131n al\u0131nabilir. 156 sayfal\u0131k bu dergi mobil cihazlardan da rahatl\u0131kla okunabiliyor.<\/p>\n<p>\u0130\u015fte derginin \u0130stanbul say\u0131s\u0131ndan baz\u0131 foto\u011fraflar:<\/p>\n<p><img loading=\"lazy\" decoding=\"async\" class=\"alignnone\" src=\"https:\/\/s31.postimg.org\/c71mfqkkr\/cover_elska06_med.jpg\" alt=\"\" width=\"562\" height=\"800\" \/><\/p>\n<p><img loading=\"lazy\" decoding=\"async\" class=\"alignnone\" src=\"https:\/\/s32.postimg.org\/7z3o2vihx\/elska_06_istanbul_Can_A_2.jpg\" alt=\"\" width=\"800\" height=\"571\" \/><\/p>\n<p><img loading=\"lazy\" decoding=\"async\" class=\"alignnone\" src=\"https:\/\/s32.postimg.org\/z3ejn4eud\/elska_06_istanbul_Efe_B_2.jpg\" alt=\"\" width=\"571\" height=\"800\" \/><\/p>\n<p><img loading=\"lazy\" decoding=\"async\" class=\"alignnone\" src=\"https:\/\/s32.postimg.org\/bqe7fcoid\/elska_06_istanbul_Ekin_KEmrullah_T_2.jpg\" alt=\"\" width=\"800\" height=\"571\" \/><\/p>\n<p><img loading=\"lazy\" decoding=\"async\" class=\"alignnone\" src=\"https:\/\/s32.postimg.org\/qaxzv1did\/elska_06_istanbul_Furkan_Y_1.jpg\" alt=\"\" width=\"800\" height=\"571\" \/><\/p>\n<p><img loading=\"lazy\" decoding=\"async\" class=\"alignnone\" src=\"https:\/\/s31.postimg.org\/sko737ymz\/elska_06_istanbul_Hakan_T_2.jpg\" alt=\"\" width=\"571\" height=\"800\" \/><\/p>\n<p><img loading=\"lazy\" decoding=\"async\" class=\"alignnone\" src=\"https:\/\/s31.postimg.org\/7i2gx5fnv\/elska_06_istanbul_Yuchi_P_3.jpg\" alt=\"\" width=\"571\" height=\"800\" \/><\/p>\n","protected":false},"excerpt":{"rendered":"<p>D\u00fcnyan\u0131n \u00e7e\u015fitli b\u00f6lgelerini dola\u015farak, her say\u0131s\u0131nda belli bir \u015fehrin erkeklerini do\u011fal foto\u011fraflar\u0131yla mercek alt\u0131na alan Elska Magazine Temmuz ay\u0131nda \u015fehir olarak \u0130stanbul&#8217;u se\u00e7ti ve bu \u015fehirde ya\u015fayan 11 erke\u011fe (ve bir \u00e7ifte) yer verdi. Derginin sahibi ve edit\u00f6r\u00fc Liam Campbell, GZone&#8217;un da te\u015fvik ve deste\u011fiyle b\u00f6yle bir say\u0131 haz\u0131rlamaya ba\u015flamadan \u00f6nce baz\u0131 endi\u015feleri oldu\u011funu dile &hellip;<\/p>\n","protected":false},"author":1,"featured_media":29984,"comment_status":"closed","ping_status":"open","sticky":false,"template":"","format":"standard","meta":{"footnotes":""},"categories":[2369],"tags":[3840,4020,4520,218,529],"class_list":["post-29983","post","type-post","status-publish","format-standard","has-post-thumbnail","","category-erkekler","tag-can-atessacan","tag-ekin-keser","tag-elska-magazine","tag-erkekler","tag-turkiye-2"],"_links":{"self":[{"href":"http:\/\/www.gzone.com.tr\/index.php\/wp-json\/wp\/v2\/posts\/29983","targetHints":{"allow":["GET"]}}],"collection":[{"href":"http:\/\/www.gzone.com.tr\/index.php\/wp-json\/wp\/v2\/posts"}],"about":[{"href":"http:\/\/www.gzone.com.tr\/index.php\/wp-json\/wp\/v2\/types\/post"}],"author":[{"embeddable":true,"href":"http:\/\/www.gzone.com.tr\/index.php\/wp-json\/wp\/v2\/users\/1"}],"replies":[{"embeddable":true,"href":"http:\/\/www.gzone.com.tr\/index.php\/wp-json\/wp\/v2\/comments?post=29983"}],"version-history":[{"count":0,"href":"http:\/\/www.gzone.com.tr\/index.php\/wp-json\/wp\/v2\/posts\/29983\/revisions"}],"wp:featuredmedia":[{"embeddable":true,"href":"http:\/\/www.gzone.com.tr\/index.php\/wp-json\/wp\/v2\/media\/29984"}],"wp:attachment":[{"href":"http:\/\/www.gzone.com.tr\/index.php\/wp-json\/wp\/v2\/media?parent=29983"}],"wp:term":[{"taxonomy":"category","embeddable":true,"href":"http:\/\/www.gzone.com.tr\/index.php\/wp-json\/wp\/v2\/categories?post=29983"},{"taxonomy":"post_tag","embeddable":true,"href":"http:\/\/www.gzone.com.tr\/index.php\/wp-json\/wp\/v2\/tags?post=29983"}],"curies":[{"name":"wp","href":"https:\/\/api.w.org\/{rel}","templated":true}]}}