{"id":29847,"date":"2016-06-29T10:13:30","date_gmt":"2016-06-29T07:13:30","guid":{"rendered":"http:\/\/gzone.com.tr\/?p=29847"},"modified":"2016-06-29T10:13:30","modified_gmt":"2016-06-29T07:13:30","slug":"peki-havalimanindaki-ucuslar-ne-oldu-iste-ertelenen-ve-iptal-edilen-ucuslar","status":"publish","type":"post","link":"http:\/\/www.gzone.com.tr\/index.php\/2016\/06\/29\/peki-havalimanindaki-ucuslar-ne-oldu-iste-ertelenen-ve-iptal-edilen-ucuslar\/","title":{"rendered":"PEK\u0130 HAVAL\u0130MANINDAK\u0130 U\u00c7U\u015eLAR NE OLDU? \u0130\u015eTE ERTELENEN VE \u0130PTAL ED\u0130LEN U\u00c7U\u015eLAR"},"content":{"rendered":"<p><strong>\u0130stanbul Atat\u00fcrk Havaliman\u0131 D\u0131\u015f Hatlar Terminali\u2019nde d\u00fcn ak\u015fam meydana gelen sald\u0131r\u0131da en az 36 ki\u015fi hayat\u0131n\u0131 kaybetti, 147\u2019den fazla da yaral\u0131 var.<\/strong><\/p>\n<p><strong><a style=\"color: #ff0000;\" href=\"http:\/\/gzone.com.tr\/istanbul-ataturk-havalimanina-teror-saldirisi\/\">Havaliman\u0131 sald\u0131r\u0131s\u0131yla ilgili detayl\u0131 haberimiz i\u00e7in buraya t\u0131klay\u0131n&#8230;<\/a><\/strong><\/p>\n<p>Havaliman\u0131 sald\u0131r\u0131s\u0131ndan sonra yakla\u015f\u0131k 5 saat kapal\u0131 kalan havaliman\u0131, sabah saatlerinde normal i\u015fleyi\u015fine geri d\u00f6nmeye ba\u015flad\u0131.\u00a0\u0130stanbul Atat\u00fcrk Havaliman\u0131&#8217;n\u0131n internet sayfas\u0131nda yer alan u\u00e7u\u015f bilgileri, bu sabah \u0130stanbul&#8217;dan kalkmas\u0131 planlanan bir\u00e7ok u\u00e7u\u015fun iptal edildi\u011fini ya da gecikmeli olarak kalkaca\u011f\u0131n\u0131 g\u00f6steriyor.<\/p>\n<p><span style=\"color: #ff0000;\"><strong><a style=\"color: #ff0000;\" href=\"http:\/\/www.ataturkairport.com\/ist_flights_dom_arr.html\" target=\"_blank\">\u0130\u00e7 hatlar geli\u015f u\u00e7u\u015flar\u0131 hakk\u0131nda bilgi almak i\u00e7in buraya t\u0131klay\u0131n&#8230;<\/a><\/strong><\/span><\/p>\n<p><span style=\"color: #ff0000;\"><strong><a style=\"color: #ff0000;\" href=\"http:\/\/www.ataturkairport.com\/ist_flights_dom_dep.html\" target=\"_blank\">\u0130\u00e7 hatlar gidi\u015f u\u00e7u\u015flar\u0131 hakk\u0131nda bilgi almak i\u00e7in buraya t\u0131klay\u0131n&#8230;<\/a><\/strong><\/span><\/p>\n<p><span style=\"color: #ff0000;\"><strong><a style=\"color: #ff0000;\" href=\"http:\/\/www.ataturkairport.com\/ist_flights_int_arr.html\" target=\"_blank\">D\u0131\u015f hatlar geli\u015f u\u00e7u\u015flar\u0131 hakk\u0131nda bilgi almak i\u00e7in buraya t\u0131klay\u0131n&#8230;<\/a><\/strong><\/span><\/p>\n<p><span style=\"color: #ff0000;\"><strong><a style=\"color: #ff0000;\" href=\"http:\/\/www.ataturkairport.com\/ist_flights_int_dep.html\" target=\"_blank\">D\u0131\u015f hatlar gidi\u015f u\u00e7u\u015flar\u0131 hakk\u0131nda bilgi almak i\u00e7in buraya t\u0131klay\u0131n&#8230;.<\/a><\/strong><\/span><\/p>\n<p>Bu sabah \u0130stanbul&#8217;a inmesi planlanan u\u00e7aklar\u0131n tamam\u0131na yak\u0131n\u0131n\u0131n ise iptal edildi\u011fi g\u00f6r\u00fcl\u00fcyor.<\/p>\n<p>Amerikan Federal Havac\u0131l\u0131k \u0130daresi ise (FAA), sald\u0131r\u0131n\u0131n ard\u0131ndan Atat\u00fcrk Havaliman\u0131&#8217;ndaki bombal\u0131 sald\u0131r\u0131lar\u0131n ard\u0131ndan ABD ile \u0130stanbul aras\u0131ndaki t\u00fcm u\u00e7u\u015flar\u0131n durduruldu\u011funu duyurdu. Birka\u00e7 saat s\u00fcren u\u00e7u\u015f yasa\u011f\u0131 sabah saatlerine do\u011fru kald\u0131r\u0131ld\u0131.<\/p>\n<p>&nbsp;<\/p>\n<p>&nbsp;<\/p>\n","protected":false},"excerpt":{"rendered":"<p>\u0130stanbul Atat\u00fcrk Havaliman\u0131 D\u0131\u015f Hatlar Terminali\u2019nde d\u00fcn ak\u015fam meydana gelen sald\u0131r\u0131da en az 36 ki\u015fi hayat\u0131n\u0131 kaybetti, 147\u2019den fazla da yaral\u0131 var. Havaliman\u0131 sald\u0131r\u0131s\u0131yla ilgili detayl\u0131 haberimiz i\u00e7in buraya t\u0131klay\u0131n&#8230; Havaliman\u0131 sald\u0131r\u0131s\u0131ndan sonra yakla\u015f\u0131k 5 saat kapal\u0131 kalan havaliman\u0131, sabah saatlerinde normal i\u015fleyi\u015fine geri d\u00f6nmeye ba\u015flad\u0131.\u00a0\u0130stanbul Atat\u00fcrk Havaliman\u0131&#8217;n\u0131n internet sayfas\u0131nda yer alan u\u00e7u\u015f bilgileri, bu &hellip;<\/p>\n","protected":false},"author":1,"featured_media":29848,"comment_status":"closed","ping_status":"open","sticky":false,"template":"","format":"standard","meta":{"footnotes":""},"categories":[91,96],"tags":[112,5307,397,379,2357,529,527],"class_list":["post-29847","post","type-post","status-publish","format-standard","has-post-thumbnail","","category-haberler","category-turkiye","tag-haberler-2","tag-havalimani","tag-istanbul-2","tag-saldiri","tag-teror","tag-turkiye-2","tag-ucak"],"_links":{"self":[{"href":"http:\/\/www.gzone.com.tr\/index.php\/wp-json\/wp\/v2\/posts\/29847","targetHints":{"allow":["GET"]}}],"collection":[{"href":"http:\/\/www.gzone.com.tr\/index.php\/wp-json\/wp\/v2\/posts"}],"about":[{"href":"http:\/\/www.gzone.com.tr\/index.php\/wp-json\/wp\/v2\/types\/post"}],"author":[{"embeddable":true,"href":"http:\/\/www.gzone.com.tr\/index.php\/wp-json\/wp\/v2\/users\/1"}],"replies":[{"embeddable":true,"href":"http:\/\/www.gzone.com.tr\/index.php\/wp-json\/wp\/v2\/comments?post=29847"}],"version-history":[{"count":0,"href":"http:\/\/www.gzone.com.tr\/index.php\/wp-json\/wp\/v2\/posts\/29847\/revisions"}],"wp:featuredmedia":[{"embeddable":true,"href":"http:\/\/www.gzone.com.tr\/index.php\/wp-json\/wp\/v2\/media\/29848"}],"wp:attachment":[{"href":"http:\/\/www.gzone.com.tr\/index.php\/wp-json\/wp\/v2\/media?parent=29847"}],"wp:term":[{"taxonomy":"category","embeddable":true,"href":"http:\/\/www.gzone.com.tr\/index.php\/wp-json\/wp\/v2\/categories?post=29847"},{"taxonomy":"post_tag","embeddable":true,"href":"http:\/\/www.gzone.com.tr\/index.php\/wp-json\/wp\/v2\/tags?post=29847"}],"curies":[{"name":"wp","href":"https:\/\/api.w.org\/{rel}","templated":true}]}}