{"id":29809,"date":"2016-06-28T09:09:36","date_gmt":"2016-06-28T06:09:36","guid":{"rendered":"http:\/\/gzone.com.tr\/?p=29809"},"modified":"2016-06-28T09:09:36","modified_gmt":"2016-06-28T06:09:36","slug":"appledan-lgbti-calisanlarina-ozel-gokkusagi-renklerinde-apple-watch-kayisi","status":"publish","type":"post","link":"http:\/\/www.gzone.com.tr\/index.php\/2016\/06\/28\/appledan-lgbti-calisanlarina-ozel-gokkusagi-renklerinde-apple-watch-kayisi\/","title":{"rendered":"APPLE&#8217;DAN LGBT\u0130 \u00c7ALI\u015eANLARINA \u00d6ZEL G\u00d6KKU\u015eA\u011eI RENKLER\u0130NDE APPLE WATCH KAYI\u015eI"},"content":{"rendered":"<p>E\u015fcinsel haklar\u0131n\u0131 savunmak amac\u0131yla her y\u0131l d\u00fczenlenen Onur Y\u00fcr\u00fc\u015fleri bu y\u0131l da Haziran ay\u0131n\u0131n sonlar\u0131nda d\u00fcnya \u00e7ap\u0131nda ger\u00e7ekle\u015ftiriliyor. Ge\u00e7ti\u011fimiz y\u0131llardaki y\u00fcr\u00fcy\u00fc\u015flerde de yer alan Apple, bu y\u0131lki <strong>San Francisco Onur Y\u00fcr\u00fcy\u00fc\u015f\u00fc<\/strong>\u2019ne de kurumsal olarak destek verdi. Geni\u015f bir \u00e7al\u0131\u015fan kitlesiyle y\u00fcr\u00fcy\u00fc\u015fe kat\u0131lan <strong>Apple<\/strong>\u2019\u0131n bu y\u0131lki s\u00fcrprizi ise g\u00fcn\u00fcn anlam\u0131na \u00f6zel <strong>Apple Watch<\/strong> kay\u0131\u015flar\u0131 oldu.<\/p>\n<h3 class=\"article-content-title red\"><span class=\"box\">\u00a0<\/span><span class=\"text\">Suya dayan\u0131kl\u0131l\u0131kta s\u0131n\u0131rlar\u0131 zorluyor!<\/span><\/h3>\n<p><strong>LGBT <\/strong>bayra\u011f\u0131 ve sembol\u00fc olan g\u00f6kku\u015fa\u011f\u0131 \u015feklinde \u00f6zel kay\u0131\u015flara sahip <strong>Apple Watch<\/strong>\u2019lar ile y\u00fcr\u00fcy\u00fc\u015fe kat\u0131lan Apple \u00e7al\u0131\u015fanlar\u0131na \u015firket CEO\u2019su Tim Cook da e\u015flik etti. Bilindi\u011fi gibi <strong>Apple CEO<\/strong>\u2019su <strong>Tim Cook<\/strong> da e\u015fcinsel kimli\u011fini saklamayan \u00fcnl\u00fcler aras\u0131nda. Teknoloji ve i\u015f d\u00fcnyas\u0131nda <strong>Tim Cook<\/strong>\u2019un e\u015fcinsel kimli\u011fi biliniyor. Kendisi de bununla gurur duydu\u011funu \u00f6nceki a\u00e7\u0131klamalar\u0131nda belirtmi\u015fti.<\/p>\n<p><img loading=\"lazy\" decoding=\"async\" class=\"alignnone\" src=\"https:\/\/s31.postimg.org\/85o5xsmsr\/appleonur.jpg\" alt=\"\" width=\"580\" height=\"330\" \/><\/p>\n<h3 class=\"article-content-title red\"><span class=\"text\">Y\u00fcr\u00fcy\u00fc\u015fe \u00d6zel Apple Watch Kay\u0131\u015f\u0131<\/span><\/h3>\n<p><strong>Apple<\/strong>\u2019\u0131n <strong>Onur Y\u00fcr\u00fcy\u00fc\u015f\u00fc<\/strong>\u2019ne \u00f6zel haz\u0131rlad\u0131\u011f\u0131 g\u00f6kku\u015fa\u011f\u0131 \u015feklindeki <strong>Apple Watch<\/strong> kay\u0131\u015flar\u0131n\u0131n sat\u0131\u015fa \u00e7\u0131k\u0131p \u00e7\u0131kmayaca\u011f\u0131 tam olarak bilinmiyor. <em>9to5mac <\/em>sitesinin verdi\u011fi bilgilere g\u00f6re bu kay\u0131\u015flar g\u00fcne \u00f6zel olarak tasarlanm\u0131\u015f \u00f6zel bir seri. Bu nedenle Apple ma\u011fazalar\u0131nda ya da online sitede sat\u0131\u015f\u0131 ger\u00e7ekle\u015ftirilmeyecek. Buna ra\u011fmen, e\u011fer e\u015fcinsel bireylerden yo\u011fun talep gelmesi durumunda belki\u00a0<strong>Apple <\/strong>fikrini de\u011fi\u015ftirebilir. <strong>Apple<\/strong>\u2019\u0131n 90\u2019l\u0131 y\u0131llardaki logosunun da g\u00f6kku\u015fa\u011f\u0131 renklerine sahip oldu\u011funu unutmadan hat\u0131rlatal\u0131m.<\/p>\n<p>Kaynak:Webtekno<\/p>\n","protected":false},"excerpt":{"rendered":"<p>E\u015fcinsel haklar\u0131n\u0131 savunmak amac\u0131yla her y\u0131l d\u00fczenlenen Onur Y\u00fcr\u00fc\u015fleri bu y\u0131l da Haziran ay\u0131n\u0131n sonlar\u0131nda d\u00fcnya \u00e7ap\u0131nda ger\u00e7ekle\u015ftiriliyor. Ge\u00e7ti\u011fimiz y\u0131llardaki y\u00fcr\u00fcy\u00fc\u015flerde de yer alan Apple, bu y\u0131lki San Francisco Onur Y\u00fcr\u00fcy\u00fc\u015f\u00fc\u2019ne de kurumsal olarak destek verdi. Geni\u015f bir \u00e7al\u0131\u015fan kitlesiyle y\u00fcr\u00fcy\u00fc\u015fe kat\u0131lan Apple\u2019\u0131n bu y\u0131lki s\u00fcrprizi ise g\u00fcn\u00fcn anlam\u0131na \u00f6zel Apple Watch kay\u0131\u015flar\u0131 oldu. \u00a0Suya &hellip;<\/p>\n","protected":false},"author":1,"featured_media":29810,"comment_status":"closed","ping_status":"open","sticky":false,"template":"","format":"standard","meta":{"footnotes":""},"categories":[92,91],"tags":[1910,113,112,172],"class_list":["post-29809","post","type-post","status-publish","format-standard","has-post-thumbnail","","category-dunya","category-haberler","tag-apple-watch","tag-dunya-2","tag-haberler-2","tag-teknoloji-2"],"_links":{"self":[{"href":"http:\/\/www.gzone.com.tr\/index.php\/wp-json\/wp\/v2\/posts\/29809","targetHints":{"allow":["GET"]}}],"collection":[{"href":"http:\/\/www.gzone.com.tr\/index.php\/wp-json\/wp\/v2\/posts"}],"about":[{"href":"http:\/\/www.gzone.com.tr\/index.php\/wp-json\/wp\/v2\/types\/post"}],"author":[{"embeddable":true,"href":"http:\/\/www.gzone.com.tr\/index.php\/wp-json\/wp\/v2\/users\/1"}],"replies":[{"embeddable":true,"href":"http:\/\/www.gzone.com.tr\/index.php\/wp-json\/wp\/v2\/comments?post=29809"}],"version-history":[{"count":0,"href":"http:\/\/www.gzone.com.tr\/index.php\/wp-json\/wp\/v2\/posts\/29809\/revisions"}],"wp:featuredmedia":[{"embeddable":true,"href":"http:\/\/www.gzone.com.tr\/index.php\/wp-json\/wp\/v2\/media\/29810"}],"wp:attachment":[{"href":"http:\/\/www.gzone.com.tr\/index.php\/wp-json\/wp\/v2\/media?parent=29809"}],"wp:term":[{"taxonomy":"category","embeddable":true,"href":"http:\/\/www.gzone.com.tr\/index.php\/wp-json\/wp\/v2\/categories?post=29809"},{"taxonomy":"post_tag","embeddable":true,"href":"http:\/\/www.gzone.com.tr\/index.php\/wp-json\/wp\/v2\/tags?post=29809"}],"curies":[{"name":"wp","href":"https:\/\/api.w.org\/{rel}","templated":true}]}}