{"id":29774,"date":"2016-06-27T11:27:44","date_gmt":"2016-06-27T08:27:44","guid":{"rendered":"http:\/\/gzone.com.tr\/?p=29774"},"modified":"2016-06-27T11:32:05","modified_gmt":"2016-06-27T08:32:05","slug":"yapilamayan-14-lgbti-onur-yuruyusu-bilancosu-29-gozalti","status":"publish","type":"post","link":"http:\/\/www.gzone.com.tr\/index.php\/2016\/06\/27\/yapilamayan-14-lgbti-onur-yuruyusu-bilancosu-29-gozalti\/","title":{"rendered":"YAPILAMAYAN 14. LGBT\u0130+ ONUR Y\u00dcR\u00dcY\u00dc\u015e\u00dc B\u0130LAN\u00c7OSU: 29 G\u00d6ZALTI"},"content":{"rendered":"<p><em>LGBT\u0130+ Onur Haftas\u0131 Ekibi, d\u00fcn (26 Haziran 2016) ya\u015fanan olaylarla ilgili a\u00e7\u0131klama yapt\u0131. Grup, 29 ki\u015finin g\u00f6zalt\u0131na al\u0131nd\u0131\u011f\u0131n\u0131 bildirdi. \u0130\u015fte bu a\u00e7\u0131klama:<\/em><\/p>\n<p>\u0130stanbul Valili\u011fi&#8217;nin 19 Haziran\u2019daki Trans Onur Y\u00fcr\u00fcy\u00fc\u015f\u00fc ile \u0130stanbul LGBT\u0130+ Onur Y\u00fcr\u00fcy\u00fc\u015f\u00fc ve bas\u0131n a\u00e7\u0131klamas\u0131n\u0131 engelleme karar\u0131na kar\u015f\u0131, 26 Haziran Pazar g\u00fcn\u00fc \u0130stiklal Caddesi&#8217;nin her yerine &#8220;da\u011f\u0131ld\u0131k&#8221;. Bas\u0131n a\u00e7\u0131klamam\u0131z bir\u00e7ok sokakta okundu, g\u00f6kku\u015fa\u011f\u0131 bayraklar\u0131m\u0131z binalara as\u0131ld\u0131, sokaklarda dalgaland\u0131. Bas\u0131n a\u00e7\u0131klamam\u0131z\u0131 okuyanlar aras\u0131nda Avrupa Parlementosu \u00fcyesi Terri Reintke de vard\u0131.<\/p>\n<p>Polis, zaman zaman \u0130stiklal Caddesi&#8217;nin \u00e7e\u015fitli k\u00f6\u015felerinde da\u011f\u0131lan arkada\u015flar\u0131m\u0131za gazla m\u00fcdahale etti ve 29 ki\u015fiyi g\u00f6zalt\u0131na ald\u0131. G\u00f6zalt\u0131na al\u0131nan t\u00fcm arkada\u015flar\u0131m\u0131z serbest b\u0131rak\u0131ld\u0131.<\/p>\n<p>G\u00fcn boyunca okunan bas\u0131n a\u00e7\u0131klamam\u0131zdan g\u00f6r\u00fcnt\u00fclere\u00a0<a href=\"http:\/\/www.facebook.com\/prideistanbul\" target=\"_blank\">BURADAN<\/a>\u00a0ula\u015fabilirsiniz.<\/p>\n<p><span style=\"color: #ff0000;\"><strong><a style=\"color: #ff0000;\" href=\"http:\/\/gzone.com.tr\/galeri-yasaklanan-istanbul-onur-yuruyusune-inat-dagiliyoruz-tum-sehir-gokkusagina-burunuyor\/\">FOTO GALER\u0130:\u00a0YASAKLANAN \u0130STANBUL ONUR Y\u00dcR\u00dcY\u00dc\u015e\u00dcNE \u0130NAT #DA\u011eILIYORUZ! T\u00dcM \u015eEH\u0130R G\u00d6KKU\u015eA\u011eINA B\u00dcR\u00dcN\u00dcYOR<\/a> <\/strong>i\u00e7in<strong> <a style=\"color: #ff0000;\" href=\"http:\/\/gzone.com.tr\/galeri-yasaklanan-istanbul-onur-yuruyusune-inat-dagiliyoruz-tum-sehir-gokkusagina-burunuyor\/\">TIKLAYIN<\/a><\/strong><\/span><\/p>\n<p>&nbsp;<\/p>\n<p>Bas\u0131n a\u00e7\u0131klamam\u0131z:<\/p>\n<p>Oldu\u011fun, \u00f6rg\u00fctlendi\u011fin her yerde ses \u00e7\u0131kar ba\u011f\u0131r \u00e7a\u011f\u0131r!\u00a0<a class=\"daria-goto-anchor\" href=\"http:\/\/mailcookie.com\/l\/daWjn7OTLD9pudEX892q8923xA\/jdL763YGrNqKtX5Co2Z1gctg\/7Ny49X4vZxANSmy38929bcqw\" target=\"_blank\" rel=\"noopener noreferrer\" data-saferedirecturl=\"https:\/\/www.google.com\/url?hl=en&amp;q=http:\/\/mailcookie.com\/l\/6FyJKrk61SVhAN1LxgcGPg\/DHctlW5KsXE3uq0S7ixLsA\/Y1TttMCet1U8qJUFq3ULKg&amp;source=gmail&amp;ust=1467093558597000&amp;usg=AFQjCNEFvG3yAVjZUNOCwxPICU_rCrgjgQ\" data-vdir-href=\"https:\/\/mail.yandex.com.tr\/re.jsx?uid=1130000013231063&amp;h=a,QQTL7x9RIWIjmi1JYyPCsw&amp;l=aHR0cDovL21haWxjb29raWUuY29tL2wvZGFXam43T1RMRDlwdWRFWDg5MnE4OTIzeEEvamRMNzYzWUdyTnFLdFg1Q28yWjFnY3RnLzdOeTQ5WDR2WnhBTlNteTM4OTI5YmNxdw\" data-orig-href=\"http:\/\/mailcookie.com\/l\/daWjn7OTLD9pudEX892q8923xA\/jdL763YGrNqKtX5Co2Z1gctg\/7Ny49X4vZxANSmy38929bcqw\">\u202a#\u200eda\u011f\u0131l\u0131yoruz\u202c<\/a><\/p>\n<p>Bug\u00fcn bu bas\u0131n a\u00e7\u0131klamas\u0131n\u0131 okumam\u0131z\u0131n sebebi, 14. LGBT\u0130+ Onur Y\u00fcr\u00fcy\u00fc\u015f\u00fc\u2019n\u00fcn yasaklanmas\u0131d\u0131r.<\/p>\n<p>Onur Y\u00fcr\u00fcy\u00fc\u015flerimiz, bu \u00fclkenin \u015fahit oldu\u011fu b\u00fcy\u00fck, \u00e7ok sesli ve kitlesel eylemlerden biridir. Bizler y\u00fcr\u00fcy\u00fc\u015flerimizde, d\u00fcnya tarihinde bizim pay\u0131m\u0131za d\u00fc\u015fen bu karanl\u0131k zamana a\u015fk\u0131m\u0131z ve arzumuzla kafa tutar\u0131z. El konulan eme\u011fimizin hesab\u0131n\u0131 sorar, kaderimizi ba\u015fkalar\u0131n\u0131n elinden al\u0131r, gelece\u011fimizi tahayy\u00fcl ederiz. Sava\u015fa kar\u015f\u0131 bar\u0131\u015f\u0131, korkuya kar\u015f\u0131 cesareti, zulme kar\u015f\u0131 t\u00fcm ezilenleri savunuruz; ba\u015fka bir d\u00fcnyan\u0131n, cinselli\u011fin, bedenin, hayat\u0131n m\u00fcmk\u00fcn oldu\u011funu g\u00f6steririz. Y\u00fcr\u00fcy\u00fc\u015f\u00fcm\u00fcz\u00fc engelleyenler, bize \u201ctoplumun hassasiyetleri\u201dni mazeret g\u00f6stermi\u015ftir. Oysa g\u00f6zetilen toplumun de\u011fil, iktidar\u0131n hassasiyetleridir. Toplum bizden ba\u015fkas\u0131 de\u011fildir. Yasaklanan, bizim, bu d\u00fcnyan\u0131n onurlu insanlar\u0131n\u0131n varolu\u015funu, taleplerini, bar\u0131\u015fa, adalete ve e\u015fitli\u011fe dair \u00f6zlemlerini duyurma \u00e7abas\u0131d\u0131r. Y\u00fcr\u00fcy\u00fc\u015f\u00fcm\u00fcz\u00fcn yasaklanmas\u0131, sesimizin duyulmas\u0131n\u0131 engellemek i\u00e7in yap\u0131lan ba\u015far\u0131s\u0131z bir \u00e7abad\u0131r.<\/p>\n<p>Ba\u015far\u0131s\u0131z, \u00e7\u00fcnk\u00fc varolu\u015fumuzun bize verdi\u011fi onur, g\u00f6rd\u00fc\u011f\u00fcm\u00fcz bask\u0131yla b\u00fcy\u00fcyor. Bizi incitmek i\u00e7in ettikleri hakaretleri biz gururla sahipleniyoruz. Sahip oldu\u011fumuz s\u0131n\u0131rl\u0131 alanlar\u0131 dayan\u0131\u015fmayla b\u00fcy\u00fct\u00fcyoruz. Bizler y\u00fcr\u00fcd\u00fc\u011f\u00fcm\u00fcz her sokakta, emek verdi\u011fimiz her mesai g\u00fcn\u00fcnde, her evde, ya\u015fad\u0131\u011f\u0131m\u0131z her a\u015fkta ve her sevi\u015fmede bir devrim ger\u00e7ekle\u015ftiriyoruz. \u0130stanbul\u2019da, Ankara\u2019da, \u0130zmir\u2019de, Antep\u2019te, Amed\u2019de, Meksika\u2019da, Banglade\u015f\u2019te, Orlando\u2019da \u00f6ld\u00fcr\u00fcl\u00fcyor ve tekrar do\u011fuyoruz. Biz hep varolacak, varolu\u015fumuzu hep hayk\u0131racak ve varolu\u015fumuzdan hep onur duyaca\u011f\u0131z.<\/p>\n<p>Bug\u00fcn y\u00fcr\u00fcyemiyoruz, ancak asl\u0131nda y\u00fcr\u00fcmeye daha yeni ba\u015flad\u0131k. Att\u0131\u011f\u0131m\u0131z sloganlar\u0131n sesi kula\u011f\u0131m\u0131zda, g\u00f6kku\u015fa\u011f\u0131n\u0131n renkleri bizimle ve \u00f6zg\u00fcrl\u00fc\u011f\u00fcn kokusu burnumuzda. Ho\u015fg\u00f6r\u00fcden, tahamm\u00fclden, izinlerden daha fazlas\u0131n\u0131 istemek i\u00e7in yola \u00e7\u0131kt\u0131k. Ki\u015fisel siyasal ve sosyal haklar\u0131m\u0131z\u0131n g\u00fcvence alt\u0131na al\u0131nmas\u0131;anayasada cinsel y\u00f6nelim ve cinsiyet kimli\u011finin yer almas\u0131 ve LGBT\u0130+ hareketinin politik bir \u00f6zne oldu\u011fu ger\u00e7e\u011finin tan\u0131nmas\u0131 i\u00e7in m\u00fccadelemizi her an her yerde \u00f6r\u00fcyoruz.<\/p>\n<p>Da\u011f\u0131l\u0131yoruz, daha g\u00fc\u00e7l\u00fcy\u00fcz, daha kalabal\u0131\u011f\u0131z, daha g\u00fcr\u00fclt\u00fcl\u00fcy\u00fcz. Bizden korkmakta hakl\u0131lar, \u00e7\u00fcnk\u00fc \u00f6rg\u00fctleniyoruz, b\u00fcy\u00fcyoruz, y\u00fcr\u00fcyoruz.<\/p>\n<p>Foto\u011fraf: Kaos GL<\/p>\n<p>&nbsp;<\/p>\n","protected":false},"excerpt":{"rendered":"<p>LGBT\u0130+ Onur Haftas\u0131 Ekibi, d\u00fcn (26 Haziran 2016) ya\u015fanan olaylarla ilgili a\u00e7\u0131klama yapt\u0131. Grup, 29 ki\u015finin g\u00f6zalt\u0131na al\u0131nd\u0131\u011f\u0131n\u0131 bildirdi. \u0130\u015fte bu a\u00e7\u0131klama: \u0130stanbul Valili\u011fi&#8217;nin 19 Haziran\u2019daki Trans Onur Y\u00fcr\u00fcy\u00fc\u015f\u00fc ile \u0130stanbul LGBT\u0130+ Onur Y\u00fcr\u00fcy\u00fc\u015f\u00fc ve bas\u0131n a\u00e7\u0131klamas\u0131n\u0131 engelleme karar\u0131na kar\u015f\u0131, 26 Haziran Pazar g\u00fcn\u00fc \u0130stiklal Caddesi&#8217;nin her yerine &#8220;da\u011f\u0131ld\u0131k&#8221;. Bas\u0131n a\u00e7\u0131klamam\u0131z bir\u00e7ok sokakta okundu, g\u00f6kku\u015fa\u011f\u0131 &hellip;<\/p>\n","protected":false},"author":1,"featured_media":29777,"comment_status":"closed","ping_status":"open","sticky":false,"template":"","format":"standard","meta":{"footnotes":""},"categories":[91,96],"tags":[113,112,397,114],"class_list":["post-29774","post","type-post","status-publish","format-standard","has-post-thumbnail","","category-haberler","category-turkiye","tag-dunya-2","tag-haberler-2","tag-istanbul-2","tag-onur-yuruyusu"],"_links":{"self":[{"href":"http:\/\/www.gzone.com.tr\/index.php\/wp-json\/wp\/v2\/posts\/29774","targetHints":{"allow":["GET"]}}],"collection":[{"href":"http:\/\/www.gzone.com.tr\/index.php\/wp-json\/wp\/v2\/posts"}],"about":[{"href":"http:\/\/www.gzone.com.tr\/index.php\/wp-json\/wp\/v2\/types\/post"}],"author":[{"embeddable":true,"href":"http:\/\/www.gzone.com.tr\/index.php\/wp-json\/wp\/v2\/users\/1"}],"replies":[{"embeddable":true,"href":"http:\/\/www.gzone.com.tr\/index.php\/wp-json\/wp\/v2\/comments?post=29774"}],"version-history":[{"count":0,"href":"http:\/\/www.gzone.com.tr\/index.php\/wp-json\/wp\/v2\/posts\/29774\/revisions"}],"wp:featuredmedia":[{"embeddable":true,"href":"http:\/\/www.gzone.com.tr\/index.php\/wp-json\/wp\/v2\/media\/29777"}],"wp:attachment":[{"href":"http:\/\/www.gzone.com.tr\/index.php\/wp-json\/wp\/v2\/media?parent=29774"}],"wp:term":[{"taxonomy":"category","embeddable":true,"href":"http:\/\/www.gzone.com.tr\/index.php\/wp-json\/wp\/v2\/categories?post=29774"},{"taxonomy":"post_tag","embeddable":true,"href":"http:\/\/www.gzone.com.tr\/index.php\/wp-json\/wp\/v2\/tags?post=29774"}],"curies":[{"name":"wp","href":"https:\/\/api.w.org\/{rel}","templated":true}]}}