{"id":29305,"date":"2016-06-17T12:43:31","date_gmt":"2016-06-17T09:43:31","guid":{"rendered":"http:\/\/gzone.com.tr\/?p=29305"},"modified":"2016-06-17T12:43:31","modified_gmt":"2016-06-17T09:43:31","slug":"acik-escinsel-yazar-yigit-karaahmetten-ulkuculere-gulduren-tehdit","status":"publish","type":"post","link":"http:\/\/www.gzone.com.tr\/index.php\/2016\/06\/17\/acik-escinsel-yazar-yigit-karaahmetten-ulkuculere-gulduren-tehdit\/","title":{"rendered":"A\u00c7IK E\u015eC\u0130NSEL YAZAR Y\u0130\u011e\u0130T KARAAHMET&#8217;TEN \u00dcLK\u00dcC\u00dcLERE G\u00dcLD\u00dcREN TEHD\u0130T"},"content":{"rendered":"<p>A\u00e7\u0131k e\u015fcinsel yazar Yi\u011fit Karaahmet, &#8216;LGBT\u0130 Onur Y\u00fcr\u00fcy\u00fc\u015f\u00fc&#8217;n\u00fc yapt\u0131rmayacaklar\u0131n\u0131 s\u00f6yleyen Alperen Ocaklar\u0131&#8217;na Twitter hesab\u0131ndan yan\u0131t vererek\u00a0<strong><em>&#8220;Valla alperenler bizim sabr\u0131m\u0131z\u0131 s\u0131namas\u0131n. Bu zamana kadar yatt\u0131\u011f\u0131m\u0131z \u00fclk\u00fcc\u00fclerin listesini a\u00e7\u0131klarsak insan i\u00e7ine \u00e7\u0131kamazlar&#8221;\u00a0<\/em><\/strong>diye yazd\u0131.<\/p>\n<p>Daha sonra Alperen Ocaklar\u0131 Ba\u015fkan\u0131\u00a0yapt\u0131\u011f\u0131 a\u00e7\u0131klamayla geri ad\u0131m at\u0131nca da\u00a0<em><strong>&#8220;Hah \u015f\u00f6yle yola gelin. Listeyi \u015fimdilik saklad\u0131k bi tanesi&#8221;<\/strong><\/em>\u00a0diye yazd\u0131.<\/p>\n<p>\u0130stanbul&#8217;da LBGT\u0130 bireylerin d\u00fczenleyece\u011fi &#8216;Onur Y\u00fcr\u00fcy\u00fc\u015f\u00fc&#8217;ne izin verilip verilmeyece\u011fi tart\u0131\u015f\u0131l\u0131rken, Alperen Ocaklar\u0131&#8217;ndan tehdit dolu bir itiraz gelmi\u015fti. Alperen Ocaklar\u0131 Ba\u015fkan\u0131 K\u00fcr\u015fat Mican, bas\u0131n toplant\u0131s\u0131 d\u00fczenleyerek o y\u00fcr\u00fcy\u00fc\u015f\u00fc yapt\u0131rmayacaklar\u0131n\u0131, Ramazan ay\u0131nda yar\u0131 \u00e7\u0131plak bir vaziyette d\u00fczenlenecek y\u00fcr\u00fcy\u00fc\u015f\u00fcn dini de\u011ferlere sald\u0131r\u0131 anlam\u0131 ta\u015f\u0131yaca\u011f\u0131n\u0131 s\u00f6yleyerek <strong><em>&#8220;Nush ile uslanmayan\u0131 etmeli tekdir, tekdir ile uslanmayan\u0131n hakk\u0131 k\u00f6tektir.&#8221;<\/em><\/strong> ifadelerini kullanm\u0131\u015ft\u0131.<\/p>\n<p>Ancak bu s\u00f6zlerden sonra yo\u011fun ele\u015ftirilerin hedefi olan K\u00fcr\u015fat Mican, RS FM&#8217;e yapt\u0131\u011f\u0131 a\u00e7\u0131klamada geri ad\u0131m atarak <em><strong>&#8220;Fiili bir m\u00fcdahaleyi kastetmedik&#8221;<\/strong><\/em> demi\u015fti.<\/p>\n<p><strong>L\u0130STEY\u0130 A\u00c7IKLARIZ<\/strong><\/p>\n<p>Alperen Ocaklar\u0131&#8217;n\u0131n tehdidinden sonra Taraf gazetesi eski yazar\u0131, Vogue dergisinde r\u00f6portajlar yapan Yi\u011fit Karaahmet, Twitter hesab\u0131ndan \u015funlar\u0131 yazm\u0131\u015ft\u0131:<\/p>\n<p><strong><em>&#8220;Valla alperenler bizim sabr\u0131m\u0131z\u0131 s\u0131namas\u0131n. bu zamana kadar yatt\u0131\u011f\u0131m\u0131z \u00fclk\u00fcc\u00fclerin listesini a\u00e7\u0131klarsak insan i\u00e7ine \u00e7\u0131kamazlar&#8230; Her lubunyan\u0131n \u00e7eyizinde bir alperen dosyas\u0131 mutlaka vard\u0131r.&#8221;<\/em><\/strong><\/p>\n<p>Alperen Ocaklar\u0131n\u0131n geri ad\u0131m atmas\u0131ndan sonra ise\u00a0<strong><em>&#8220;Hah \u015f\u00f6yle yola gelin. Listeyi \u015fimdilik saklad\u0131k bi tanesi&#8221;<\/em><\/strong>\u00a0diye yazd\u0131.<\/p>\n<p>Hesab\u0131ndaki takip\u00e7i say\u0131s\u0131n\u0131n art\u0131\u015f\u0131na da esprili \u015fekilde g\u00f6nderme yapan Karaahmet, bir takip\u00e7isinin iste\u011fi \u00fczerine IBAN numaras\u0131n\u0131 hesab\u0131nda payla\u015farak takip\u00e7ilerinden ona para yollamas\u0131n\u0131 da istedi.<\/p>\n<p>\u0130\u015fte bu payla\u015f\u0131mlar:<\/p>\n<blockquote class=\"twitter-tweet\" data-lang=\"tr\">\n<p dir=\"ltr\" lang=\"tr\"><img loading=\"lazy\" decoding=\"async\" class=\"alignnone\" src=\"https:\/\/s31.postimg.org\/9fpxe890r\/image.jpg\" alt=\"\" width=\"500\" height=\"571\" \/><\/p>\n<\/blockquote>\n<p>&nbsp;<\/p>\n<blockquote class=\"twitter-tweet\" data-lang=\"tr\">\n<p dir=\"ltr\" lang=\"tr\">g\u00fcld\u00fcn\u00fcz e\u011flendiniz. bi 50&#8217;\u015fer lira at\u0131n bari<\/p>\n<p>\u2014 Yi\u011fit Karaahmet (@YiitK) <a href=\"https:\/\/twitter.com\/YiitK\/status\/743092789542572033\">15 Haziran 2016<\/a><\/p><\/blockquote>\n<p><script src=\"\/\/platform.twitter.com\/widgets.js\" async=\"\" charset=\"utf-8\"><\/script><\/p>\n<blockquote class=\"twitter-tweet\" data-lang=\"tr\"><p>\nbuyrun iban 19 0006 2000 0670 0006 6863 51 <a href=\"https:\/\/t.co\/UpPjYZo3vJ\">https:\/\/t.co\/UpPjYZo3vJ<\/a><\/p>\n<p>\u2014 Yi\u011fit Karaahmet (@YiitK) <a href=\"https:\/\/twitter.com\/YiitK\/status\/743115720914030596\">15 Haziran 2016<\/a>\n<\/p><\/blockquote>\n<p><script src=\"\/\/platform.twitter.com\/widgets.js\" async=\"\" charset=\"utf-8\"><\/script><\/p>\n","protected":false},"excerpt":{"rendered":"<p>A\u00e7\u0131k e\u015fcinsel yazar Yi\u011fit Karaahmet, &#8216;LGBT\u0130 Onur Y\u00fcr\u00fcy\u00fc\u015f\u00fc&#8217;n\u00fc yapt\u0131rmayacaklar\u0131n\u0131 s\u00f6yleyen Alperen Ocaklar\u0131&#8217;na Twitter hesab\u0131ndan yan\u0131t vererek\u00a0&#8220;Valla alperenler bizim sabr\u0131m\u0131z\u0131 s\u0131namas\u0131n. Bu zamana kadar yatt\u0131\u011f\u0131m\u0131z \u00fclk\u00fcc\u00fclerin listesini a\u00e7\u0131klarsak insan i\u00e7ine \u00e7\u0131kamazlar&#8221;\u00a0diye yazd\u0131. Daha sonra Alperen Ocaklar\u0131 Ba\u015fkan\u0131\u00a0yapt\u0131\u011f\u0131 a\u00e7\u0131klamayla geri ad\u0131m at\u0131nca da\u00a0&#8220;Hah \u015f\u00f6yle yola gelin. Listeyi \u015fimdilik saklad\u0131k bi tanesi&#8221;\u00a0diye yazd\u0131. \u0130stanbul&#8217;da LBGT\u0130 bireylerin d\u00fczenleyece\u011fi &#8216;Onur &hellip;<\/p>\n","protected":false},"author":1,"featured_media":29306,"comment_status":"closed","ping_status":"open","sticky":false,"template":"","format":"standard","meta":{"footnotes":""},"categories":[91,96],"tags":[112,529,2726],"class_list":["post-29305","post","type-post","status-publish","format-standard","has-post-thumbnail","","category-haberler","category-turkiye","tag-haberler-2","tag-turkiye-2","tag-yigit-karaahmet"],"_links":{"self":[{"href":"http:\/\/www.gzone.com.tr\/index.php\/wp-json\/wp\/v2\/posts\/29305","targetHints":{"allow":["GET"]}}],"collection":[{"href":"http:\/\/www.gzone.com.tr\/index.php\/wp-json\/wp\/v2\/posts"}],"about":[{"href":"http:\/\/www.gzone.com.tr\/index.php\/wp-json\/wp\/v2\/types\/post"}],"author":[{"embeddable":true,"href":"http:\/\/www.gzone.com.tr\/index.php\/wp-json\/wp\/v2\/users\/1"}],"replies":[{"embeddable":true,"href":"http:\/\/www.gzone.com.tr\/index.php\/wp-json\/wp\/v2\/comments?post=29305"}],"version-history":[{"count":0,"href":"http:\/\/www.gzone.com.tr\/index.php\/wp-json\/wp\/v2\/posts\/29305\/revisions"}],"wp:featuredmedia":[{"embeddable":true,"href":"http:\/\/www.gzone.com.tr\/index.php\/wp-json\/wp\/v2\/media\/29306"}],"wp:attachment":[{"href":"http:\/\/www.gzone.com.tr\/index.php\/wp-json\/wp\/v2\/media?parent=29305"}],"wp:term":[{"taxonomy":"category","embeddable":true,"href":"http:\/\/www.gzone.com.tr\/index.php\/wp-json\/wp\/v2\/categories?post=29305"},{"taxonomy":"post_tag","embeddable":true,"href":"http:\/\/www.gzone.com.tr\/index.php\/wp-json\/wp\/v2\/tags?post=29305"}],"curies":[{"name":"wp","href":"https:\/\/api.w.org\/{rel}","templated":true}]}}