{"id":29301,"date":"2016-06-17T12:27:25","date_gmt":"2016-06-17T09:27:25","guid":{"rendered":"http:\/\/gzone.com.tr\/?p=29301"},"modified":"2016-06-17T12:28:05","modified_gmt":"2016-06-17T09:28:05","slug":"orlando-katliamcisin-eski-esi-fbi-onun-escinsel-oldugunu-saklamami-istedi","status":"publish","type":"post","link":"http:\/\/www.gzone.com.tr\/index.php\/2016\/06\/17\/orlando-katliamcisin-eski-esi-fbi-onun-escinsel-oldugunu-saklamami-istedi\/","title":{"rendered":"ORLANDO KATL\u0130AMCISININ ESK\u0130 E\u015e\u0130: FBI, ONUN E\u015eC\u0130NSEL OLDU\u011eUNU SAKLAMAMI \u0130STED\u0130"},"content":{"rendered":"<p>Brezilya televizyonuna konu\u015fan Orlando katliam\u0131n\u0131n failinin eski e\u015fi FBI&#8217;\u0131n kendisine &#8220;onun e\u015fcinsel oldu\u011funu medyaya s\u00f6yleme&#8221; dedi\u011fini ileri s\u00fcrd\u00fc.<\/p>\n<p>Orlando&#8217;da bir gay kul\u00fcb\u00fcn\u00fc basarak 49 ki\u015fiyi \u00f6ld\u00fcren Omar Mateen soru\u015fturmas\u0131 hakk\u0131nda eski e\u015finden ilgin\u00e7 bir iddia geldi.<\/p>\n<p><em>teleSUR<\/em>&#8216;daki habere g\u00f6re, Brezilya&#8217;da bir\u00a0televizyon program\u0131na konu\u015fan Mateen&#8217;in eski e\u015fi\u00a0Sitora Yusufiy\u00a0FBI&#8217;\u0131n kendisine\u00a0&#8220;onun e\u015fcinsel oldu\u011funu medyaya s\u00f6yleme&#8221; dedi\u011fini aktard\u0131.<\/p>\n<p>Yusufiy, Mateen&#8217;in babas\u0131n\u0131n o\u011fluna\u00a0kendi \u00f6n\u00fcnde birden fazla kez &#8220;e\u015fcinsel&#8221; dedi\u011fini ileri s\u00fcrd\u00fc.<\/p>\n<p>Kaynak:Sol Haber Portali<\/p>\n","protected":false},"excerpt":{"rendered":"<p>Brezilya televizyonuna konu\u015fan Orlando katliam\u0131n\u0131n failinin eski e\u015fi FBI&#8217;\u0131n kendisine &#8220;onun e\u015fcinsel oldu\u011funu medyaya s\u00f6yleme&#8221; dedi\u011fini ileri s\u00fcrd\u00fc. Orlando&#8217;da bir gay kul\u00fcb\u00fcn\u00fc basarak 49 ki\u015fiyi \u00f6ld\u00fcren Omar Mateen soru\u015fturmas\u0131 hakk\u0131nda eski e\u015finden ilgin\u00e7 bir iddia geldi. teleSUR&#8216;daki habere g\u00f6re, Brezilya&#8217;da bir\u00a0televizyon program\u0131na konu\u015fan Mateen&#8217;in eski e\u015fi\u00a0Sitora Yusufiy\u00a0FBI&#8217;\u0131n kendisine\u00a0&#8220;onun e\u015fcinsel oldu\u011funu medyaya s\u00f6yleme&#8221; dedi\u011fini aktard\u0131. Yusufiy, &hellip;<\/p>\n","protected":false},"author":1,"featured_media":29302,"comment_status":"closed","ping_status":"open","sticky":false,"template":"","format":"standard","meta":{"footnotes":""},"categories":[92,91],"tags":[113,112,2004,5176,5199],"class_list":["post-29301","post","type-post","status-publish","format-standard","has-post-thumbnail","","category-dunya","category-haberler","tag-dunya-2","tag-haberler-2","tag-katil","tag-orlando","tag-orlando-katliami"],"_links":{"self":[{"href":"http:\/\/www.gzone.com.tr\/index.php\/wp-json\/wp\/v2\/posts\/29301","targetHints":{"allow":["GET"]}}],"collection":[{"href":"http:\/\/www.gzone.com.tr\/index.php\/wp-json\/wp\/v2\/posts"}],"about":[{"href":"http:\/\/www.gzone.com.tr\/index.php\/wp-json\/wp\/v2\/types\/post"}],"author":[{"embeddable":true,"href":"http:\/\/www.gzone.com.tr\/index.php\/wp-json\/wp\/v2\/users\/1"}],"replies":[{"embeddable":true,"href":"http:\/\/www.gzone.com.tr\/index.php\/wp-json\/wp\/v2\/comments?post=29301"}],"version-history":[{"count":0,"href":"http:\/\/www.gzone.com.tr\/index.php\/wp-json\/wp\/v2\/posts\/29301\/revisions"}],"wp:featuredmedia":[{"embeddable":true,"href":"http:\/\/www.gzone.com.tr\/index.php\/wp-json\/wp\/v2\/media\/29302"}],"wp:attachment":[{"href":"http:\/\/www.gzone.com.tr\/index.php\/wp-json\/wp\/v2\/media?parent=29301"}],"wp:term":[{"taxonomy":"category","embeddable":true,"href":"http:\/\/www.gzone.com.tr\/index.php\/wp-json\/wp\/v2\/categories?post=29301"},{"taxonomy":"post_tag","embeddable":true,"href":"http:\/\/www.gzone.com.tr\/index.php\/wp-json\/wp\/v2\/tags?post=29301"}],"curies":[{"name":"wp","href":"https:\/\/api.w.org\/{rel}","templated":true}]}}