{"id":29274,"date":"2016-06-16T09:52:49","date_gmt":"2016-06-16T06:52:49","guid":{"rendered":"http:\/\/gzone.com.tr\/?p=29274"},"modified":"2016-06-16T10:02:08","modified_gmt":"2016-06-16T07:02:08","slug":"lgbti-onur-yuruyusunu-alperenlerden-tuhaf-geri-vites-biz-devleti-uyardik","status":"publish","type":"post","link":"http:\/\/www.gzone.com.tr\/index.php\/2016\/06\/16\/lgbti-onur-yuruyusunu-alperenlerden-tuhaf-geri-vites-biz-devleti-uyardik\/","title":{"rendered":"LGBT\u0130 ONUR Y\u00dcR\u00dcY\u00dc\u015e\u00dcN\u00dc TEHD\u0130T EDEN ALPEREN&#8217;LERDEN GER\u0130 V\u0130TES"},"content":{"rendered":"<p><strong>&#8220;Nush ile uslanmayan\u0131 etmeli tekdir; tekdir ile uslanmayan\u0131n hakk\u0131 k\u00f6tektir&#8221;<\/strong> diyerek 26 Haziran&#8217;da yap\u0131lacak &#8216;LGBT\u0130 Onur Y\u00fcr\u00fcy\u00fc\u015f\u00fc&#8217;ne kar\u015f\u0131 \u00e7\u0131kan Alperen Ocaklar\u0131 Ba\u015fkan\u0131 K\u00fcr\u015fat Mican RS FM&#8217;den Yavuz O\u011fhan&#8217;a konu\u015ftu ve<strong>&#8220;Biz devleti uyard\u0131k, elimizde sopalarla y\u00fcr\u00fcy\u00fc\u015fe kat\u0131lanlar\u0131 d\u00f6vece\u011fimizi s\u00f6ylemedik&#8221;<\/strong> dedi.<\/p>\n<p>ABD&#8217;nin Orlando \u015fehrinde e\u015fcinsellerin gitti\u011fi bir barda 49 ki\u015finin \u00f6ld\u00fcr\u00fclmesinin ard\u0131ndan \u0130stanbul&#8217;da LBGT\u0130 bireylerin d\u00fczenleyece\u011fi &#8216;Onur Y\u00fcr\u00fcy\u00fc\u015f\u00fc&#8217;ne ilgi daha da artt\u0131. H\u00fck\u00fcmet, y\u00fcr\u00fcy\u00fc\u015fe izin verilip verilmeyece\u011fine ili\u015fkin sorular\u0131 yan\u0131tlarken topu Valili\u011fe att\u0131. Valilik ise hen\u00fcz bir a\u00e7\u0131klama yapm\u0131\u015f de\u011fil ama Alperen Ocaklar\u0131&#8217;ndan tehdit dolu bir itiraz geldi.<\/p>\n<p>Sputnik&#8217;te yer alan habere g\u00f6re Alperen Ocaklar\u0131 Ba\u015fkan\u0131 K\u00fcr\u015fat Mican, bas\u0131n toplant\u0131s\u0131 d\u00fczenleyerek o y\u00fcr\u00fcy\u00fc\u015f\u00fc yapt\u0131rmayacaklar\u0131n\u0131, Ramazan ay\u0131nda yar\u0131 \u00e7\u0131plak bir vaziyette d\u00fczenlenecek y\u00fcr\u00fcy\u00fc\u015f\u00fcn dini de\u011ferlere sald\u0131r\u0131 anlam\u0131 ta\u015f\u0131yaca\u011f\u0131n\u0131 s\u00f6yledi. Sonra da dikkat \u00e7eken \u015fu c\u00fcmleyi kulland\u0131: <strong>&#8220;Nush ile uslanmayan\u0131 etmeli tekdir, tekdir ile uslanmayan\u0131n hakk\u0131 k\u00f6tektir.&#8221;<\/strong><\/p>\n<p>S\u00f6zleri bir\u00e7ok sivil toplum \u00f6rg\u00fct\u00fcnden ve CHP\u2019den tepki alan K\u00fcr\u015fat Mican, RS FM&#8217;de Yavuz O\u011fhan&#8217;\u0131n haz\u0131rlay\u0131p sundu\u011fu &#8216;Bidebunudinle&#8217; program\u0131nda konu\u015ftu, <strong>&#8220;Fiili bir m\u00fcdahaleyi kastetmedik&#8221;<\/strong> dedi.<\/p>\n<p><strong>&#8220;Dini de\u011ferlerimizin dikkate al\u0131nmas\u0131n\u0131 istiyoruz&#8221;<\/strong> diyen Mican, \u015funlar\u0131 s\u00f6yledi:<\/p>\n<p><em>&#8220;Daha \u00f6nce bu grubu uyard\u0131k, arkada\u015flar\u0131 uyard\u0131k, temsilciler g\u00f6nderdik. Biz M\u00fcsl\u00fcman T\u00fcrk milletiyiz, halk\u0131m\u0131z\u0131n y\u00fczde 99\u2019u M\u00fcsl\u00fcman. Do\u011fru, ho\u015fg\u00f6r\u00fc i\u00e7inde ya\u015famal\u0131y\u0131z ama bizim dini de\u011ferlerimizi yok sayarak, bizi hi\u00e7e sayarak bu y\u00fcr\u00fcy\u00fc\u015f yap\u0131lamaz. Biz, yar\u0131 \u00e7\u0131plak \u015fekilde ellerinde i\u00e7ki \u015fi\u015feleriyle birlikte ecdad\u0131m\u0131z\u0131n kanlar\u0131yla sulanm\u0131\u015f m\u00fcbarek \u015fehirde, kutlu \u015fehirde b\u00f6yle dola\u015fmalar\u0131n\u0131 istemiyoruz. Biraz hukuk d\u0131\u015f\u0131na \u00e7\u0131k\u0131yor gibi g\u00f6r\u00fcn\u00fcyor ama hukuk d\u0131\u015f\u0131na \u00e7\u0131k\u0131l\u0131yor diye alg\u0131lamay\u0131n bunu. Ziya Pa\u015fa\u2019n\u0131n s\u00f6zlerini hat\u0131rlat\u0131rken bir tehdit yok. Bizim orada olaca\u011f\u0131m\u0131z\u0131 tepkili olaca\u011f\u0131m\u0131z\u0131 y\u00fcr\u00fctmeyece\u011fimizi s\u00f6yl\u00fcyoruz. Onlar on\u00a0bin ki\u015fi ise biz de on\u00a0bin ki\u015fi orada olaca\u011f\u0131z, o koridoru kapataca\u011f\u0131z, oturma eylemi yapaca\u011f\u0131z ve y\u00fcr\u00fctmeyece\u011fiz. Onlar bize tepki g\u00f6sterirse biz de tepki g\u00f6sterece\u011fiz. Ben gidelim Taksim\u2019e sopalarla kovalayal\u0131m demiyorum. Bu c\u00fcmleyi elinde sopa olarak alg\u0131lamamak laz\u0131m, bir tepki olarak alg\u0131lamak laz\u0131m.&#8221;<\/em><\/p>\n<p><strong>&#8216;ONLAR B\u0130Z\u0130M \u0130NAN\u00c7LARIMIZA SAYGI DUYMUYORSA B\u0130Z NEDEN DUYALIM?&#8217;<\/strong><\/p>\n<p>Elinde i\u00e7ki \u015fi\u015fesi ile yar\u0131 \u00e7\u0131plak y\u00fcr\u00fcmeyecekler s\u00f6zlerini \u0131srarla tekrarlayan Mican, a\u00e7\u0131klamalar\u0131n\u0131n devlete bir \u00e7a\u011fr\u0131 oldu\u011funu iddia etti.<\/p>\n<p>Mican, <strong>&#8220;O zaman devlet \u015f\u00f6yle bir \u00f6nlem als\u0131n, \u00e7a\u011fr\u0131 yap\u0131yoruz, devlet ne yapacak, diyecek ki; yar\u0131 \u00e7\u0131plak y\u00fcr\u00fcmeyecek, elinde i\u00e7ki \u015fi\u015fesi olmayacak, b\u00f6yle olursa istedi\u011fi yerde y\u00fcr\u00fcs\u00fcn. Biz toplumun bir ferdiyiz, bizim fertler olarak o t\u00fcr ya\u015fant\u0131ya o g\u00f6r\u00fcnt\u00fcye tepkimiz bu. B\u00f6ylece bir dahaki sefere yapacaklar\u0131 zaman diyecekler ki biz bu halk\u0131n tepkisini \u00e7ektik, onlar\u0131n da de\u011ferleri var sayg\u0131 duymam\u0131z gerekir, e\u011fer de\u011ferlerimize sayg\u0131 duymuyorlarsa biz onlar\u0131n inand\u0131klar\u0131na niye sayg\u0131 duyal\u0131m. Bizim sayg\u0131 duymam\u0131z\u0131 beklemesinler&#8221;<\/strong> diye konu\u015ftu.<\/p>\n<p>Kolluk g\u00fc\u00e7lerinin g\u00f6revini \u00fcstlenmek diye bir niyetlerinin olmad\u0131\u011f\u0131n\u0131 tekrarlayan K\u00fcr\u015fat Mican\u2019a g\u00f6re, devlet izin meselesini d\u00fc\u015f\u00fcn\u00fcrken kendi tepkilerini de g\u00f6z \u00f6n\u00fcnde bulunduracak.<\/p>\n<p>Kaynak: ODATV<\/p>\n<p>&nbsp;<\/p>\n","protected":false},"excerpt":{"rendered":"<p>&#8220;Nush ile uslanmayan\u0131 etmeli tekdir; tekdir ile uslanmayan\u0131n hakk\u0131 k\u00f6tektir&#8221; diyerek 26 Haziran&#8217;da yap\u0131lacak &#8216;LGBT\u0130 Onur Y\u00fcr\u00fcy\u00fc\u015f\u00fc&#8217;ne kar\u015f\u0131 \u00e7\u0131kan Alperen Ocaklar\u0131 Ba\u015fkan\u0131 K\u00fcr\u015fat Mican RS FM&#8217;den Yavuz O\u011fhan&#8217;a konu\u015ftu ve&#8220;Biz devleti uyard\u0131k, elimizde sopalarla y\u00fcr\u00fcy\u00fc\u015fe kat\u0131lanlar\u0131 d\u00f6vece\u011fimizi s\u00f6ylemedik&#8221; dedi. ABD&#8217;nin Orlando \u015fehrinde e\u015fcinsellerin gitti\u011fi bir barda 49 ki\u015finin \u00f6ld\u00fcr\u00fclmesinin ard\u0131ndan \u0130stanbul&#8217;da LBGT\u0130 bireylerin d\u00fczenleyece\u011fi &#8216;Onur &hellip;<\/p>\n","protected":false},"author":1,"featured_media":29231,"comment_status":"closed","ping_status":"open","sticky":false,"template":"","format":"standard","meta":{"footnotes":""},"categories":[91,96],"tags":[5204,112,114,1655,529],"class_list":["post-29274","post","type-post","status-publish","format-standard","has-post-thumbnail","","category-haberler","category-turkiye","tag-alperen-ocaklari","tag-haberler-2","tag-onur-yuruyusu","tag-tehdit","tag-turkiye-2"],"_links":{"self":[{"href":"http:\/\/www.gzone.com.tr\/index.php\/wp-json\/wp\/v2\/posts\/29274","targetHints":{"allow":["GET"]}}],"collection":[{"href":"http:\/\/www.gzone.com.tr\/index.php\/wp-json\/wp\/v2\/posts"}],"about":[{"href":"http:\/\/www.gzone.com.tr\/index.php\/wp-json\/wp\/v2\/types\/post"}],"author":[{"embeddable":true,"href":"http:\/\/www.gzone.com.tr\/index.php\/wp-json\/wp\/v2\/users\/1"}],"replies":[{"embeddable":true,"href":"http:\/\/www.gzone.com.tr\/index.php\/wp-json\/wp\/v2\/comments?post=29274"}],"version-history":[{"count":0,"href":"http:\/\/www.gzone.com.tr\/index.php\/wp-json\/wp\/v2\/posts\/29274\/revisions"}],"wp:featuredmedia":[{"embeddable":true,"href":"http:\/\/www.gzone.com.tr\/index.php\/wp-json\/wp\/v2\/media\/29231"}],"wp:attachment":[{"href":"http:\/\/www.gzone.com.tr\/index.php\/wp-json\/wp\/v2\/media?parent=29274"}],"wp:term":[{"taxonomy":"category","embeddable":true,"href":"http:\/\/www.gzone.com.tr\/index.php\/wp-json\/wp\/v2\/categories?post=29274"},{"taxonomy":"post_tag","embeddable":true,"href":"http:\/\/www.gzone.com.tr\/index.php\/wp-json\/wp\/v2\/tags?post=29274"}],"curies":[{"name":"wp","href":"https:\/\/api.w.org\/{rel}","templated":true}]}}