{"id":29264,"date":"2016-06-15T21:07:23","date_gmt":"2016-06-15T18:07:23","guid":{"rendered":"http:\/\/gzone.com.tr\/?p=29264"},"modified":"2016-06-15T21:07:23","modified_gmt":"2016-06-15T18:07:23","slug":"chpli-selin-sayek-boke-lgbtilerin-tehdit-edilmesine-seyirci-kalmayacagiz","status":"publish","type":"post","link":"http:\/\/www.gzone.com.tr\/index.php\/2016\/06\/15\/chpli-selin-sayek-boke-lgbtilerin-tehdit-edilmesine-seyirci-kalmayacagiz\/","title":{"rendered":"CHP&#8217;L\u0130 SEL\u0130N SAYEK B\u00d6KE: LGBT\u0130LER\u0130N TEHD\u0130T ED\u0130LMES\u0130NE SEY\u0130RC\u0130 KALMAYACA\u011eIZ"},"content":{"rendered":"<p>CHP Genel Ba\u015fkan Yard\u0131mc\u0131s\u0131 ve Parti S\u00f6zc\u00fcs\u00fc Selin Sayek B\u00f6ke, MYK toplant\u0131s\u0131n\u0131n ard\u0131ndan bas\u0131n mensuplar\u0131n\u0131n sorular\u0131n\u0131 yan\u0131tlad\u0131. B\u00f6ke, Kemal K\u0131l\u0131\u00e7daro\u011flu\u2019nun \u00f6n\u00fcne \u015fehit cenazesinde at\u0131lan mermiyle ilgili konu\u015farak, \u201cBir \u015fehit cenazesinde Genel Ba\u015fkan\u0131m\u0131z\u0131n \u00f6n\u00fcne bir mermi at\u0131ld\u0131. Bu mermi at\u0131lma protestosundan sonra iktidarda olanlar, bu konuyla ilgili ancak birka\u00e7 g\u00fcn sonra a\u00e7\u0131klama yapabildiler. \u0130\u015fte bu mafyavari tutumlar\u0131 ve \u00e7akall\u0131klar\u0131 destekleyen bu sessizlik, bug\u00fcn yeni \u00e7akalvari tav\u0131rlar\u0131n ortaya \u00e7\u0131kmas\u0131na sebep oluyor. Bizler farkl\u0131l\u0131klar\u0131m\u0131zla ya\u015famak istiyoruz\u201d dedi.<\/p>\n<p><em><strong><span style=\"color: #ff0000;\"><a href=\"http:\/\/gzone.com.tr\/alperen-ocaklari-isimli-vakiftan-istanbul-onur-yuruyusune-kan-dondurucu-tehdit\/\">ALPEREN OCAKLARI \u0130S\u0130ML\u0130 VAKIFTAN \u0130STANBUL ONUR Y\u00dcR\u00dcY\u00dc\u015e\u00dcNE KAN DONDURUCU TEHD\u0130T haberi i\u00e7in TIKLAYIN<\/a><\/span><\/strong><\/em><\/p>\n<p>LGBT\u0130 bireylerin d\u00fczenleyecekleri Onur Y\u00fcr\u00fcy\u00fc\u015f\u00fc\u2019ne y\u00f6nelik \u2018y\u00fcr\u00fctmeyiz\u2019 s\u00f6ylemlerini ele\u015ftiren B\u00f6ke \u015funlar\u0131 s\u00f6yledi, \u201cBirka\u00e7 g\u00fcn sonra ger\u00e7ekle\u015fecek olan LGBT\u0130 bireylerinin Onur Y\u00fcr\u00fcy\u00fc\u015f\u00fc\u2019ne kar\u015f\u0131, bir mafya grubu \u00e7\u0131km\u0131\u015f, bu y\u00fcr\u00fcy\u00fc\u015fe engel olaca\u011f\u0131n\u0131 a\u00e7\u0131kca ifade ediyor. Buradan T\u00fcrkiye\u2019nin hukuk kurumlar\u0131na sesleniyor. Takipte oldu\u011fumuzu da buradan a\u00e7\u0131kca ifade ediyoruz. Ayn\u0131 olmayaca\u011f\u0131z, farkl\u0131 olaca\u011f\u0131z, farkl\u0131l\u0131klar\u0131m\u0131zla birlikte ya\u015fayaca\u011f\u0131z. Tek bir yurtta\u015f\u0131n bile farkl\u0131l\u0131klar\u0131ndan dolay\u0131 hakarete u\u011framas\u0131na, tehdit edilmesine asla seyirci kalmayaca\u011f\u0131z.\u201d<\/p>\n<p><strong><span style=\"color: #ff0000;\"><a href=\"http:\/\/gzone.com.tr\/ihd-ve-istanbul-lgbtiden-onur-yuruyuslerine-tehditlere-suc-duyurusu\/\">\u0130HD VE \u0130STANBUL LGBT\u0130\u2019DEN ONUR Y\u00dcR\u00dcY\u00dc\u015eLER\u0130\u2019NE TEHD\u0130TLERE SU\u00c7 DUYURUSU haberi i\u00e7in TIKLAYIN<\/a><\/span><\/strong><\/p>\n<p>Kaynak: DHA<\/p>\n","protected":false},"excerpt":{"rendered":"<p>CHP Genel Ba\u015fkan Yard\u0131mc\u0131s\u0131 ve Parti S\u00f6zc\u00fcs\u00fc Selin Sayek B\u00f6ke, MYK toplant\u0131s\u0131n\u0131n ard\u0131ndan bas\u0131n mensuplar\u0131n\u0131n sorular\u0131n\u0131 yan\u0131tlad\u0131. B\u00f6ke, Kemal K\u0131l\u0131\u00e7daro\u011flu\u2019nun \u00f6n\u00fcne \u015fehit cenazesinde at\u0131lan mermiyle ilgili konu\u015farak, \u201cBir \u015fehit cenazesinde Genel Ba\u015fkan\u0131m\u0131z\u0131n \u00f6n\u00fcne bir mermi at\u0131ld\u0131. Bu mermi at\u0131lma protestosundan sonra iktidarda olanlar, bu konuyla ilgili ancak birka\u00e7 g\u00fcn sonra a\u00e7\u0131klama yapabildiler. \u0130\u015fte bu mafyavari &hellip;<\/p>\n","protected":false},"author":1,"featured_media":29265,"comment_status":"closed","ping_status":"open","sticky":false,"template":"","format":"standard","meta":{"footnotes":""},"categories":[91,96],"tags":[647,323,5208,529],"class_list":["post-29264","post","type-post","status-publish","format-standard","has-post-thumbnail","","category-haberler","category-turkiye","tag-chp","tag-haber","tag-selin-sayek-boke","tag-turkiye-2"],"_links":{"self":[{"href":"http:\/\/www.gzone.com.tr\/index.php\/wp-json\/wp\/v2\/posts\/29264","targetHints":{"allow":["GET"]}}],"collection":[{"href":"http:\/\/www.gzone.com.tr\/index.php\/wp-json\/wp\/v2\/posts"}],"about":[{"href":"http:\/\/www.gzone.com.tr\/index.php\/wp-json\/wp\/v2\/types\/post"}],"author":[{"embeddable":true,"href":"http:\/\/www.gzone.com.tr\/index.php\/wp-json\/wp\/v2\/users\/1"}],"replies":[{"embeddable":true,"href":"http:\/\/www.gzone.com.tr\/index.php\/wp-json\/wp\/v2\/comments?post=29264"}],"version-history":[{"count":0,"href":"http:\/\/www.gzone.com.tr\/index.php\/wp-json\/wp\/v2\/posts\/29264\/revisions"}],"wp:featuredmedia":[{"embeddable":true,"href":"http:\/\/www.gzone.com.tr\/index.php\/wp-json\/wp\/v2\/media\/29265"}],"wp:attachment":[{"href":"http:\/\/www.gzone.com.tr\/index.php\/wp-json\/wp\/v2\/media?parent=29264"}],"wp:term":[{"taxonomy":"category","embeddable":true,"href":"http:\/\/www.gzone.com.tr\/index.php\/wp-json\/wp\/v2\/categories?post=29264"},{"taxonomy":"post_tag","embeddable":true,"href":"http:\/\/www.gzone.com.tr\/index.php\/wp-json\/wp\/v2\/tags?post=29264"}],"curies":[{"name":"wp","href":"https:\/\/api.w.org\/{rel}","templated":true}]}}