{"id":29200,"date":"2016-06-14T17:42:20","date_gmt":"2016-06-14T14:42:20","guid":{"rendered":"http:\/\/gzone.com.tr\/?p=29200"},"modified":"2016-06-14T17:42:20","modified_gmt":"2016-06-14T14:42:20","slug":"once-siz-ogrenin-rising-star-turkiyenin-yeni-juri-kadrosunun-tamamini-acikliyoruz","status":"publish","type":"post","link":"http:\/\/www.gzone.com.tr\/index.php\/2016\/06\/14\/once-siz-ogrenin-rising-star-turkiyenin-yeni-juri-kadrosunun-tamamini-acikliyoruz\/","title":{"rendered":"\u00d6NCE S\u0130Z \u00d6\u011eREN\u0130N: RISING STAR T\u00dcRK\u0130YE&#8217;N\u0130N YEN\u0130 J\u00dcR\u0130 KADROSUNUN TAMAMINI A\u00c7IKLIYORUZ!"},"content":{"rendered":"<p><strong>Yak\u0131nda TV 8 ekranlar\u0131nda gelecek olan bu y\u0131l ikincisi d\u00fczenlenen Rising Star T\u00fcrkiye \u015fark\u0131 yar\u0131\u015fmas\u0131n\u0131n j\u00fcri \u00fcyeleri belli oldu!..<\/strong><\/p>\n<p>Hen\u00fcz resmi bir a\u00e7\u0131klama yap\u0131lmazken, Gzone&#8217;un \u00f6zel ara\u015ft\u0131rmalar\u0131 sonucu,\u00a0\u0130rem Derici, Y\u0131lmaz Morg\u00fcl, Emina Sandal ve Mustafa Sandal\u2018\u0131n j\u00fcri koltu\u011funa oturacak isimler oldu\u011funu \u00f6\u011frendik.<\/p>\n<p>&nbsp;<\/p>\n<p>&nbsp;<\/p>\n","protected":false},"excerpt":{"rendered":"<p>Yak\u0131nda TV 8 ekranlar\u0131nda gelecek olan bu y\u0131l ikincisi d\u00fczenlenen Rising Star T\u00fcrkiye \u015fark\u0131 yar\u0131\u015fmas\u0131n\u0131n j\u00fcri \u00fcyeleri belli oldu!.. Hen\u00fcz resmi bir a\u00e7\u0131klama yap\u0131lmazken, Gzone&#8217;un \u00f6zel ara\u015ft\u0131rmalar\u0131 sonucu,\u00a0\u0130rem Derici, Y\u0131lmaz Morg\u00fcl, Emina Sandal ve Mustafa Sandal\u2018\u0131n j\u00fcri koltu\u011funa oturacak isimler oldu\u011funu \u00f6\u011frendik. &nbsp; &nbsp;<\/p>\n","protected":false},"author":1,"featured_media":29201,"comment_status":"closed","ping_status":"open","sticky":false,"template":"","format":"standard","meta":{"footnotes":""},"categories":[28,61],"tags":[5196,2855,5198,5197,922,2934,126,3043],"class_list":["post-29200","post","type-post","status-publish","format-standard","has-post-thumbnail","","category-pop","category-sinematv","tag-emina-sandal","tag-irem-derici","tag-mustafa-sandal","tag-rising-star-turkiye","tag-televizyon","tag-tv8","tag-yarisma","tag-yilmaz-morgul"],"_links":{"self":[{"href":"http:\/\/www.gzone.com.tr\/index.php\/wp-json\/wp\/v2\/posts\/29200","targetHints":{"allow":["GET"]}}],"collection":[{"href":"http:\/\/www.gzone.com.tr\/index.php\/wp-json\/wp\/v2\/posts"}],"about":[{"href":"http:\/\/www.gzone.com.tr\/index.php\/wp-json\/wp\/v2\/types\/post"}],"author":[{"embeddable":true,"href":"http:\/\/www.gzone.com.tr\/index.php\/wp-json\/wp\/v2\/users\/1"}],"replies":[{"embeddable":true,"href":"http:\/\/www.gzone.com.tr\/index.php\/wp-json\/wp\/v2\/comments?post=29200"}],"version-history":[{"count":0,"href":"http:\/\/www.gzone.com.tr\/index.php\/wp-json\/wp\/v2\/posts\/29200\/revisions"}],"wp:featuredmedia":[{"embeddable":true,"href":"http:\/\/www.gzone.com.tr\/index.php\/wp-json\/wp\/v2\/media\/29201"}],"wp:attachment":[{"href":"http:\/\/www.gzone.com.tr\/index.php\/wp-json\/wp\/v2\/media?parent=29200"}],"wp:term":[{"taxonomy":"category","embeddable":true,"href":"http:\/\/www.gzone.com.tr\/index.php\/wp-json\/wp\/v2\/categories?post=29200"},{"taxonomy":"post_tag","embeddable":true,"href":"http:\/\/www.gzone.com.tr\/index.php\/wp-json\/wp\/v2\/tags?post=29200"}],"curies":[{"name":"wp","href":"https:\/\/api.w.org\/{rel}","templated":true}]}}