{"id":29197,"date":"2016-06-14T15:39:50","date_gmt":"2016-06-14T12:39:50","guid":{"rendered":"http:\/\/gzone.com.tr\/?p=29197"},"modified":"2016-06-14T15:39:50","modified_gmt":"2016-06-14T12:39:50","slug":"24-istanbul-lgbti-onur-haftasi-programi-aciklandi","status":"publish","type":"post","link":"http:\/\/www.gzone.com.tr\/index.php\/2016\/06\/14\/24-istanbul-lgbti-onur-haftasi-programi-aciklandi\/","title":{"rendered":"24. \u0130STANBUL LGBT\u0130+ ONUR HAFTASI PROGRAMI A\u00c7IKLANDI"},"content":{"rendered":"<p><strong>Bu y\u0131l 24. d\u00fczenlenen, 20 &#8211; 26 Haziran 2016 tarihleri aras\u0131nda ger\u00e7ekle\u015fecek \u0130stanbul LGBT\u0130+ Onur Haftas\u0131 program\u0131 a\u00e7\u0131klnd\u0131&#8230;<\/strong><\/p>\n<p>&nbsp;<\/p>\n<p>*<strong>\u00a0\u0130stanbul LGBT\u0130+ Onur Haftas\u0131 Sergisi: nerdeen nereye<\/strong><\/p>\n<p><u>Sergi 18 \u2013 26 Haziran aras\u0131, saat 13:00 ile 18:30 saatleri aras\u0131nda gezilebilir.<\/u><\/p>\n<p><u>A\u00e7\u0131l\u0131\u015f: 18 Haziran 2016 Cumartesi Saat: 19:00<br \/>\nYer: Boysan\u2019\u0131n Evi<\/u><\/p>\n<p>&nbsp;<\/p>\n<h2><span style=\"color: #ff0000;\"><strong>20 Haziran Pazartesi<\/strong><\/span><\/h2>\n<p><strong>At\u00f6lye: Homo-Transfobik Sald\u0131r\u0131lara Kar\u015f\u0131 \u00d6zsavunma At\u00f6lyesi<br \/>\n<strong>Saat: 14:00 \u2013 16:00 \u00a0\u00a0Yer: \u0130nfial<\/strong><br \/>\n<\/strong><\/p>\n<p>LGBT\u0130+ bireyler olarak, toplumsal ve bireysel hayatlar\u0131m\u0131zda her an kar\u015f\u0131m\u0131za \u00e7\u0131kan toplumsal \u015fiddet ayg\u0131t\u0131na ve onun aparatlar\u0131na (fa\u015fistler, seksistler, homo\/transfobikler, \u00e7eteler, ajanlar, lin\u00e7\u00e7iler, eli sopal\u0131 esnaf vs.) kar\u015f\u0131 s\u00fcrekli ay\u0131k durmak ve \u00f6zsavunmam\u0131z\u0131 geli\u015ftirmek zorunday\u0131z. \u00d6zsavunma, \u015fiddeti bize y\u00f6nelen bask\u0131 aparatlar\u0131n\u0131 h\u0131zl\u0131 ve etkili bir bi\u00e7imde etkisiz hale getirmek i\u00e7in zihinsel ve bedensel pratik eforlar\u0131 gerektirir. Korku ve g\u00fc\u00e7s\u00fczl\u00fck hissinden beslenen bask\u0131 ayg\u0131t\u0131n\u0131 bertaraf etmek ancak zihinsel ve bedensel olarak g\u00fc\u00e7l\u00fc olmak i\u00e7in \u00e7abalamakla m\u00fcmk\u00fcn olur.<\/p>\n<p>Homo\/Transfobik sald\u0131r\u0131, lin\u00e7 ve cinayetler kar\u015f\u0131s\u0131nda \u00e7aresiz de\u011filiz. \u00d6ncelikle bireysel olarak bu sald\u0131r\u0131lar kar\u015f\u0131s\u0131nda dimdik ayakta durman\u0131n ve bunlar\u0131 bertaraf etmenin tekniklerini ke\u015ffedip \u00fczerinde \u00e7al\u0131\u015farak g\u00fc\u00e7lenmeliyiz. Daha sonra g\u00fcc\u00fcm\u00fcz\u00fc, deneyimlerimizi ve becerilerimizi yan\u0131m\u0131zdakilere aktararak \u00f6zsavunmam\u0131z\u0131 genelle\u015ftirmeliyiz.<\/p>\n<p>&nbsp;<\/p>\n<p><strong>Panel: Bir \u0130tiraz Olarak Vicdani Red<br \/>\n<strong>Saat: 15:00 \u2013 17:00 \u00a0\u00a0Yer:\u00a0Cezayir Toplant\u0131 Salonu<\/strong><br \/>\n<\/strong><\/p>\n<p>Konu\u015fmac\u0131lar:<\/p>\n<p><u>Ercan Jan Akta\u015f<\/u>: Askerlik Yapmayanlar\u0131n Erkek Say\u0131lmad\u0131\u011f\u0131 Bir Toplumda Erkek Olmay\u0131 Reddedenler<\/p>\n<p>Erkeklerin vicdani red talepleri, onlar\u0131 \u015fiddet kullanmaya zorlayan ulus-devletin siyasi ve ideolojik stratejilerine kar\u015f\u0131 oldu\u011fu kadar, aile ve piyasa gibi erkek egemenli\u011fine dayal\u0131 alanlardaki \u201ceril \u015fiddet\u201de kar\u015f\u0131 bir i\u00e7eri\u011fe de sahiptir. Zorunlu askerlik yaln\u0131zca \u201cyurdun m\u00fcdafaas\u0131na\u201d y\u00f6nelik bir uygulama de\u011fil, ayn\u0131 zamanda erkeklerin ve kad\u0131nlar\u0131n devletle aralar\u0131ndaki vatanda\u015fl\u0131k ili\u015fkisini belirleyecek bir uygulamad\u0131r. Bu yolla erkeklik-devlet-askerlik aras\u0131nda g\u00fc\u00e7l\u00fc bir ba\u011f kurulur, \u201cen kutsal vazife\u201d olan askerlik yoluyla birinci s\u0131n\u0131f vatanda\u015fl\u0131k erkeklere bah\u015fedilir. .<\/p>\n<p><u>G\u00f6khan Soysal<\/u>: Vicdani Reddin Hukuksal boyutlar\u0131<\/p>\n<p>Vicdani ret hakk\u0131, daha \u00e7ok sava\u015f kar\u015f\u0131tl\u0131\u011f\u0131 moral de\u011ferleriyle din ve vicdan \u00f6zg\u00fcrl\u00fc\u011f\u00fc \u00e7er\u00e7evesinde de\u011ferlendirilen uluslararas\u0131 insan haklar\u0131 \u00f6rg\u00fctlerince koruma alt\u0131na al\u0131nm\u0131\u015f bir insan hakk\u0131d\u0131r. TC Devleti\u2019nin alt\u0131na imzas\u0131n\u0131 att\u0131\u011f\u0131 s\u00f6zle\u015fmelerle kurulmu\u015f \u00f6rg\u00fctlerden \u00f6zellikle Avrupa \u0130nsan Haklar\u0131 Mahkemesi kararlar\u0131 bu konuda ba\u011flay\u0131c\u0131d\u0131r. Devlet vicdani ret hakk\u0131n\u0131 her ne kadar tan\u0131mak istemese de eskisi kadar zor ayg\u0131tlar\u0131n\u0131 kullanamad\u0131\u011f\u0131 da a\u00e7\u0131kt\u0131r. Bunun \u00fczerine bir de\u011ferlendirme yap\u0131lacakt\u0131r.<\/p>\n<p dir=\"ltr\">Emre \u00d6zyeti\u015f:\u00a0Pembe Vicdani Red<\/p>\n<p dir=\"ltr\">T\u00fcrkiye\u2019deki toplumsal muhalefet a\u011flar\u0131 i\u00e7erisinde LGBT\u0130 hareketi a\u00e7t\u0131\u011f\u0131 \u00f6zerk m\u00fccadele alan\u0131 bak\u0131m\u0131ndan \u00f6zg\u00fcn bir konuma sahip. \u00d6te yandan, \u00f6zellikle 7 Haziran 2015 se\u00e7imleri sonras\u0131nda g\u00fcn ge\u00e7tik\u00e7e daha da \u015fiddetlenen \u00e7at\u0131\u015fmal\u0131 s\u00fcre\u00e7 ve sava\u015f, toplumsal muhalefet ve m\u00fccadele deneyimi s\u00fcresince elde etti\u011fimizi varsayd\u0131\u011f\u0131m\u0131z kazan\u0131mlar\u0131n g\u00f6zden ge\u00e7irilmesini zorunlu k\u0131l\u0131yor. T\u00fcrkiye\u2019nin i\u00e7ine s\u00fcr\u00fcklendi\u011fi sava\u015f s\u00fcresince iktidar\u0131n kullan\u0131m\u0131n\u0131 yayg\u0131nla\u015ft\u0131rd\u0131\u011f\u0131 s\u00f6ylem, toplumu tahayy\u00fcl etti\u011fimizden \u00e7ok daha h\u0131zl\u0131 bir \u015fekilde militarize ederek, dayat\u0131lan bask\u0131c\u0131 ve otoriter yap\u0131ya kar\u015f\u0131 m\u00fccadeleyi neredeyse i\u015flevsizle\u015ftirdi. Bu ba\u011flam i\u00e7erisinde, askerlikle olan ili\u015fkisi \u201cpembe tezkere\u201d arac\u0131l\u0131\u011f\u0131yla tariflenen LGBT\u0130 bireylerin, sava\u015fa ve mevcut egemen yap\u0131n\u0131n tahakk\u00fcm ara\u00e7lar\u0131na kar\u015f\u0131 vicdani reddi savunmalar\u0131 ne anlama gelir?<\/p>\n<p>&nbsp;<\/p>\n<p><strong>At\u00f6lye:\u00a0Cinsel \u015eiddeti Lubunca Tart\u0131\u015f\u0131yoruz<br \/>\n<strong>Saat: 17:00 \u2013 19:00 \u00a0\u00a0Yer:\u00a0Feminist Mekan<\/strong><br \/>\n<\/strong><\/p>\n<p>Cinsel \u015fiddet sonras\u0131 ya\u015fanan travmaya direnen ki\u015filer, cinsel \u015fiddete maruz b\u0131rak\u0131lanlar, cinsel \u015fiddetin her hangi bir t\u00fcr\u00fcne tan\u0131kl\u0131k edenler\u2026 Yani hemen hepimiz i\u00e7in kullanabilece\u011fimiz, g\u00fc\u00e7lendirici bir dile ihtiya\u00e7 var. LGBTI\u2019ler lubuncada cinsel \u015fiddet ile ilgili kavramlar\u0131 kullan\u0131yor mu? Ve nas\u0131l? Seks pozitif dilimiz cinsel \u015fiddette maruz b\u0131rak\u0131ld\u0131\u011f\u0131m\u0131zda kendimizi ifade etmemizi sa\u011fl\u0131yor mu? Kendi dilimizde, cinsel \u015fiddete maruz b\u0131rak\u0131lm\u0131\u015f ve sonras\u0131nda direnen ki\u015filere nas\u0131l hitap edebilece\u011fimizi bilemiyoruz. \u0130ngilizce kullan\u0131lan \u2018survivor\u201ddan \u00e7evirdi\u011fimiz \u201chayatta kalan\u201d bu ihtiyac\u0131 kar\u015f\u0131l\u0131yor mu? LGBTI\u2019lerin ya\u015fad\u0131klar\u0131 cinsel \u015fiddet deneyimleri dilimize yans\u0131yor mu? Hangi cinsel \u015fiddet bi\u00e7imleri daha g\u00f6r\u00fcn\u00fcl\u00fcr? \u00a0Cinsel \u015fiddeti konu\u015furken hangi kavramlar g\u00fc\u00e7lendirici? Hangileri mitleri yeniden \u00fcretip kemikle\u015ftiriyor? Bu sorular LGBTI\u2019lerin ya\u015fad\u0131\u011f\u0131 cinsel \u015fiddeti kavram d\u00fczeyinde tart\u0131\u015fma ihtiyac\u0131n\u0131 do\u011furdu. Hadi Konu\u015fal\u0131m!!!!<\/p>\n<p><u>Cinsel \u015eiddetle M\u00fccadele Derne\u011fi<\/u><\/p>\n<p>&nbsp;<\/p>\n<p><strong>Panel: \u00dcniversiteli LGBT\u0130+ Bulu\u015fmas\u0131 + Kokteyl<br \/>\n<strong>Saat: 19:00 \u2013 21:00 \u00a0\u00a0Yer:\u00a0Cezayir Toplant\u0131 Salonu<\/strong><br \/>\n<\/strong><\/p>\n<p>Sunum:\u00a0<u>G\u00f6rkem Ulumeri\u00e7<\/u><\/p>\n<p>\u0130stanbul LGBT\u0130+ Onur Haftas\u0131, LGBT\u0130+ \u00f6\u011frenci kul\u00fcpleri, cinsiyetsiz tuvaletler, yurtlar ve soyunma odalar\u0131, akran zorbal\u0131\u011f\u0131, g\u00fcvenli alanlar, ve kamp\u00fcs aktivizmi hakk\u0131nda yap\u0131lacak sunum ve ard\u0131ndan verilecek tan\u0131\u015fma kokteyline LGBT\u0130+ \u00f6\u011frencileri davet etmekten onur duyar. Kat\u0131l\u0131m \u00fcniversite \u00f6\u011frencileriyle s\u0131n\u0131rl\u0131d\u0131r. Kay\u0131t i\u00e7in\u00a0<a href=\"mailto:istanbulpride@gmail.com\">istanbulpride@gmail.com<\/a>\u00a0adresine mail at\u0131n\u0131z.<\/p>\n<p>&nbsp;<\/p>\n<p><strong>Parti: SOKAK PART\u0130S\u0130<br \/>\n<strong>Saat: 20:00 \u00a0Yer:\u00a0Piri \u00c7avu\u015f Sokak, Kad\u0131k\u00f6y<\/strong><br \/>\n<\/strong><\/p>\n<p>Pazartesi ak\u015fam\u0131 Kad\u0131k\u00f6y\u2019de heteronormative ile derdi olanlar olarak\u037e bizleri evlere hapsetmek isteyenlere, kendilerini hayat\u0131n oldu\u011fu gibi sokaklar\u0131n da sahibi sanan egemenlere, yap ama evde yap kimseler g\u00f6rmesin diyenlere, ve daha nicesine inat bulu\u015fuyor, dans ediyor, taciz edilme, yaln\u0131z kalma korkusu olmadan, tedirgin de\u011fil g\u00fc\u00e7l\u00fc hissederek e\u011fleniyoruz!<\/p>\n<p>&nbsp;<\/p>\n<p><strong>\u201cQUEER BEDEN\u201d \u00c7ALI\u015eMALARI kapsam\u0131nda\u00a0\u2018Yak\u0131nl\u0131k ve \u0130\u00e7tenlik kavram\u0131\u2019 (I)<br \/>\n<strong>Saat: 20:00 \u2013 22:30 \u00a0\u00a0\u00a0\u00a0\u00a0Yer: \u00c7at\u0131<\/strong><br \/>\n<\/strong><\/p>\n<p>\u0130ki g\u00fcn boyunca yakla\u015f\u0131k \u00fc\u00e7er saatlik bir zaman diliminde ger\u00e7ekle\u015ftirilmesi planlanan bu at\u00f6lye \u2018queer birey\u2019lerle \u2018yak\u0131nl\u0131k ve i\u00e7tenlik\u2019 temas\u0131 \u00fczerinden beden odakl\u0131 bir ara\u015ft\u0131rmadir. Birbirimizle, d\u00fcnyayla ve di\u011ferleriyle ili\u015fkilenirken queer olu\u015f bize ne verir? Queer bir hayat\u0131n i\u00e7inde yak\u0131nl\u0131k ve i\u00e7tenlik duygular\u0131m\u0131z nas\u0131l kurulur\/nas\u0131l kurulmaz? gibi sorular\u0131n pe\u015fine d\u00fc\u015fece\u011fimiz at\u00f6lyede g\u00fcncel do\u011fa\u00e7lama pratiklerinden yola \u00e7\u0131karak kat\u0131l\u0131mc\u0131lar\u0131n kendi d\u00fcnyalar\u0131na, kendileriyle, d\u00fcnyayla ve di\u011ferleriyle ili\u015fkilenmelerine y\u00f6nelik yeni bir bak\u0131\u015f ve dinamik kazanmalar\u0131 ama\u00e7lanmaktad\u0131r.<\/p>\n<p>Y\u00fcr\u00fct\u00fcc\u00fc:\u00a0<u>Ufuk \u015eenel<\/u><\/p>\n<h2><span style=\"color: #ff0000;\"><strong>21 Haziran Sal\u0131<\/strong><\/span><\/h2>\n<p><strong>At\u00f6lye:<\/strong>\u00a0\u00a0<strong>E\u015fitler aras\u0131 \u00d6rg\u00fctlenme ve Bir Karar Alma Y\u00f6ntemi Olarak Konsensus<br \/>\n<strong>Saat: 15:00 \u2013 18:00 \u00a0\u00a0Yer: SALT Galata<\/strong><br \/>\n<\/strong><\/p>\n<p>(\u015eiddetsizlik Merkezi)<\/p>\n<p>Hangimiz bir toplant\u0131 s\u0131ras\u0131nda daha \u00f6nce al\u0131nan karar\u0131 unutmad\u0131, hangimiz al\u0131nan karara dair \u201cyeterince bir \u015fey s\u00f6ylemedim\u201d diye hay\u0131flanmad\u0131, hangimiz o g\u00fcn can\u0131 s\u0131kk\u0131n oldu\u011fu i\u00e7in konu\u015fmak istemedi ve toplant\u0131da a\u011fz\u0131n\u0131 b\u0131\u00e7ak a\u00e7mad\u0131, hangimiz heyecan\u0131na yenilip \u00e7ok konu\u015fmad\u0131 ve di\u011ferlerinin zaman\u0131n\u0131 \u00e7almad\u0131 ki?!<\/p>\n<p>Hepimiz bireysel ya da \u00f6rg\u00fctl\u00fc m\u00fccadelelerimizde ba\u015fkalar\u0131yla ayn\u0131 masaya oturup toplant\u0131lar, tart\u0131\u015fmalar yapt\u0131k, kararlar ald\u0131k. E\u015fittik. Ama toplant\u0131 s\u0131ras\u0131nda e\u015fit miydik? E\u015fitler aras\u0131 yap\u0131lan toplant\u0131larda al\u0131nan kararlar t\u00fcm kat\u0131l\u0131mc\u0131lar\u0131n ortak sorumlulu\u011fuyla al\u0131nan kararlard\u0131r ve bu y\u00fczden herkesin bu karara e\u015fit kat\u0131l\u0131m\u0131, karar\u0131n nas\u0131l al\u0131nd\u0131\u011f\u0131 ve nas\u0131l uygulamaya ge\u00e7irildi\u011fi hak m\u00fccadelesi veren gruplar i\u00e7in ayn\u0131 derecede \u00f6nemlidir. Tabandan, e\u015fit \u00f6rg\u00fctlenen politik gruplar i\u00e7in kararlar\u0131n nas\u0131l al\u0131nd\u0131\u011f\u0131 g\u00fc\u00e7 ve hiyerar\u015fiyle m\u00fccadelede \u00f6nemli bir aland\u0131r. Bu y\u00fczden bir karar alma y\u00f6ntemi olan KONSENS\u00dcS; t\u00fcm kat\u0131l\u0131mc\u0131lar\u0131n e\u015fit \u015fekilde grubun karar s\u00fcrecine kat\u0131lmas\u0131n\u0131, g\u00fcc\u00fcn grup i\u00e7inde e\u015fit da\u011f\u0131t\u0131lmas\u0131n\u0131, zaman\u0131n ve di\u011fer kaynaklar\u0131n en verimli \u015fekilde kullan\u0131lmas\u0131n\u0131 ama\u00e7lar.<\/p>\n<p>Bu onur haftas\u0131nda \u201c \u00d6rg\u00fctleniyoruz \u201c temas\u0131 \u00e7er\u00e7evesinde daha verimli toplant\u0131lar yapma ve kararlar alma y\u00f6ntemi olan KONSENS\u00dcS\u2019\u00fc \u00e7al\u0131\u015fmak istiyoruz.<\/p>\n<p><em>Not: At\u00f6lye aktivist olan veya olmayan herkese a\u00e7\u0131kt\u0131r. At\u00f6lye en az 3 saat s\u00fcrecektir.<\/em><\/p>\n<p>&nbsp;<\/p>\n<p><strong>At\u00f6lye: Maske At\u00f6lyesi (I)<br \/>\n<strong>Saat:\u00a017:00\u00a0\u00a0\u00a0Yer: TAK<\/strong><br \/>\n<\/strong><\/p>\n<p>Mask &amp; March<br \/>\nOnur Haftas\u0131\u2019nda yaln\u0131zca sokaklar\u0131, meydanlar\u0131 de\u011fil, kendi bedenimizi de renklerle donatmak, maskeyi al\u0131\u015f\u0131lm\u0131\u015f\u0131n aksine gizlenme de\u011fil, g\u00f6r\u00fcn\u00fcr olma ve ifade \u00f6zg\u00fcrl\u00fc\u011f\u00fc amac\u0131yla kullanmak \u00fczere herkesi kendi maskesini yapmas\u0131 i\u00e7in at\u00f6lyemize bekliyoruz.<br \/>\nKullan\u0131lacak malzemeler: Karton, ka\u011f\u0131t, tekstil malzemeleri, at\u0131k malzemeler, akrilik boya ve renklendiriciler, tutkal \u2013 Kat\u0131l\u0131mc\u0131lar ek olarak istedikleri at\u0131k malzemeleri, kolaj teknikleri i\u00e7in g\u00f6rsel malzeme ve yay\u0131n\u0131 getirebilirler.<br \/>\nEtkinlik 2 g\u00fcn s\u00fcreyle toplam 12 saatlik bir \u00e7al\u0131\u015fmay\u0131 kaps\u0131yor.<\/p>\n<p>Kolayla\u015ft\u0131r\u0131c\u0131:\u00a0<u>O\u011fuz G\u00fcdek<\/u><\/p>\n<p><em>Not: Kat\u0131l\u0131mc\u0131 say\u0131s\u0131 30 ki\u015fi ile s\u0131n\u0131rl\u0131d\u0131r. maskandmarch@gmail.com adresinden kay\u0131t yapt\u0131r\u0131lmas\u0131 gerekmektedir.<\/em><\/p>\n<p>&nbsp;<\/p>\n<p><strong>At\u00f6lye: Lubunyan\u0131n Gece Hayat\u0131 ile \u0130mtihan\u0131<br \/>\n<strong>Saat: 17:00 \u2013 19:00 \u00a0\u00a0Yer: LeylaAlt<\/strong><br \/>\n<\/strong><\/p>\n<p>\u015eemmamme gece hayat\u0131m\u0131za, parti e\u011flencemize ne zaman girdi?<br \/>\nHalay \u00e7ekmeyi neden bu kadar \u00e7ok seviyoruz?<br \/>\nBir ben bir Allah biliyor diye yerlere yatan lubunyalara nas\u0131l g\u00f6bek att\u0131r\u0131l\u0131r?<br \/>\nTi\u00ebsto\u2019dan Bergen\u2019e uzanan m\u00fczik zevklerimiz?<br \/>\nEn favori partilerimizin nesini sevdik? M\u00fcziklerini mi? Mekan\u0131n\u0131 m\u0131?<br \/>\nYoksa koli bulma ihtimalini mi?<br \/>\nLGBT-friendly (dostu) kavram\u0131 bizim i\u00e7in ne ifade ediyor.<\/p>\n<p>Biz mi mekanlar\u0131 kullan\u0131yoruz, onlar m\u0131 bizi kullan\u0131yor?<\/p>\n<p><u>nots<\/u>\u00a0ve\u00a0<u>\u015eevval<\/u>\u00a0LGBT\u0130+ e\u011flence hayat\u0131n\u0131 masaya yat\u0131r\u0131yor.<br \/>\nGelin birlikte muhabbet edelim.<\/p>\n<p>&nbsp;<\/p>\n<p><strong>Panel: Neden LGBT\u0130+ Bar\u0131\u015f Giri\u015fimi<br \/>\n<strong>Saat: 17:00 \u2013 19:00 \u00a0\u00a0Yer: Cezayir Toplant\u0131 Salonu<\/strong><br \/>\n<\/strong><\/p>\n<p>Moderasyon:\u00a0<u>Esra Ferit<\/u><\/p>\n<p>Konu\u015fmac\u0131lar:\u00a0<u>\u0130rem G\u00fcven, Zelal Demir, Cihan Erdal<\/u><\/p>\n<p>Hayat\u0131n temeli: Oksijen ve Bar\u0131\u015f!<\/p>\n<p>Ya\u015fad\u0131\u011f\u0131m\u0131z \u015fu g\u00fcnler, bar\u0131\u015f\u0131n \u00f6nemini daha iyi g\u00f6zler \u00f6n\u00fcne sermi\u015f bulunmakta. Bizler, \u00f6rg\u00fctl\u00fc-\u00f6rg\u00fcts\u00fcz LGBT\u0130+aktivistleri; bu ihtiyac\u0131 her yerde hayk\u0131rmak \u00fczere bir araya geldik; varolu\u015f sebebimizi ve bu s\u00fcre\u00e7te ald\u0131\u011f\u0131m\u0131z yolu aktarmak ve daha neler yapabilece\u011fimizi birlikte konu\u015fmak istiyoruz, aram\u0131zda olman bizi g\u00fc\u00e7lendirir.<\/p>\n<p>&nbsp;<\/p>\n<p><strong>At\u00f6lye: Pembe Tezkere<br \/>\n<strong>Saat: 18:30 \u2013 20:30 \u00a0\u00a0Yer: SALT Galata<\/strong><br \/>\n<\/strong><\/p>\n<p>Erkeklik deneyimi olanlar\u0131m\u0131z zaman\u0131 geldi\u011finde T\u00fcrkiye\u2019de zorunlu olan askerlik hizmetini yerine getirmek i\u00e7in ilgili yerlerden \u00e7a\u011fr\u0131l\u0131yorlar. Oysa bizler i\u00e7in askerlik hizmetini yerine getirmemek bir hak! Pembe tezkere alman\u0131n yasal bir prosed\u00fcr\u00fc var.<\/p>\n<p>Pembe teskere alabilir miyim? Pembe tezkere al\u0131rken hangi yolu izlemem gerekir? Bu s\u00fcre\u00e7te hangi hususlara dikkat etmeliyim? Pembe tezkere almam sosyal-i\u015f ya\u015fam\u0131m\u0131 nas\u0131l etkiler?<\/p>\n<p>Gelin at\u00f6lyemizde t\u00fcm bu sorular \u00fczerine beraber d\u00fc\u015f\u00fcnelim!<\/p>\n<p>&nbsp;<\/p>\n<p><strong>Oyun Okumas\u0131+S\u00f6yle\u015fi:\u00d6C\u00dcLER<br \/>\n<strong>Saat: 19:15 Yer: Frans\u0131z K\u00fclt\u00fcr Merkezi<\/strong><br \/>\n<\/strong><\/p>\n<p>Yazan:\u00a0<u>Yann Verburgh<\/u><\/p>\n<p>\u00c7eviren:\u00a0<u>Ayberk Erkay<\/u><\/p>\n<p>Y\u00f6neten:\u00a0<u>biriken (Melis Tezkan, Okan Urun)<\/u><\/p>\n<p>Oyuncular:\u00a0<u>Alican Y\u00fccesoy, Canan Atalay, Defne Halman, Halil Bab\u00fcr, Okan Urun<\/u><\/p>\n<p>\u201cbiriken\u201d kolektifi, Onur Haftas\u0131 etkinlikleri kapsam\u0131nda, yazar Yann Verburgh\u2019un \u00d6c\u00fcler oyununu Frans\u0131z K\u00fclt\u00fcr Merkezi\u2019nde okuma tiyatrosu olarak sahneliyor. \u00a0Yazar\u0131n 2014\u2019te yazd\u0131\u011f\u0131 ilk oyunu olan \u00d6c\u00fcler, g\u00fcn\u00fcm\u00fczde homofobi konusunu ele al\u0131rken Fransa\u2019dan Rusya\u2019ya, Uganda\u2019dan \u0130ran, Bulgaristan, G\u00fcney Afrika, Kamerun, Yunanistan, Brezilya, Romanya, G\u00fcney Kore ve \u00a0Hollanda\u2019ya kadar uzanan bir co\u011frafyada toplumsal ve hatta fiziksel olarak d\u0131\u015flayan ve her defas\u0131nda farkl\u0131 \u015fekiller alan ayr\u0131mc\u0131l\u0131\u011f\u0131n genel tablosunu \u00e7iziyor.<\/p>\n<p>Oyun, bir yandan Normandiya\u2019da bir ormanda i\u015fkenceye maruz kald\u0131ktan \u00a0sonra \u00f6l\u00fcme terk edilen Benjamin\u2019in hikayesini takip ederken bir yandan da ond\u00f6rt farkl\u0131 \u00fclkedeki ma\u011fdurlar\u0131n, sald\u0131rganlar\u0131n, ailelerin ve dayan\u0131lmaz \u015fiddetin tan\u0131klar\u0131n\u0131n bak\u0131\u015f a\u00e7\u0131lar\u0131n\u0131 kar\u015f\u0131 kar\u015f\u0131ya getirir. \u015eiddetin, i\u015fkencenin, tutars\u0131zl\u0131\u011f\u0131n ortas\u0131nda ve yaralar\u0131n alt\u0131nda kal\u0131p da yok edilemeyen tek \u015fey ise d\u00fcnyan\u0131n d\u00f6rt k\u00f6\u015fesindeki bu karakterlerin a\u015fklar\u0131, umutlar\u0131 ve cesaretleridir.<\/p>\n<p>Oyun okumas\u0131 sonras\u0131nda yazar Yann Verburgh\u2019la s\u00f6yle\u015fi ger\u00e7ekle\u015ftirilecektir.<br \/>\n*FRANSIZ K\u00dcLT\u00dcR MERKEZ\u0130 ETK\u0130NL\u0130KLER\u0130NE KATILIM \u0130\u00c7\u0130N \u00d6N KAYIT YAPTIRILMASI GEREKMEKTED\u0130R.<br \/>\nKAYIT \u0130\u00c7\u0130N: https:\/\/www.inscription-facile.com\/form\/qT4ZOXdmrlovz2zvrxwy<\/p>\n<p>&nbsp;<\/p>\n<p><strong>At\u00f6lye: E\u015fcinselli\u011fin Hastal\u0131k S\u0131n\u0131fland\u0131r\u0131lmas\u0131ndan \u00c7\u0131kar\u0131lmas\u0131ndan Sonraki\u00a0S\u00fcre\u00e7te Toplumsal Etkile\u015fimde Ruh Sa\u011fl\u0131\u011f\u0131 \u00c7al\u0131\u015fanlar\u0131n\u0131n Rol\u00fc ve\u00a0Sorumluluklar\u0131<br \/>\n<strong>Saat: 19:30 \u2013 21:00 \u00a0\u00a0Yer: Cezayir Toplant\u0131 Salonu<\/strong><br \/>\n<\/strong><\/p>\n<p>E\u015fcinsellik 1973 y\u0131l\u0131nda DSM\u2019den, 17 May\u0131s 1990 y\u0131l\u0131nda da D\u00fcnya Sa\u011fl\u0131k \u00d6rg\u00fct\u00fc\u2019n\u00fcn hastal\u0131k kriterlerinden \u00e7\u0131kart\u0131ld\u0131. Transseks\u00fcellik i\u00e7in ise hala karma\u015fa devam ediyor. Her ne kadar 1960\u2019lar\u0131n sonlar\u0131ndan itibaren tedavi s\u00f6ylemi terkedilmeye ba\u015flansa ve 1973 y\u0131l\u0131 ile birlikte ilk resmiyetini kazansa da toplumsal alg\u0131da ve ya\u015fant\u0131da hastal\u0131k, su\u00e7 ve g\u00fcnah kavramlar\u0131 ile an\u0131lmaya devam edildi. Bug\u00fcn hala LGBT\u0130\u2019lere y\u00f6nelik yo\u011fun bir \u015fekilde seyreden ayr\u0131mc\u0131l\u0131k, nefret s\u00f6ylemi ve nefret cinayetleri ile m\u00fccadele ediliyor. En \u00f6nemlisi de, resmi olarak bir kar\u015f\u0131l\u0131\u011f\u0131 olmasa da baz\u0131 ruh sa\u011fl\u0131\u011f\u0131 \u00e7al\u0131\u015fanlar\u0131 taraf\u0131ndan tedavi s\u00f6ylemi ile bir rant alan\u0131 yarat\u0131lmaya, toplumsal bir meseleden kazan\u00e7 kap\u0131s\u0131 \u00e7\u0131kar\u0131lmaya \u00e7al\u0131\u015f\u0131l\u0131yor. Bu sebeple, bu y\u0131l Onur Haftas\u0131 kapsam\u0131nda, sadece topluma de\u011fil, ruh sa\u011fl\u0131\u011f\u0131 alan\u0131nda okuyan ya da \u00e7al\u0131\u015fanlar olarak, bizzat ruh sa\u011fl\u0131\u011f\u0131 alan\u0131n\u0131n kendisine nas\u0131l m\u00fcdahale edebilece\u011fimizi ve sorumluluklar\u0131m\u0131z\u0131 tart\u0131\u015fmak istiyoruz.<\/p>\n<p>Moderasyon:\u00a0<u>Evren Evrim \u00d6nal, \u00d6zge G\u00fcd\u00fcl<\/u><\/p>\n<p>Panelistler:\u00a0<u>Eser Sand\u0131k\u00e7\u0131, P\u0131nar \u00d6nen, Seven Kaptan, Umut \u015eah<\/u><\/p>\n<p>&nbsp;<\/p>\n<p><strong>At\u00f6lye: \u201cQUEER BEDEN\u201d \u00c7ALI\u015eMALARI kapsam\u0131nda<br \/>\n\u2018Yak\u0131nl\u0131k ve \u0130\u00e7tenlik kavram\u0131\u2019 (II)<br \/>\n<strong>Saat: 20:00 \u2013 22:30 \u00a0\u00a0\u00a0\u00a0\u00a0Yer: \u00c7at\u0131<\/strong><br \/>\n<\/strong><\/p>\n<p>\u0130ki g\u00fcn boyunca yakla\u015f\u0131k \u00fc\u00e7er saatlik bir zaman diliminde ger\u00e7ekle\u015ftirilmesi planlanan bu at\u00f6lye \u2018queer birey\u2019lerle \u2018yak\u0131nl\u0131k ve i\u00e7tenlik\u2019 temas\u0131 \u00fczerinden beden odakl\u0131 bir ara\u015ft\u0131rmadir. Birbirimizle, d\u00fcnyayla ve di\u011ferleriyle ili\u015fkilenirken queer olu\u015f bize ne verir? Queer bir hayat\u0131n i\u00e7inde yak\u0131nl\u0131k ve i\u00e7tenlik duygular\u0131m\u0131z nas\u0131l kurulur\/nas\u0131l kurulmaz? gibi sorular\u0131n pe\u015fine d\u00fc\u015fece\u011fimiz at\u00f6lyede g\u00fcncel do\u011fa\u00e7lama pratiklerinden yola \u00e7\u0131karak kat\u0131l\u0131mc\u0131lar\u0131n kendi d\u00fcnyalar\u0131na, kendileriyle, d\u00fcnyayla ve di\u011ferleriyle ili\u015fkilenmelerine y\u00f6nelik yeni bir bak\u0131\u015f ve dinamik kazanmalar\u0131 ama\u00e7lanmaktad\u0131r.<\/p>\n<p>Y\u00fcr\u00fct\u00fcc\u00fc:\u00a0<u>Ufuk \u015eenel<\/u><\/p>\n<p>&nbsp;<\/p>\n<p><strong>AT\u00d6LYE: Koli Bulma<br \/>\n<strong>Saat: 21:00 \u2013 22:00 \u00a0\u00a0Yer:\u00a0Mail yoluyla bildirilecek<\/strong><br \/>\n<\/strong><\/p>\n<p>Gecen sene ilkini gerceklestirdigimiz etkinlik, koli yogunlugundan tekrar sizlerle. Daha curetkar, daha kapali ve daha kolili.<\/p>\n<p>Partner bulmak, koli kald\u0131rmak i\u00e7in kulland\u0131\u011f\u0131m\u0131z uygulamadan be\u011fendi\u011fimiz birine \u201cSLM\u201d yazd\u0131k. Eee sonra? Eve gelmesine kadar ge\u00e7en s\u00fcrede ne yap\u0131l\u0131r, nas\u0131l haz\u0131rlan\u0131l\u0131r ? Kahve i\u00e7mek i\u00e7in nerelere gidilir? Eve nas\u0131l davet edilir? Hepsi ve daha fazlas\u0131 uygulamal\u0131 olarak bu at\u00f6lyede. S\u0131n\u0131rl\u0131 say\u0131da kat\u0131l\u0131m gerektiren bir etkinlik oldu\u011fu i\u00e7in kat\u0131lmak i\u00e7in istanbulpride@gmail.com adresine mail atman\u0131z gerekmektedir. Mekan kat\u0131l\u0131mc\u0131lara mail yoluyla bildirilecektir.<\/p>\n<h2><span style=\"color: #ff0000;\"><strong>22 Haziran \u00c7ar\u015famba<\/strong><\/span><\/h2>\n<p><strong>At\u00f6lye: Bedensel Derinle\u015fme: Bedenim Nas\u0131l Bir Co\u011frafya?<br \/>\n<strong>Saat: 15:00 \u2013 17:00 \u00a0\u00a0Yer: \u00a0SALT Galata<\/strong><br \/>\n<\/strong><\/p>\n<p>At\u00f6lye Y\u00fcr\u00fct\u00fcc\u00fcs\u00fc:\u00a0<u>Gizem Aksu<\/u><\/p>\n<p>At\u00f6lye, \u201cBedenim nas\u0131l bir co\u011frafya?\u201d sorusuyla kat\u0131l\u0131mc\u0131lar\u0131 kendi beden co\u011frafyalar\u0131nda bir gezintiye \u00e7\u0131kmaya davet ediyor. Bu co\u011frafyan\u0131n \u00f6n\/\u00f6z\u00adyarg\u0131lardan muaf olmas\u0131 beklenmiyorsa derin dinleme ve duyumsama ile belirmeye ba\u015flayan her bir katmandan a\u00e7\u0131\u011fa \u00e7\u0131kanlara tan\u0131k olmak, anlamlardan s\u0131yr\u0131l\u0131p an\u2019a varabilmek m\u00fcmk\u00fcn olabilir mi? Hislerin g\u00fcndelik repertuar\u0131ndan, et\u2019in y\u0131llanan izlerine kadar uzanacak bir ke\u015fif\u2026 Hayat\u0131n t\u00fcm hallerinin i\u015flendi\u011fi beden co\u011frafyas\u0131n\u0131n bollu\u011funa, her bedenin biricik ve \u00f6zg\u00fcn co\u011frafyas\u0131na dalmaya davetlisiniz.<\/p>\n<p>&nbsp;<\/p>\n<p><strong>Panel: Vegan Aksiyon \u2013 Hayvanlar \u0130\u00e7in Adalet<br \/>\n<strong>Saat: 16:00 \u2013 18:00 \u00a0\u00a0Yer: Cezayir<\/strong><br \/>\n<\/strong><\/p>\n<p>Konu\u015fmac\u0131lar:\u00a0<u>\u00d6zlem Dede, Arvid Bager<\/u><\/p>\n<p>Vegan Aksiyon olarak 24. LGBT\u0130+ Onur Haftas\u0131\u2019nda t\u00fcrc\u00fcl\u00fc\u011f\u00fc anlatmak istiyoruz. Hegemonik ili\u015fkiler sadece insanlar aras\u0131 de\u011fil t\u00fcrler aras\u0131 da kuruluyor. \u0130nsan merkezli ya\u015fam\u0131m\u0131zda di\u011fer canl\u0131lar\u0131n haklar\u0131n\u0131n ne kadar fark\u0131nday\u0131z? LGBT\u0130+\u2019lar\u0131n, kad\u0131nlar\u0131n, engellilerin haklar\u0131n\u0131 savunuyoruz, havan\u0131n, suyun hakk\u0131n\u0131 savunuyoruz, di\u011fer canl\u0131lar\u0131n hakk\u0131n\u0131 kim savunmal\u0131? Adaleti herkes i\u00e7in istiyoruz.<\/p>\n<p>&nbsp;<\/p>\n<p><strong>At\u00f6lye: Maske At\u00f6lyesi (II)<br \/>\n<strong>Saat:\u00a017:00\u00a0\u00a0Yer: \u00a0TAK<\/strong><br \/>\n<\/strong><\/p>\n<p>Mask &amp; March<br \/>\nOnur Haftas\u0131\u2019nda yaln\u0131zca sokaklar\u0131, meydanlar\u0131 de\u011fil, kendi bedenimizi de renklerle donatmak, maskeyi al\u0131\u015f\u0131lm\u0131\u015f\u0131n aksine gizlenme de\u011fil, g\u00f6r\u00fcn\u00fcr olma ve ifade \u00f6zg\u00fcrl\u00fc\u011f\u00fc amac\u0131yla kullanmak \u00fczere herkesi kendi maskesini yapmas\u0131 i\u00e7in at\u00f6lyemize bekliyoruz.<br \/>\nKullan\u0131lacak malzemeler: Karton, ka\u011f\u0131t, tekstil malzemeleri, at\u0131k malzemeler, akrilik boya ve renklendiriciler, tutkal \u2013 Kat\u0131l\u0131mc\u0131lar ek olarak istedikleri at\u0131k malzemeleri, kolaj teknikleri i\u00e7in g\u00f6rsel malzeme ve yay\u0131n\u0131 getirebilirler. Etkinlik 2 g\u00fcn s\u00fcreyle toplam 12 saatlik bir \u00e7al\u0131\u015fmay\u0131 kaps\u0131yor.<\/p>\n<p>Kolayla\u015ft\u0131r\u0131c\u0131:\u00a0<u>O\u011fuz G\u00fcdek<\/u><\/p>\n<p><em>Not: Kat\u0131l\u0131mc\u0131 say\u0131s\u0131 30 ki\u015fi ile s\u0131n\u0131rl\u0131d\u0131r. maskandmarch@gmail.com adresinden kay\u0131t yapt\u0131r\u0131lmas\u0131 gerekmektedir.<\/em><\/p>\n<p>&nbsp;<\/p>\n<p><strong>PANEL: Trans Ge\u00e7i\u015f S\u00fcreci<br \/>\n<strong>Saat: 17:00 \u2013 19:00 \u00a0\u00a0Yer: SALT Galata<\/strong><br \/>\n<\/strong><\/p>\n<p>Moderasyon:\u00a0<u>As\u0131m Ada<\/u><\/p>\n<p>Konu\u015fmac\u0131lar:\u00a0<u>Esmeray, Berk, Sinem Hun<\/u><\/p>\n<p>Trans ge\u00e7i\u015f s\u00fcrecinin a\u015famalar\u0131n\u0131, ge\u00e7i\u015f s\u00fcrecinin prosed\u00fcr zorluklar\u0131n\u0131, t\u0131bbi s\u00fcrecin hukuki boyutunu konu\u015fuyor ve hormon kullan\u0131m\u0131, operasyon s\u00fcreci gibi deneyimleri ilk a\u011fz\u0131ndan dinliyoruz.<\/p>\n<p>&nbsp;<\/p>\n<p><strong>PANEL: Seks \u0130\u015f\u00e7ili\u011fi<br \/>\n<strong>Saat: 18:30 \u2013 21:00 \u00a0\u00a0Yer: Cezayir Toplant\u0131 Salonu<\/strong><br \/>\n<\/strong><\/p>\n<p>Seks i\u015f\u00e7ili\u011fi, T\u00fcrkiye\u2019de hakk\u0131nda \u00e7ok az \u015fey bilinen ama seks i\u015f\u00e7ileri d\u0131\u015f\u0131nda hemen herkesin arg\u00fcman \u00fcretti\u011fi konulardan biri.<br \/>\n\u0130stanbul LGBT\u0130+Onur Haftas\u0131, K\u0131rm\u0131z\u0131 \u015eemsiye Cinsel Sa\u011fl\u0131k ve \u0130nsan Haklar\u0131 Derne\u011fi ile i\u015fbirli\u011fi i\u00e7erisinde, T\u00fcrkiye\u2019de seks i\u015f\u00e7ilerinin genel hak durumunu, tecr\u00fcbelerini ve ihtiya\u00e7lar\u0131n\u0131 tart\u0131\u015fmaya a\u00e7\u0131yor. G\u00fcncel geli\u015fmelerin de ele al\u0131naca\u011f\u0131 panelde, seks i\u015f\u00e7ili\u011finin d\u00fcn\u00fc ve bug\u00fcn\u00fc aras\u0131nda k\u0131yaslama yap\u0131lacak, konuyla ilgili savunuculuk stratejileri ve hak \u00f6rg\u00fctlerinin geldikleri nokta dillendirilecek ve seks i\u015f\u00e7ilerinin g\u00f6r\u00fcnmeyen meseleleri g\u00fcndeme ta\u015f\u0131nacak.<br \/>\nHerkesi seks i\u015f\u00e7ileriyle dayan\u0131\u015fmaya davet ediyoruz. Gelin, hep birlikte sorunlar\u0131m\u0131z\u0131 konu\u015fal\u0131m.<\/p>\n<p><strong>T\u00dcRK\u0130YE\u2019DE SEKS \u0130\u015e\u00c7\u0130L\u0130\u011e\u0130: DENEY\u0130MLER, \u0130HT\u0130YA\u00c7LAR, \u00d6NER\u0130LER<\/strong><\/p>\n<p>Moderasyon:<\/p>\n<p><u>Beg\u00fcm Ba\u015fda\u015f<\/u>, Uluslararas\u0131 Af \u00d6rg\u00fct\u00fc T\u00fcrkiye \u015eubesi<\/p>\n<p>\u201cFahi\u015felikten Seks \u0130\u015f\u00e7ili\u011fine Hak M\u00fccadelesi ve G\u00fcncel Durum\u201c<\/p>\n<p><u>Kemal \u00d6rdek<\/u>, K\u0131rm\u0131z\u0131 \u015eemsiye Cinsel Sa\u011fl\u0131k ve \u0130nsan Haklar\u0131 Derne\u011fi<\/p>\n<p>\u201cT\u00fcrkiye\u2019de Seks \u0130\u015f\u00e7ilerinin Cinsel Sa\u011fl\u0131k ve \u00dcreme Sa\u011fl\u0131\u011f\u0131 Durumu\u201d<\/p>\n<p><u>Dr. G\u00f6khan Y\u0131ld\u0131r\u0131mkaya<\/u>, Birle\u015fmi\u015f Milletler N\u00fcfus Fonu T\u00fcrkiye Temsilcili\u011fi<\/p>\n<p>\u201cSeks \u0130\u015f\u00e7ilerinin Medyada Temsili\u201d<\/p>\n<p><u>\u00d6zge G\u00f6kp\u0131nar<\/u>, K\u0131rm\u0131z\u0131 \u015eemsiye Cinsel Sa\u011fl\u0131k ve \u0130nsan Haklar\u0131 Derne\u011fi<\/p>\n<p>\u201cTrans Kad\u0131n Seks \u0130\u015f\u00e7ilerine Kar\u015f\u0131 \u015eiddet: Deneyimler\u201d<\/p>\n<p><u>Derya Karag\u00f6z<\/u>, K\u0131rm\u0131z\u0131 \u015eemsiye Cinsel Sa\u011fl\u0131k ve \u0130nsan Haklar\u0131 Derne\u011fi<\/p>\n<p>\u201cKay\u0131td\u0131\u015f\u0131 Seks \u0130\u015f\u00e7ili\u011fi ve Geneleve Giri\u015f S\u00fcrecinde Ya\u015fananlar\u201d<\/p>\n<p><u>Niler Albayrak<\/u>, K\u0131rm\u0131z\u0131 \u015eemsiye Cinsel Sa\u011fl\u0131k ve \u0130nsan Haklar\u0131 Derne\u011fi<\/p>\n<p>\u201cBir Genelev \u00c7al\u0131\u015fan\u0131n\u0131n G\u00f6z\u00fcnden Genelevde Ya\u015fam\u201d<\/p>\n<p><u>Sevgi<\/u>, Genelev \u00c7al\u0131\u015fan\u0131<\/p>\n<p>\u201cBir Genelev Patronunun G\u00f6z\u00fcnden Genelevler ve \u0130htiya\u00e7lar\u201d Mehmet, Genelev Patronu<\/p>\n<p><u>Alper Rheme<\/u>, Erkek seks i\u015f\u00e7isi olmak: sorunlar ve \u00f6neriler.<\/p>\n<p><u>Ya\u011fmur Ar\u0131can<\/u>, Seks \u0130\u015f\u00e7ili\u011fi Politikalar\u0131 Tart\u0131\u015fmalar\u0131<\/p>\n<p>&nbsp;<\/p>\n<p><strong>F\u0130LM G\u00d6STER\u0130M\u0130: Ve\u015fart\u00ee\/Gizli*<br \/>\n<strong>Saat: 19:00 \u00a0\u00a0Yer: Pera \u00a0M\u00fczesi Oditoryumu<\/strong><br \/>\n<\/strong><\/p>\n<p>T\u00fcrkiye \u2013 2015 \u2013 70\u2032 Y\u00f6netmen:\u00a0<u>Ali Kemal \u00c7\u0131narl\u0131<\/u><\/p>\n<p>Bir g\u00fcn bir kad\u0131n(Aram) Ali Kemal\u2019e, otuzuna geldi\u011finde bir kad\u0131na d\u00f6n\u00fc\u015fece\u011fini s\u00f6yler ve gider. Ali Kemal yak\u0131n bir zamanda otuzuna basacakt\u0131r ve otuz ya\u015f\u0131na girdikten k\u0131sa bir s\u00fcre sonra da evlenecektir. Bir taraftan Ali Kemal de\u011fi\u015fim fikrine adapte olmaya \u00e7al\u0131\u015f\u0131rken, di\u011fer taraftan da Berfin\u2019le olan ili\u015fkisini devam ettirmenin yollar\u0131n\u0131 arar.<\/p>\n<p>*G\u00f6sterimden sonra soru-cevap olacakt\u0131r.<\/p>\n<p><strong><br \/>\nM\u00dcLTEC\u0130 LGBT\u0130+ K\u0130TAP \u00a0LANSMANI (KOKTEYL)<br \/>\n<strong>Saat:19:00-21:00 Yer: Naz\u0131m Hikmet K\u00fclt\u00fcr ve Sanat Evi<\/strong><br \/>\n<\/strong><br \/>\nGerek ya\u015fad\u0131\u011f\u0131m\u0131z co\u011frafyada, gerekse Ortado\u011fu, Afrika ve Do\u011fu Avrupa\u2019da LGBT\u0130\u2019ler, Homofobi ve Transfobiye s\u0131k\u00e7a maruz kalmaktad\u0131r.<br \/>\nArap Bahar\u0131\u2019 ad\u0131 alt\u0131nda Ortado\u011fu\u2019da ba\u015flayan sava\u015flar, ya\u015fam alanlar\u0131 zaten k\u0131s\u0131tl\u0131 olan ve k\u0131r\u0131lgan gruplar aras\u0131nda say\u0131lan LGBT\u0130\u2019leri daha da a\u00e7\u0131k hedef haline getirmi\u015ftir. Bulundu\u011fu konum itibariyle T\u00fcrkiye, \u00f6zellikle Avrupa \u00fclkelerine g\u00f6\u00e7 etmek isteyen m\u00fcltecilerin ge\u00e7i\u015f g\u00fczerg\u00e2h\u0131 haline d\u00f6n\u00fc\u015fm\u00fc\u015ft\u00fcr.<br \/>\nH\u00eav\u00ee LGBT\u0130 Derne\u011fi olarak, M\u00fclteci LGBT\u0130\u2019ler alan\u0131ndaki \u00e7al\u0131\u015fmalar\u0131m\u0131z\u0131n bir sonucu olan M\u00fclteci LGBT\u0130\u2019ler kitab\u0131 yapt\u0131\u011f\u0131m\u0131z g\u00f6r\u00fc\u015fmeler, ya\u015fanan hak ihlallerinin te\u015fhiri ve kamuoyu bask\u0131s\u0131 olu\u015fturmak i\u00e7in haz\u0131rlanm\u0131\u015ft\u0131r.<br \/>\nKitapta kendini Lezbiyen, Gey, Biseks\u00fcel, Transseks\u00fcel veya Transgender olarak tan\u0131mlayan m\u00fcltecilerle g\u00f6r\u00fc\u015fmeler ve alan\u0131nda uzman ki\u015filerin \u00f6neri, mevzuat ve sorunun te\u015fhirine y\u00f6nelik yaz\u0131lar\u0131 da mevcuttur.<br \/>\nM\u00fclteci LGBT\u0130\u2019ler kitab\u0131 lansman\u0131nda bir araya gelmeyi ve yeni \u00e7\u0131km\u0131\u015f bu kitab\u0131 hep beraber tan\u0131ma ve de\u011ferlendirme \u015fans\u0131n\u0131 bulaca\u011f\u0131z.<\/p>\n<p>&nbsp;<\/p>\n<p><strong>AT\u00d6LYE: Bombalara Kar\u015f\u0131 Sofralar: A\u015fk\u0131n Tahakk\u00fcm\u00fc II<br \/>\n<strong>Saat: 19:00 \u2013 21:00 \u00a0\u00a0Yer: \u0130nfial<\/strong><br \/>\n<\/strong><\/p>\n<p>2015 Onur Haftas\u0131\u2019nda d\u00fczenlenen ilk forumun ard\u0131ndan bu seneki ikinci at\u00f6lyede a\u015fk ili\u015fkilerindeki tahakk\u00fcm bi\u00e7imleri aras\u0131ndan k\u0131skan\u00e7l\u0131k ve sahiplenmeye odaklan\u0131lacak; teke\u015fli heteronormatif ili\u015fki bi\u00e7imlerine alternatif kom\u00fcn ya\u015fam, \u00e7oka\u015fkl\u0131l\u0131k, a\u00e7\u0131k ili\u015fki gibi ya\u015fant\u0131lar dile gelecek. \u201cT\u00fcrk aile yap\u0131s\u0131\u201d devleti ayakta tutuyor, onu sarsmaktan \u00e7ekinmeyelim.<\/p>\n<p>&nbsp;<\/p>\n<p><strong>Performans + Parti: Play Night<br \/>\n<strong>Saat: 21:00 \u00a0\u00a0Yer: E-mail ile bildirilecektir<\/strong><br \/>\n<\/strong><\/p>\n<p>Cinsellik ve bedene y\u00f6nelik algimizi d\u00f6n\u00fc\u015ft\u00fcrecek, norm d\u0131\u015fi bir dunyanin kapilarini aralayacak performanslarin \u00a0ve interaktif oyunlarin olacagi geceye \u00a0queer bir bdsm ile ilgilenenleri davet ediyoruz. \u00a0Feti\u015flerinizi ku\u015fanip gelmekten \u00e7ekinmeyiniz.<\/p>\n<p>Katilim 20 kisiyle sinirlidir, kayit yapt\u0131rmayanlar alinmayacaktir.<\/p>\n<p>Kayit i\u00e7in queerbdsmplaynight@gmail.com adresine mail at\u0131n\u0131z.<\/p>\n<p>&nbsp;<\/p>\n<h2><span style=\"color: #ff0000;\"><strong>23 Haziran Per\u015fembe<\/strong><\/span><\/h2>\n<p><strong>PANEL:\u00a0Sporda Homofobi ve Beden E\u011fitimi Dersleri<br \/>\n<strong>Saat: 14:00 \u2013 16:00 \u00a0\u00a0Yer: SALT Galata<\/strong><br \/>\n<\/strong><\/p>\n<p>Son zamanlarda sporun bir\u00e7ok dal\u0131nda a\u00e7\u0131lan LGBT\u0130\u2019ler sporda homofobi, transfobi ve cinsiyet\u00e7ili\u011fin yenilmesine yard\u0131mc\u0131 oldu mu? Homofobik e\u011fitim sistemiyle, erkekli\u011fin birle\u015fimi olan beden e\u011fitimi derslerinde cinsel y\u00f6nelim temelli ayr\u0131mc\u0131l\u0131klar neler? Sporda ve okulda kar\u015f\u0131m\u0131za \u00e7\u0131kan ayr\u0131mc\u0131l\u0131klar\u0131n kesi\u015fim noktalar\u0131 nereler?<\/p>\n<p>T\u00fcm bu sorulara yan\u0131t arad\u0131\u011f\u0131m\u0131z, deneyim ve bilgi payla\u015f\u0131m\u0131nda bulunaca\u011f\u0131m\u0131z, sporda ya\u015fanan ayr\u0131mc\u0131l\u0131ktan yola \u00e7\u0131karak beden e\u011fitim derslerinde e\u015fcinsel ve trans \u00f6\u011frencilerin ya\u015fad\u0131klar\u0131 ayr\u0131mc\u0131l\u0131klar\u0131 konu\u015fmak ve \u00e7\u00f6z\u00fcm yollar\u0131n\u0131 hep birlikte tart\u0131\u015fmak istiyoruz. (Liseli LGBT\u0130+)<\/p>\n<p>Moderasyon:\u00a0<u>Emre Demir<\/u><\/p>\n<p>Konu\u015fmac\u0131lar:<\/p>\n<p><u>Dr. \u0130lknur Hac\u0131softao\u011flu<\/u>\u00a0(Gedik \u00dcniversitesi)<\/p>\n<p><u>Arjin Deniz<\/u>\u00a0(Ankara Liseli LGBT\u0130)<\/p>\n<p><u>Baran Ucal<\/u>\u00a0(Gedik \u00dcniversitesi)<\/p>\n<p>&nbsp;<\/p>\n<p><strong>F\u0130LM G\u00d6STER\u0130M\u0130:\u00a0\u00c7\u00fcr\u00fck\/Pink Report<br \/>\n<strong>Saat: 16:00 \u00a0\u00a0Yer: Pera M\u00fczesi Oditoryumu<\/strong><br \/>\n<\/strong><\/p>\n<p>Almanya \u2013 2011 \u2013 75\u2032 Y\u00f6netmen:\u00a0<u>Ulrike B\u00f6hnisch<\/u><\/p>\n<p>T\u00fcrk Silahl\u0131 Kuvvetleri e\u015fcinselli\u011fi gen\u00e7 erkekleri askerlikten muaf k\u0131lan zihinsel bir bozukluk olarak tan\u0131ml\u0131yor. Ama ayn\u0131 zamanda psikolojik ve daha a\u015fa\u011f\u0131lay\u0131c\u0131 y\u00f6ntemlerle t\u0131bbi tan\u0131 gerektiriyor.Bu film askerlik \u00fczerine tamamen farkl\u0131 se\u00e7imler yapm\u0131\u015f birka\u00e7 gey erke\u011fin en i\u00e7ten hikayelerini anlat\u0131yor. \u0130fade \u00f6zg\u00fcrl\u00fc\u011f\u00fc eksikli\u011finden dolay\u0131 gen\u00e7ler, T\u00fcrkiye\u2019nin en b\u00fcy\u00fck tabular\u0131ndan birini ortaya \u00e7\u0131kar\u0131rken y\u00fczlerini saklamaya zorlan\u0131yor.<\/p>\n<p>&nbsp;<\/p>\n<p><strong>At\u00f6lye: Feminizmin O Bi\u00e7imi<br \/>\n<strong>Saat: 17:00 \u2013 19:00 \u00a0\u00a0Yer: Cezayir Toplant\u0131 Salonu<\/strong><br \/>\n<\/strong><\/p>\n<p>Moderasyon:\u00a0<u>Gizem Aslan<\/u>,\u00a0<u>Nazl\u0131 Cabada\u011f<\/u>\u00a0(<u>LezBiFem<\/u>)<\/p>\n<p>LGBT\u0130+ hareketinin feminizmle imtihan\u0131; Feminist hareket bize neler kat\u0131yor, biz feminizme neler kat\u0131yoruz? Dahas\u0131 bizim feminizmimiz neye benziyor?<\/p>\n<p>Bu kar\u015f\u0131l\u0131kl\u0131 ili\u015fkinin bize kazand\u0131rd\u0131klar\u0131 ve vaat etti\u011fi potansiyelleri konu\u015fmak \u00fczere forumumuza bekliyoruz.<\/p>\n<p><em>Not: Kat\u0131l\u0131m na-trans erkeklere kapal\u0131d\u0131r.<\/em><\/p>\n<p>&nbsp;<\/p>\n<p>&nbsp;<\/p>\n<p><strong>Etkinlik:\u00a0Toplu HIV Testi G\u00fcn\u00fc<br \/>\n<strong>Saat: 18:00 \u00a0\u00a0Yer: Osmanbey Metro Dura\u011f\u0131<\/strong><br \/>\n<\/strong><\/p>\n<p>Korunmas\u0131z her t\u00fcrl\u00fc cinsel ili\u015fki, g\u00fcvenli olmayan kan al\u0131\u015fveri\u015fi sonras\u0131 ve hamilelik \u00f6ncesi HIV testi yapt\u0131r\u0131lmas\u0131 tavsiye edilir. Peki ka\u00e7\u0131m\u0131z bu testi d\u00fczenli olarak yapt\u0131r\u0131yoruz? Bazen sonucundan korktu\u011fumuz i\u00e7in, bazen de yeterince \u00f6nemsemedi\u011fimiz i\u00e7in test olmay\u0131 ihmal edebiliyoruz.<\/p>\n<p>Birlikten g\u00fc\u00e7 do\u011far diyerek 24. LGBT\u0130+ Onur Haftas\u0131 kat\u0131l\u0131mc\u0131lar\u0131 olarak hep beraber \u015ei\u015fli Belediyesi Sa\u011fl\u0131k M\u00fcd\u00fcrl\u00fc\u011f\u00fc binas\u0131na HIV testi yapt\u0131rmaya gidiyoruz.<\/p>\n<p>23 Haziran Per\u015fembei ak\u015fam\u0131 saat 18:00\u2019da Osmanbey Metro Dura\u011f\u0131 Pangalt\u0131 Dolapdere \u00e7\u0131k\u0131\u015f\u0131, Ramada Otel Kar\u015f\u0131s\u0131\u2019nda bulu\u015fal\u0131m.<\/p>\n<p>Not: \u015ei\u015fli Belediyesi ile yap\u0131lan anla\u015fma sonucu testler \u00fccretsiz ve rumuz kullan\u0131larak yap\u0131lacakt\u0131r. Ki\u015filer daha sonra kendilerine se\u00e7tikleri rumuzu vererek test sonucunu \u00f6\u011frenebilecektir.<\/p>\n<p>&nbsp;<\/p>\n<p><strong>Hormonlu Domates \u00d6d\u00fcl T\u00f6reni<br \/>\n<strong>Saat: 19:30 \u2013 21:30 \u00a0\u00a0Yer: \u015ei\u015fli Kent K\u00fclt\u00fcr Merkezi<\/strong><br \/>\n<\/strong><\/p>\n<p>\u0130stanbul Onur Haftas\u0131\u2019n\u0131n vazge\u00e7ilmez etkinli\u011fi Hormonlu Domates \u00d6d\u00fclleri bu y\u0131l 12. kez ger\u00e7ekle\u015ftiriliyor. Y\u0131l boyunca homofobi, transfobi ve bifobide birbirleriyle yar\u0131\u015fm\u0131\u015f adaylar Onur Haftas\u0131 boyunca oylan\u0131yor, kazananlar ise \u00f6d\u00fcl gecesinde belli oluyor! Domatesleri f\u0131rlatmaya herkesi bekleriz.<\/p>\n<p>&nbsp;<\/p>\n<h2><span style=\"color: #ff0000;\"><strong>24 Haziran Cuma<\/strong><\/span><\/h2>\n<p><strong>At\u00f6lye: Korkmadan Sevi\u015fme Taktikleri: G\u00fcvenli Cinsellik<br \/>\n<strong>Saat: 14:00 \u2013 16:00 \u00a0\u00a0Yer: Feminist Mekan<\/strong><br \/>\n<\/strong><\/p>\n<p>Kondomu do\u011fru \u015fekilde takt\u0131\u011f\u0131n\u0131zdan emin misiniz? Oyuncaklar\u0131n\u0131z\u0131 nas\u0131l payla\u015faca\u011f\u0131n\u0131z\u0131 biliyor musunuz? G\u00fcvenli oral seks nas\u0131l yap\u0131l\u0131r? Peki ya ki\u015fisel temizlik yaparken enfeksiyonlara a\u00e7\u0131k hale gelebilece\u011finizin fark\u0131nda m\u0131s\u0131n\u0131z? Bildi\u011finizi sand\u0131\u011f\u0131n\u0131z \u00e7ok \u015fey yanl\u0131\u015f olabilir!<\/p>\n<p>Erkek erke\u011fe ve kad\u0131n kad\u0131na korkmadan sevi\u015febilmek i\u00e7in cinselli\u011fi sa\u011fl\u0131\u011f\u0131m\u0131za zarar vermeden ya\u015faman\u0131n yollar\u0131n\u0131 konu\u015faca\u011f\u0131z. Her \u015feyi rahat rahat T\u00fcrkiye Aile Sa\u011fl\u0131\u011f\u0131 ve Planlamas\u0131 Vakf\u0131\u2019n\u0131n uzmanlar\u0131na sorup tart\u0131\u015faca\u011f\u0131z. (T\u00fcrkiye Aile Sa\u011fl\u0131\u011f\u0131 ve Planlamas\u0131 Vakf\u0131)<\/p>\n<p>&nbsp;<\/p>\n<p><strong>Panel &amp; Forum: LGBT\u0130+ M\u00fclteciler: S\u00fcre\u00e7, Var\u0131\u015f, Dayan\u0131\u015fma<br \/>\n<strong>Saat: 15:00 \u2013 17:00 \u00a0\u00a0Yer: Cezayir<\/strong><br \/>\n<\/strong><\/p>\n<p>55 Milyon! Bu say\u0131 t\u00fcm d\u00fcnyada sava\u015f, \u00e7at\u0131\u015fma ve \u015fiddet ile zorla yerinden edilmi\u015f insanlar\u0131 anlat\u0131yor. T\u00fcrkiye ise 2016 y\u0131l\u0131 itibariyle, Suriye ba\u015fta olmak \u00fczere farkl\u0131 \u00fclkelerden gelen 3 milyonun \u00fczerindeki m\u00fclteciye ev sahipli\u011fi yaparak d\u00fcnyan\u0131n en \u00e7ok m\u00fclteciye sahip \u00fclkesi konumuna gelmi\u015f durumda. T\u00fcrkiye, L\u00fcbnan, \u00dcrd\u00fcn gibi \u00fclkeler boylar\u0131n\u0131 a\u015fan say\u0131lardaki m\u00fcltecilerle ba\u015f ba\u015fa kal\u0131rken Avrupa Birli\u011fi, Amerika ve di\u011fer geli\u015fmi\u015f \u00fclkeler g\u00fcvenlik gerek\u00e7esiyle s\u0131n\u0131rlar\u0131n\u0131 daha da kal\u0131nla\u015ft\u0131rmaya \u00e7al\u0131\u015f\u0131yorlar. Bu karanl\u0131k tablonun i\u00e7inde yolu sadece zorla yerinden edilmeyle de\u011fil, gittik\u00e7e y\u00fckselen muhafazakarl\u0131kla da kesilen LGBT\u0130 m\u00fclteciler, hem m\u00fclteci hem de LGBT\u0130 olman\u0131n \u00e7ifte zorlu\u011funu ya\u015f\u0131yor.<\/p>\n<p>Manzara kesif ama m\u00fccadele vazge\u00e7ilmez. Bu seneki onur haftas\u0131n\u0131n temas\u0131n\u0131 da \u00f6n\u00fcm\u00fcze katarak T\u00fcrkiye ve \u0130sve\u00e7 deneyimleri \u00fczerinden LGBT\u0130 ve m\u00fclteci olman\u0131n yasal, toplumsal ve psikolojik y\u00f6nleri \u00fczerine konu\u015furken ayn\u0131 zamanda birlikte m\u00fccadele etme imkanlar\u0131n\u0131 tart\u0131\u015faca\u011f\u0131z.<\/p>\n<p>Moderat\u00f6r:\u00a0<u>\u00d6zlem \u00c7olak<\/u>\u00a0(Lambdaistanbul)<\/p>\n<p>Konu\u015fmac\u0131lar:<\/p>\n<p><u>Hayriye Kara<\/u>\u00a0(Kaos GL): T\u00fcrkiye\u2019deki m\u00fcltecilerle ilgili yasal \u00e7er\u00e7eve<\/p>\n<p>Yabanc\u0131lar ve Uluslararas\u0131 Koruma Kanunu, Ge\u00e7ici Koruma Rejimi, yasalar ve y\u00f6netmelikler\u2026 T\u00fcrkiye\u2019de ka\u011f\u0131t \u00fcst\u00fcndeki yasal durum uygulamada neye d\u00f6n\u00fc\u015f\u00fcyor ve LGBT\u0130 m\u00fcltecileri nas\u0131l etkiliyor?<\/p>\n<p><u>Mehmet Ak\u0131n<\/u>\u00a0(SPoD): T\u00fcrkiye m\u00fclteciler i\u00e7in \u201cg\u00fcvenli \u00fclke\u201d mi?<\/p>\n<p>Avrupa Komisyonu\u2019nun yak\u0131n bir zamanda verdi\u011fi kararla T\u00fcrkiye \u201cg\u00fcvenli \u00fclkeler\u201d aras\u0131nda say\u0131ld\u0131. Bu T\u00fcrkiyeli m\u00fcltecilerin ya da T\u00fcrkiye\u2019den Avrupa\u2019ya ka\u00e7an m\u00fcltecilerin durumlar\u0131n\u0131 riskli hale getiriyor. LGBT\u0130 m\u00fclteciler i\u00e7in bu ne anlama geliyor? T\u00fcrkiye g\u00fcvenli bir \u00fclke mi?<\/p>\n<p><u>Cihan Ar\u0131kan<\/u>\u00a0(RFSL \u0130sve\u00e7): M\u00fclteciler yerle\u015ftirildikleri \u00fclkede neler ya\u015f\u0131yor?<\/p>\n<p>LGBT\u0130 m\u00fclteciler T\u00fcrkiye\u2019den ge\u00e7tikten sonra Avrupa ve Kuzey Amerika \u00fclkelerine yerle\u015ftiriliyor. \u201cLGBT\u0130 dostu\u201d politikalar\u0131yla bilinen \u0130sve\u00e7\u2019e yerle\u015ftirilen m\u00fclteciler neler ya\u015f\u0131yor? Ula\u015ft\u0131klar\u0131nda kar\u015f\u0131la\u015ft\u0131klar\u0131 sorunlar neler?<\/p>\n<p><strong>M\u00fcltecilerden Tan\u0131kl\u0131klar:<\/strong><\/p>\n<p>Arabic Tea &amp; Talk grubundan Hussam Slk ve di\u011fer m\u00fclteci arkada\u015flar \u00fclkelerinde ve T\u00fcrkiye\u2019deki ya\u015fad\u0131klar\u0131 deneyimlerden ve yapt\u0131klar\u0131 \u00e7al\u0131\u015fmalardan bahsedecekler.<\/p>\n<p><u>Can Kaya<\/u>\u00a0ve\u00a0<u>M\u00fczeyyen Arac<\/u>\u00a0(Hevi LGBT\u0130): Kitap tan\u0131t\u0131m\u0131<\/p>\n<p>Hevi LGBT\u0130, T\u00fcrkiye\u2019de ya\u015fayan LGBT\u0130 m\u00fcltecilerin tan\u0131kl\u0131klar\u0131ndan olu\u015fan kitaptan, kitab\u0131 haz\u0131rlama s\u00fcrecinden ve deneyimlerinden bahsedecekler.<\/p>\n<p>&nbsp;<\/p>\n<p><strong>FORUM:\u00a0\u00a0T\u00fcrkiye\u2019deki LGBT\u0130 \u00d6rg\u00fctlenmeleri Bulu\u015fmas\u0131<br \/>\n<strong>Saat: 17:00 \u2013 19:00 \u00a0\u00a0Yer: SALT Galata<\/strong><br \/>\n<\/strong><\/p>\n<p>T\u00fcrkiye\u2019de etki g\u00fcc\u00fc ve alan\u0131 giderek geni\u015fleyen LGBT\u0130+ hareketinin yerel dinamikleri neler? \u00d6rg\u00fctler nas\u0131l deneyimler ya\u015f\u0131yorlar ve farkl\u0131 olarak nas\u0131l m\u00fccadele pratikleri geli\u015ftiriyorlar? T\u00fcrkiye\u2019deki LGBT\u0130+ hareketinin 2016 y\u0131l\u0131nda g\u00fcndemini neler olu\u015fturdu? Sokak muhalefeti ne durumda? Yereli \u2018yerel\u2019 yapan unsurlar neler? Bu ve ili\u015fkisel sorulara yan\u0131t aramaya \u00e7al\u0131\u015faca\u011f\u0131m\u0131z bulu\u015fmada yerel \u00f6rg\u00fctlerin temsilcileri ile dinamik bir tart\u0131\u015fma geli\u015ftirerek LGBT\u0130+ hareketinin T\u00fcrkiye\u2019deki uzam\u0131 hakk\u0131nda geni\u015f bir bak\u0131\u015f a\u00e7\u0131s\u0131 geli\u015ftirerek m\u00fccadelemizi b\u00fcy\u00fctmek niyetindeyiz. Siz de gelin bu anlamland\u0131rma ve tart\u0131\u015fma s\u00fcrecinin bir par\u00e7as\u0131 olun!<\/p>\n<p>&nbsp;<\/p>\n<p><strong>PANEL: \u0130\u015fgal Alt\u0131nda LGBT\u0130+ Olmak<br \/>\n<strong>Saat: 17:00 \u2013 19:00 \u00a0\u00a0Yer: Cezayir Toplant\u0131 Salonu<\/strong><br \/>\n<\/strong><\/p>\n<p>Moderasyon:\u00a0<u>Asl\u0131 Zengin<\/u><\/p>\n<p>Konu\u015fmac\u0131lar:<\/p>\n<p><u>Okan<\/u>\u00a0(Keskesor): K\u00fcrdistan Deneyimi<\/p>\n<p><u>Zer\u015fin<\/u>\u00a0(Keskesor): K\u00fcrdistan Deneyimi<\/p>\n<p><u>Siyabend<\/u>\u00a0(Kad\u0131k\u00f6y LGBT\u0130 Meclisi): Bilfiil Nusaybin \u0130\u015fgali Deneyimi<\/p>\n<p><u>Joul Elias<\/u>\u00a0(Al-Qaws): Filistin Deneyimi<\/p>\n<p>Ku\u015fatma ve s\u00f6m\u00fcrgenin s\u00fcrd\u00fc\u011f\u00fc co\u011frafyalarda LGBT\u0130+ birey olmak, cinselli\u011fin<br \/>\nve arzunun sadece ataerki ve heteronormativiyle olan kavgas\u0131n\u0131<br \/>\nde\u011fil, ayn\u0131 zamanda devlet ve s\u00f6m\u00fcrgeciyle \u0131rk ve etnik kimlik \u00fczerinden<br \/>\ngirdi\u011fi ba\u015fka kavgalar\u0131 da i\u00e7eriyor. Panel bu iktidar ve \u015fiddet ili\u015fkilerinin<br \/>\nkesi\u015fimine odaklanarak \u015fu sorulara cevap arayaca\u011f\u0131m\u0131z bir platform<br \/>\nsunuyor: Kurdistan ve Filistinde LGBT\u0130+ birey olmak ne demek? \u015eiddetin<br \/>\nt\u00fcm \u00e7\u0131plakl\u0131\u011f\u0131yla ya\u015fand\u0131\u011f\u0131\u00a0 bu co\u011frafyalarda LGBT\u0130+ m\u00fccadele ne anlama<br \/>\ngeliyor?<\/p>\n<p>&nbsp;<\/p>\n<p><strong>PANEL:\u00a0LGBT\u0130+\u2019lara Y\u00f6nelik Psikososyal Destek A\u011f\u0131 Olu\u015fturmak<br \/>\n<strong>Saat: 18:30 \u2013 20:30 \u00a0\u00a0Yer: SALT Galata<\/strong><br \/>\n<\/strong><\/p>\n<p>Ki\u015filerin toplumsal ya\u015fam i\u00e7erisinde ya\u015fad\u0131klar\u0131 ayr\u0131mc\u0131l\u0131k, k\u00f6t\u00fc muamele, \u015fiddet, ge\u00e7im s\u0131k\u0131nt\u0131lar\u0131 gibi zorluklar artt\u0131k\u00e7a ya\u015fad\u0131klar\u0131 ruhsal zorlanmalar da artabilir. Bunlarla s\u0131kl\u0131kla kar\u015f\u0131 kar\u015f\u0131ya kalabilen ve \u00e7e\u015fitli \u00f6l\u00e7eklerde m\u00fccadele eden LGBT\u0130\u2019lerin ya\u015fad\u0131\u011f\u0131 zorlanmalara kar\u015f\u0131 ba\u015fvurabilecekleri destek mekanizmalar\u0131n\u0131n olmas\u0131 \u00f6nemli bir ihtiya\u00e7 gibi g\u00f6z\u00fckmektedir. Bu mekanizmalar\u0131n ki\u015filere ve toplumsal ya\u015fama olumlu katk\u0131lar sunabilmesi i\u00e7in ayr\u0131mc\u0131l\u0131\u011f\u0131 yeniden \u00fcretmemesi ve eri\u015filebilir olmas\u0131 gerekir. LGBT\u0130\u2019lerin ya\u015fad\u0131klar\u0131 sorunlara kar\u015f\u0131 verilen toplumsal m\u00fccadeleleri de destekleyen bir meslek \u00f6rg\u00fct\u00fc olan TODAP, bu y\u00f6nde emek harcayan bir\u00e7ok kurum gibi, g\u00fcvenilir ve eri\u015filebilir psikolojik destek mekanizmalar\u0131n\u0131 \u00e7o\u011faltman\u0131n yollar\u0131n\u0131 ar\u0131yor.<\/p>\n<p>Bu oturumda biz, farkl\u0131 psikososyal destek a\u011flar\u0131ndaki deneyimlerden de yola \u00e7\u0131karak, LGBT\u0130\u2019lere y\u00f6nelik bir psikolojik destek a\u011f\u0131na ihtiya\u00e7 olup olmad\u0131\u011f\u0131n\u0131, ihtiya\u00e7 varsa bunun nas\u0131l kurulabilece\u011fini, alandaki kurumlar\u0131n nas\u0131l ortakla\u015fabilece\u011fini, b\u00f6yle bir a\u011f\u0131n ilke ve y\u00f6ntemlerinin neler olabilece\u011fini kat\u0131l\u0131mc\u0131larla konu\u015fmak istiyoruz. Oturumda \u00f6nce \u00e7e\u015fitli a\u011f deneyimlerine dair k\u0131sa giri\u015f sunumlar\u0131 yap\u0131lmas\u0131n\u0131 ve bunun sonras\u0131nda kat\u0131l\u0131mc\u0131larla birlikte ilke ve y\u00f6ntemlere dair sorular \u00fczerine bir tart\u0131\u015fma y\u00fcr\u00fct\u00fclmesini planl\u0131yoruz. Oturumdan \u00e7\u0131kacak fikirlerin ise LGBT\u0130\u2019lere y\u00f6nelik destek sunmak \u00fczere olu\u015fturulacak bir a\u011f\u0131n \u00f6n ad\u0131mlar\u0131 olmas\u0131n\u0131 umut ediyoruz.<\/p>\n<p>Y\u00fcr\u00fct\u00fcc\u00fc:\u00a0<u>Aylin \u00dclk\u00fcmen, Baran G\u00fcrsel, Do\u011fa Ero\u011flu, \u00d6zlem \u00c7olak<\/u><\/p>\n<p>&nbsp;<\/p>\n<p><strong>FORUM: \u00d6rg\u00fctleniyoruz!<br \/>\n<strong>Saat: 19:00 \u2013 21:00 \u00a0\u00a0Yer: Cezayir Toplant\u0131 Salonu<\/strong><br \/>\n<\/strong><\/p>\n<p>\u00d6rg\u00fctleniyoruz! temas\u0131yla ger\u00e7ekle\u015fen 24. LGBT\u0130 Onur Haftas\u0131\u2019nda, \u0130stanbul\u2019da \u00f6rg\u00fctlenen t\u00fcm LGBT\u0130+ dernekleri, sendikalar\u0131n ve siyasi partilerin LGBT\u0130+ \u00f6rg\u00fctlenmeleri, LGBT\u0130 \u00f6\u011frenci kul\u00fcpleri ve ba\u011f\u0131ms\u0131z aktivistleri olarak bir araya gelip, soka\u011fa \u00e7\u0131kman\u0131n bile zorla\u015ft\u0131\u011f\u0131 bug\u00fcnlerde bir araya gelmenin hallerini, bu ko\u015fullarda \u00f6rg\u00fctl\u00fc olman\u0131n alternatif y\u00f6ntemlerini, neler yapt\u0131\u011f\u0131m\u0131z\u0131 ve neler yapabilece\u011fimizi konu\u015faca\u011f\u0131z.<\/p>\n<p>&nbsp;<\/p>\n<p><strong>Film G\u00f6sterimi:<\/strong>\u00a0#direnayol*<br \/>\n<strong>Saat: 20:00 \u00a0\u00a0Yer: Pera M\u00fczesi Oditoryumu<\/strong><\/p>\n<p>Almanya \u2013 T\u00fcrkiye \u2013 2016 \u2013 60\u2032 Y\u00f6netmen:\u00a0<u>R\u00fczg\u00e2r Bu\u015fki<\/u><br \/>\n#direnayol trans* aktivist \u015eevval K\u0131l\u0131\u00e7\u2019a Gezi Direnis\u0327i\u2019nin cos\u0327kusuna yakalanm\u0131s\u0327 21. Istanbul LGBTI Onur Haftas\u0131\u2019nda es\u0327lik ediyor. #direnayol, g\u00fcn\u00fcm\u00fcz T\u00fcrkiye siyasetinde hat\u0131rlamam\u0131z gereken umut, mizah ve dayan\u0131s\u0327ma dalgas\u0131na tan\u0131kl\u0131k eden kanunsuz bir g\u00f6rsel is\u0327itsel yolculuk.<br \/>\n*G\u00f6sterimden sonra soru-cevap olacakt\u0131r.<\/p>\n<p>&nbsp;<\/p>\n<p><strong>Yemek: G\u00f6kku\u015fa\u011f\u0131 Sofras\u0131<br \/>\n<strong>Saat: 20:48 \u00a0\u00a0Yer: Galatasaray Lisesi \u00d6n\u00fc<\/strong><br \/>\n<\/strong><\/p>\n<p>Kimsenin kimseyi \u00f6tekile\u015ftirmedi\u011fi, \u00e7e\u015fitliliklerimizin zenginli\u011fimiz oldu\u011funu, ortak y\u00f6netim ve ortak m\u00fclkiyet anlay\u0131\u015f\u0131n\u0131; e\u015fitlik-adalet ve \u00f6zg\u00fcrl\u00fck temelinde in\u015f\u00e2 edebilece\u011fimizi g\u00f6stermek i\u00e7in\u2026<\/p>\n<p>Hangi y\u00f6nelime sahip olursa olsun, hangi dili konu\u015fursa konu\u015fsun, hangi dine inan\u0131rsa inans\u0131n, hangi mezhebin temsilcisi olursa olsun, hangi \u0131rka dahil olursa olsun, heteroseks\u00fcel-e\u015fcinsel, inanan-inanmayan demeden, herkesi kucaklayan ve herkesin el ele verip katk\u0131 sundu\u011fu, t\u00fcrler aras\u0131 hiyerar\u015fiyi kurmayan vegan bir sofra kurmak i\u00e7in; Az\u0131\u011f\u0131nla gel\u2026<\/p>\n<p>&nbsp;<\/p>\n<p><strong>PART\u0130: Safe Sex<br \/>\n<strong>Kap\u0131 A\u00e7\u0131l\u0131\u015f: 22:00 \u00a0\u00a0Yer: COOP<\/strong><br \/>\n<\/strong><\/p>\n<p>Haz\u0131rl\u0131k partileriyle ak\u0131llara kaz\u0131nan Onur Haftas\u0131 bu kez me\u015fhur cuma partileriyle geri d\u00f6n\u00fcyor. Condomunuzu istemeyi unutmay\u0131n!<\/p>\n<p>&nbsp;<\/p>\n<h2><span style=\"color: #ff0000;\"><strong>25 Haziran Cumartesi<\/strong><\/span><\/h2>\n<p><strong>Panel : Siyasette LGBT\u0130 Haklar\u0131 \u0130\u00e7in \u00d6rg\u00fctlenmek<br \/>\n<strong>Saat: 12:00 \u2013 14:00 \u00a0Yer: Cezayir Toplant\u0131 Salonu<\/strong><br \/>\n<\/strong><\/p>\n<p>Konu\u015fmac\u0131lar:\u00a0<u>Robert Hannah<\/u>\u00a0(\u0130sve\u00e7 Parlamentosu Milletvekili),\u00a0<u>Terry Reintke<\/u>\u00a0(Avrupa Parlamentosu Vekili),\u00a0<u>Sedef \u00c7akmak<\/u>\u00a0(Be\u015fikta\u015f Belediyesi Meclis \u00dcyesi)<\/p>\n<p>LGBT\u0130\u2019lerin siyasi temsili T\u00fcrkiye\u2019de 90\u2019l\u0131 y\u0131llardan bu yana verilen bir m\u00fccadeleyi ifade ediyor. Fakat siyasi temsil, 2014 Yerel Se\u00e7imleri ve 2015 Genel Se\u00e7imleri ile birlikte y\u00fcr\u00fct\u00fclen kampanyalarla LGBT\u0130 hareketi i\u00e7inde daha fazla tart\u0131\u015fma konusu olmaya ba\u015flad\u0131. LGBT\u0130\u2019lerin e\u015fit yurtta\u015fl\u0131k haklar\u0131n\u0131 cinsiyet kimlikleri ve cinsel y\u00f6nelimleri \u00fczerinden ayr\u0131mc\u0131l\u0131\u011fa u\u011framadan kazanabilmeleri, kendi s\u00f6zlerini birinci a\u011f\u0131zdan s\u00f6yleyebilmeleri i\u00e7in LGBT\u0130\u2019lerin siyasete kat\u0131l\u0131m\u0131 ve temsili daha fazla \u00f6nem ta\u015f\u0131yor. Ge\u00e7ti\u011fimiz d\u00f6nemde Yerel Y\u00f6netimlerde bir\u00e7ok kurum d\u00f6n\u00fc\u015fmeye ba\u015flad\u0131, Meclis\u2019te bir\u00e7ok milletvekili LGBT\u0130 haklar\u0131ndan bahsetmeye ba\u015flad\u0131, baz\u0131 siyasi partiler t\u00fcz\u00fcklerinde, programlar\u0131nda ve se\u00e7im kampanyalar\u0131nda LGBT\u0130\u2019lere yer vermeye ba\u015flad\u0131. Bu kazan\u0131mlar\u0131n b\u00fcy\u00fck \u00e7o\u011funlu\u011fu partilerdeki LGBT\u0130\u2019lerin ve LGBT\u0130 \u00f6rg\u00fctlerinin m\u00fccadeleleri sonucunda ortaya \u00e7\u0131kt\u0131.<\/p>\n<p>Bu panelde de siyasetin i\u00e7inde LGBT\u0130\u2019lerin nas\u0131l \u00f6rg\u00fctlenmeler kurduklar\u0131, hem siyasetin dilini hem de siyasetin kendisini nas\u0131l d\u00f6n\u00fc\u015ft\u00fcrd\u00fckleri konu\u015fulacak. 2014 Yerel Se\u00e7imlerinden sonra SPoD\u2019un \u201cLGBT\u0130 Dostu Yerel Y\u00f6netimler\u201d kampanyas\u0131 sonras\u0131 Be\u015fikta\u015f Belediye Meclisi\u2019ne se\u00e7ilen Sedef \u00c7akmak, gen\u00e7 ya\u015f\u0131nda \u0130sve\u00e7\u2019te \u00f6nemli ba\u015far\u0131lar kazanan \u0130sve\u00e7 Milletvekili Robert Hannah ve Avrupa Parlamentosu\u2019ndaki en gen\u00e7 vekillerden olan Terry Reintke panelde konu\u015fmac\u0131 olarak yer alacak.<\/p>\n<p>&nbsp;<\/p>\n<p><strong>At\u00f6lye: Dildolanma At\u00f6lyesi<br \/>\n<strong>Saat: 13:00 \u00a0Yer: Ma\u00e7ka Park\u0131<\/strong><br \/>\n<\/strong><\/p>\n<p>Kolayla\u015ft\u0131r\u0131c\u0131:\u00a0<u>Deniz Dilan<\/u><\/p>\n<p>Islat s\u0131k yuvarla, b\u00fcz d\u00f6nd\u00fcr ovala, sar sarmala boya badana! Kendine sevdi\u011fine kar\u015f\u0131, neredeyse ekolojik renk renk \u00e7e\u015fit \u00e7e\u015fit dildolanma at\u00f6lyesi.<\/p>\n<p>Malzemeler: Yapmak i\u00e7in tuvalet ka\u011f\u0131d\u0131, su, boya sim oje vs gibi makyajlama malzemesi, sulu boya, koli band\u0131. Kullanmak i\u00e7in kondom.<\/p>\n<p>&nbsp;<\/p>\n<p><strong>Piknik \u00a0+ \u00a0At\u00f6lye: \u0130\u015faret Dili \u00a0+ \u00a0At\u00f6lye: Fl\u00f6rt Ku\u015fa\u011f\u0131 + \u00a0At\u00f6lye: Ermeni Halk Dans\u0131 (Halay\u0131)<br \/>\n<strong>Saat: 15:00 \u2013 20:00 \u00a0\u00a0Yer: Ma\u00e7ka Park\u0131<\/strong><br \/>\n<\/strong><\/p>\n<p>Bu sene de yemye\u015fil \u00e7imenlere yay\u0131l\u0131p, a\u011fa\u00e7lar\u0131n alt\u0131nda but g\u00fcll\u00fcm al\u0131kaca\u011f\u0131m\u0131z pikni\u011fimize hepinizi bekliyoruz. \u0130\u015faret dili at\u00f6lyemiz de piknik s\u00fcresince isteyenlerin kat\u0131l\u0131m\u0131na a\u00e7\u0131k olacak.<\/p>\n<p>At\u00f6lyeler, oyunlar ve dahas\u0131 Ma\u00e7ka Park\u0131\u2019nda, g\u00f6kku\u015fa\u011f\u0131n\u0131n alt\u0131nda.<\/p>\n<p>&nbsp;<\/p>\n<p><strong>At\u00f6lye: \u0130\u015faret Dili<br \/>\n<strong>Saat: 15:00 \u00a0Yer: Ma\u00e7ka Park\u0131<\/strong><br \/>\n<\/strong><\/p>\n<p>Y\u00fcr\u00fct\u00fcc\u00fcler:\u00a0<u>Kaan G\u00f6nc\u00fc<\/u>,\u00a0<u>Ahmet Turan Y\u0131lmaz<\/u><\/p>\n<p>SPoD Sakat LGBT\u0130 \u00e7al\u0131\u015fma grubunun d\u00fczenleyece\u011fi \u0130\u015faret Dili at\u00f6lyesi i\u015fitme engellileri kendi dillerinde anlamak, i\u015faret dilini ke\u015ffetmek isteyen, \u00e7al\u0131\u015fmalar\u0131m\u0131za yeni d\u00fc\u015f\u00fcncelerle manevi destek sa\u011flayacak herkese a\u00e7\u0131kt\u0131r.<\/p>\n<p>&nbsp;<\/p>\n<p><strong>At\u00f6lye: Fl\u00f6rt Ku\u015fa\u011f\u0131<br \/>\n<strong>Saat: 15:00 \u00a0Yer: Ma\u00e7ka Park\u0131<\/strong><br \/>\n<\/strong><\/p>\n<p>Moderasyon:\u00a0<u>Derya Aki\u015fli<\/u>,\u00a0<u>P\u0131nar Karaba\u011f<\/u>\u00a0(<u>LezBiFem<\/u>)<\/p>\n<p>Fl\u00f6rt meyve mi sebze mi? Fl\u00f6rt\u00fcn\u00fcz\u00fc nas\u0131l al\u0131rd\u0131n\u0131z?<\/p>\n<p>Bildiklerimiz arzulad\u0131klar\u0131m\u0131za yetmiyor. Bize \u00e7elme takan g\u00fcvensizlik, tabu, utan\u00e7 ve korkular ger\u00e7ekten bize ait duygular m\u0131?<\/p>\n<p>Gelin fl\u00f6rt bi\u00e7imlerimizi, alanlar\u0131m\u0131z\u0131 ve deneyimlerimizi birlikte konu\u015fal\u0131m.<\/p>\n<p><em>Not: Kat\u0131l\u0131m na-trans erkeklere kapal\u0131d\u0131r.<\/em><\/p>\n<p>&nbsp;<\/p>\n<p><strong>At\u00f6lye: Ermenistan Halk Dans\u0131 (Halay\u0131)<br \/>\n<strong>Saat: 15:00 \u00a0Yer: Ma\u00e7ka Park\u0131<\/strong><br \/>\n<\/strong><\/p>\n<p>Y\u00fcr\u00fct\u00fcc\u00fc:\u00a0<u>Kyle Khandakian<\/u><\/p>\n<p>Ermenistan\u2019da 5 aydir gitti\u011fi Ermeni Halk Dans\u0131 dersinden e\u015fcinsel oldugu i\u00e7in kovulan Kyle Khandakian\u2019dan homofobiye, fa\u015fizme, cinsiyet\u00e7ili\u011fe ve hatta ve hatta kapal\u0131 s\u0131n\u0131rlara inat Ermeni dans\u0131n\u0131 hep birlikte omuz omuza \u00f6\u011freniyoruz.<\/p>\n<p>&nbsp;<\/p>\n<p><strong>Panel : Diaspora\u2019da LGBT\u0130+ Olmak ve \u00d6rg\u00fctlenme Alanlar\u0131<br \/>\n<strong>Saat: 16:00 \u2013 18:00 \u00a0Yer: Cezayir Toplant\u0131 Salonu<\/strong><br \/>\n<\/strong><\/p>\n<p>Moderasyon:\u00a0<u>Sertan K\u0131yan<\/u><\/p>\n<p>Konu\u015fmac\u0131lar:<\/p>\n<p><u>Kyle Khadakian<\/u>: ABD Ermeni Cemaati ve Ermenistan\u2019daki Homofobi ve \u00d6rg\u00fctlenme Deneyimi<\/p>\n<p>I would do a general overview of attitudes and perceptions of LGBTI people in Armenia and in the Armenian disapora, and also talk about what it\u2019s like to be a double minority as a queer Armenian by weaving in diaspora and genocide narratives, which are both relevant to the struggles queer Armenians face, especially for those of us who live in diaspora<\/p>\n<p><u>Robert Hannah<\/u>: \u0130sve\u00e7 S\u00fcryani Cemaati\u2019nde \u00d6rg\u00fctlenme Deneyimi<\/p>\n<p>\u0130sve\u00e7 d\u00fcnyada insan haklar\u0131 ve cinsiyet e\u015fitli\u011fi konusunda \u00f6rnek g\u00f6sterilen \u00fclkelerin en ba\u015f\u0131nda. \u0130sve\u00e7\u2019te bulunan en b\u00fcy\u00fck cemaatlerden bir tanesi de S\u00fcryaniler. S\u00fcryaniler, tarihsel olarak T\u00fcrkiye, Irak, \u0130ran ve Suriye\u2019yi de i\u00e7ine alan Mezopotamya b\u00f6lgesinde ya\u015fayan ve Hr\u0131stiyanl\u0131\u011f\u0131 ilk kabul eden cemaat olmakla \u00f6v\u00fcnen bir halk. Peki \u0130sve\u00e7\u2019te hem cemaatin mensubu olup hem LGBT\u0130+ olmak nas\u0131l kar\u015f\u0131lan\u0131r? \u00d6rg\u00fctlenirken ve milletvekili olarak oy isterken ne gibi sorunlar ortaya \u00e7\u0131kabilir? Hatta \u00f6rg\u00fctlenip a\u00e7\u0131k bir e\u015fcinsel olarak meclise girince nelere haz\u0131rl\u0131kl\u0131 olunmas\u0131 gerekir? Bu s\u00fcre\u00e7te nelerle kar\u015f\u0131la\u015f\u0131labilece\u011fini, durumun avantaj ve dezavantajlar\u0131n\u0131 konu\u015faca\u011f\u0131z.<\/p>\n<p>&nbsp;<\/p>\n<p><strong>KISA F\u0130LM SE\u00c7K\u0130S\u0130 :\u00a0Kurneq\u00eez\/Trans Kad\u0131n*<br \/>\n<strong>Saat 18:00 Yer: Salt GALATA<\/strong><br \/>\n<\/strong><\/p>\n<p>Y\u00f6netmen:\u00a0<u>G\u00f6khan ve Nadide Seza Yal\u00e7\u0131nkaya<\/u><\/p>\n<p>\u201d 17 ya\u015f\u0131nda trans bir \u00e7ocu\u011fun k\u0131rsal alanda ya\u015fad\u0131\u011f\u0131 i\u00e7 \u00e7at\u0131\u015fma ve d\u0131\u015flanmay\u0131 anlatan k\u00fcrt\u00e7e k\u0131sa metrajl\u0131 bir filmdir\u201d<\/p>\n<p>*G\u00f6sterim sonras\u0131 film ekibinin kat\u0131l\u0131m\u0131yla s\u00f6yle\u015fi ger\u00e7ekle\u015fecektir.<\/p>\n<p><strong>Nerdesin A\u015fk\u0131m?\/Where Are You My Love?*<\/strong><\/p>\n<p>Y\u00f6netmen:\u00a0<u>Merve Gezen<\/u><\/p>\n<p>Merve Gezen\u2019in yaz\u0131p y\u00f6netti\u011fi Nerdesin A\u015fk\u0131m?\/Where Are You My Love? trans bir bireyi intihara s\u00fcr\u00fckleyen s\u00fcreci anlat\u0131yor. D\u00fcnya festivallerini gezen film Boston\u2019dan \u201c\u0130nsan Haklar\u0131 \u00d6d\u00fcl\u00fc\u201d ve Kanada\u2019dan \u201cEn M\u00fckemmel Film\u201d \u00f6d\u00fclleri ile d\u00f6nd\u00fc. T\u00fcrkiye\u2019de ilk g\u00f6sterimini \u0130stanbul LGBT Pride\u2019ta yapacakt\u0131r.<\/p>\n<p>*G\u00f6sterim sonras\u0131 \u00a0y\u00f6netmen Merve Gezen ve oyuncu Seyhan Arman kat\u0131l\u0131m\u0131yla s\u00f6yle\u015fi ger\u00e7ekle\u015fecektir.<\/p>\n<p>&nbsp;<\/p>\n<p><strong>S\u00f6yle\u015fi + Forum : Trans\u00a0LAB<br \/>\n<strong>Saat: 19:00 \u2013 21:00 \u00a0Yer: Cezayir Toplant\u0131 Salonu<\/strong><br \/>\n<\/strong><\/p>\n<p>Konu\u015fmac\u0131lar:<\/p>\n<p><u>Demet Yanarda\u011f<\/u>: \u201cSeks \u0130\u015f\u00e7ili\u011finden Lobi ve Savunuculu\u011fa: Seks \u0130\u015f\u00e7ilerinin Haklar\u0131n\u0131n T\u00fcrkiye\u2019de Trans Hareketine Dahil Olmas\u0131\u201d<\/p>\n<p><u>Gani_Met<\/u>: \u201cBeden ve Kimlik \u00c7\u0131kmaz\u0131nda Kuir Performanslar: \u0130kili Cinsiyet Rejiminin \u00d6tesinde Trans Olma Halleri\u201d<\/p>\n<p>&nbsp;<\/p>\n<p><strong>GOL YEMEY\u0130 SEVENLER TURNUVASI<br \/>\n<strong>Saat: 19:00 \u2013 21:00 \u00a0\u00a0Yer:\u00a0Taksim Spor Kul\u00fcb\u00fc<\/strong><br \/>\n<\/strong><\/p>\n<p>Kad\u0131na, orospuya ibneye k\u00fcfretmek yok. End\u00fcstriye ve mafya kul\u00fcp ba\u015fkanlar\u0131n\u0131n cebine malzeme olmak yok. Kavgac\u0131 holiganlar\u0131n \u015fiddet bahanesi olmak yok. Ye\u015fil sahalar\u0131n erilli\u011fine ve heteroseksizmine inat, pasla\u015fmas\u0131 bol, taraftar\u0131 gull\u00fcm bir turnuva i\u00e7in kuir futbol camias\u0131n\u0131n (?!) k\u00f6kl\u00fc ve se\u00e7kin (!) lubunya tak\u0131mlar\u0131 Atletik Dildoa, Sportif Lezbon, Lezyonerler ve Queer Park Rangers bir araya geliyor (!!!) Gol atman\u0131n da yemenin de, \u00e7al\u0131mlarda kesi\u015fmenin de keyfini ya\u015famak isteyenler\u00a0<a href=\"mailto:istanbulpride@gmail.com\">istanbulpride@gmail.com<\/a>\u00a0\u00a0adresine isimlerini bildirerek turnuvan\u0131n 4. tak\u0131m\u0131 Lubun \u0130dman Yurdu\u2019nun oyuncusu olabilirler. Gelin, ofsaytlarda bulu\u015fal\u0131m<\/p>\n<p>&nbsp;<\/p>\n<p><strong>At\u00f6lye: Drag King<br \/>\n<strong>Saat:\u00a020:00 \u2013 22:00\u00a0\u00a0Yer: \u00c7\u0131plak Ayaklar<\/strong><br \/>\n<\/strong><\/p>\n<p>Drag King k\u0131yafet, tav\u0131r, makyaj vb. ile farkl\u0131 erkeklik rollerini ve mask\u00fclenli\u011fini performe etmek anlam\u0131na gelir. \u00c7apk\u0131n, serseri, entellekt\u00fcel, kabaday\u0131, centilmen, g\u00f6rev adam\u0131, devrimci, gizli ibne, a\u011f\u0131r abi, aile babas\u0131, m\u00fclayim,\u2026. Ger\u00e7ek\u00e7i ya da karikat\u00fcrize; bu at\u00f6lyede cinsiyet bir oyun alan\u0131. \u0130ster erkek steriotiplerini performe et, ister i\u00e7indeki mask\u00fcleni ortaya \u00e7\u0131kar!<\/p>\n<p>At\u00f6lyede erkekli\u011fin kitab\u0131n\u0131 \u00e7al\u0131\u015ft\u0131ktan sonra sakal-b\u0131y\u0131k, y\u00fcr\u00fcy\u00fc\u015f, oturu\u015f vb. \u00e7al\u0131\u015fmalar yapaca\u011f\u0131z ve en sonunda partiye \u00e7apk\u0131nl\u0131\u011fa \u00e7\u0131kaca\u011f\u0131z. At\u00f6lye mask\u00fclenli\u011fi deneyimlemek isteyen kad\u0131n ve translara a\u00e7\u0131kt\u0131r.<\/p>\n<p><em>Not: Etkinlik kay\u0131t gerektirir; priderezervasyon@gmail.com<br \/>\nadresine mail atabilirsiniz.<\/em><\/p>\n<p>&nbsp;<\/p>\n<p><strong>Parti: ARAB\u0130K<br \/>\n<strong>Kap\u0131 A\u00e7\u0131l\u0131\u015f: 22:00 \u00a0\u00a0Yer:\u0130nternet \u00fczerinden duyurulacakt\u0131r.<\/strong><br \/>\n<\/strong><\/p>\n<p>Bu parti ka\u00e7maz! Suriye\u2019li, Irak\u2019l\u0131 dostlar\u0131m\u0131z ile art\u0131k bir araday\u0131z, \u00f6rg\u00fctleniyoruz ve e\u011fleniyoruz. Gece boyunca Arap m\u00fczi\u011fine doyuyor, hep beraber oryantalin dibine vurup k\u0131vr\u0131la k\u0131vr\u0131la kopuyoruz!<br \/>\n*Gecede toplan\u0131lacak ba\u011f\u0131\u015flar ile m\u00fclteci LGBT\u0130+\u2019larla dayan\u0131\u015f\u0131lacakt\u0131r.<\/p>\n<p>&nbsp;<\/p>\n<h2><span style=\"color: #ff0000;\"><strong>26 Haziran Pazar<\/strong><\/span><\/h2>\n<p><strong>Don Ki\u015fot Bisiklet Kolektifi ONUR\u2019la pedall\u0131yor!<br \/>\n<strong>Saat: 15:00 \u00a0\u00a0Yer:\u00a0Be\u015fikta\u015f \u0130skele<\/strong><br \/>\n<\/strong><\/p>\n<p><strong>ROTA: Be\u015fikta\u015f \u2013 Kabata\u015f- Karak\u00f6y- Tarlaba\u015f\u0131 \u2013 Taksim \u2013 \u0130stiklal Caddesi<\/strong><\/p>\n<p>Kafam\u0131zda kasklar, ard\u0131nda sa\u00e7lar; g\u00f6vdelerimizle, r\u00fczgarlar\u0131 yara yara ilerliyoruz<\/p>\n<p>T\u00fcketmeden yol al\u0131yoruz; yollar ta\u015fl\u0131, rampalar sert, memlekette \u00e7etin vaziyetler<\/p>\n<p>Dayan\u0131\u015farak, \u00f6rg\u00fctlenerek pedall\u0131yoruz<\/p>\n<p>A\u015f\u0131yoruz t\u00fcmsekleri\u2026<\/p>\n<p>A\u00e7\u0131k havada s\u00fcr\u00fc\u015f\u00fcn keyfi, aln\u0131m\u0131za vurur r\u00fczgar,<\/p>\n<p>Selemizde bayraklar\u2026<\/p>\n<p>\u201cA\u015fk\u201d demi\u015fti yery\u00fcz\u00fcn\u00fcn b\u00fcy\u00fck ustalar\u0131, a\u015fk ile sevebilmek, ve direnebilmek o g\u00fczellik u\u011fruna. Y\u00fcz\u00fcnde badem \u00e7i\u00e7ekleri, sa\u00e7lar\u0131nda ilkbahar, sen de gel, 26 Haziran Pazar g\u00fcn\u00fc 15:00\u2019te; 24. LGBT\u0130+ Onur Haftas\u0131\u2019nda \u00a0Be\u015fikta\u015f \u0130skele\u2019de bulu\u015fup G\u00f6kku\u015fa\u011f\u0131 bayraklar\u0131m\u0131zla \u0130stiklal Caddesi\u2019ne pedall\u0131yoruz.<\/p>\n<p><strong><br \/>\nONUR Y\u00dcR\u00dcY\u00dc\u015e\u00dc<br \/>\n<strong>Saat: 17:00 \u00a0\u00a0Yer: \u0130stiklal Caddesi<\/strong><br \/>\n<\/strong><\/p>\n<p>Bu sene 14. kez ve daha kalabal\u0131k olarak \u0130stiklal Caddesi\u2019ndeyiz! Ne\u015femizi, a\u015fk\u0131m\u0131z\u0131 isyan\u0131m\u0131za katarak sokaklar\u0131, caddeleri g\u00f6kku\u015fa\u011f\u0131 bayraklar\u0131yla donataca\u011f\u0131z, sloganlar\u0131m\u0131zla inletece\u011fiz. Sen yoksan \u00e7ok eksi\u011fiz!<\/p>\n","protected":false},"excerpt":{"rendered":"<p>Bu y\u0131l 24. d\u00fczenlenen, 20 &#8211; 26 Haziran 2016 tarihleri aras\u0131nda ger\u00e7ekle\u015fecek \u0130stanbul LGBT\u0130+ Onur Haftas\u0131 program\u0131 a\u00e7\u0131klnd\u0131&#8230; &nbsp; *\u00a0\u0130stanbul LGBT\u0130+ Onur Haftas\u0131 Sergisi: nerdeen nereye Sergi 18 \u2013 26 Haziran aras\u0131, saat 13:00 ile 18:30 saatleri aras\u0131nda gezilebilir. A\u00e7\u0131l\u0131\u015f: 18 Haziran 2016 Cumartesi Saat: 19:00 Yer: Boysan\u2019\u0131n Evi &nbsp; 20 Haziran Pazartesi At\u00f6lye: Homo-Transfobik &hellip;<\/p>\n","protected":false},"author":1,"featured_media":29198,"comment_status":"closed","ping_status":"open","sticky":false,"template":"","format":"standard","meta":{"footnotes":""},"categories":[62],"tags":[422,112,397,394,1659,114,221,529,729],"class_list":["post-29197","post","type-post","status-publish","format-standard","has-post-thumbnail","","category-etkinlikvemekan","tag-etkinlik-2","tag-haberler-2","tag-istanbul-2","tag-lgbti","tag-onur-haftasi","tag-onur-yuruyusu","tag-pride","tag-turkiye-2","tag-yasam-2"],"_links":{"self":[{"href":"http:\/\/www.gzone.com.tr\/index.php\/wp-json\/wp\/v2\/posts\/29197","targetHints":{"allow":["GET"]}}],"collection":[{"href":"http:\/\/www.gzone.com.tr\/index.php\/wp-json\/wp\/v2\/posts"}],"about":[{"href":"http:\/\/www.gzone.com.tr\/index.php\/wp-json\/wp\/v2\/types\/post"}],"author":[{"embeddable":true,"href":"http:\/\/www.gzone.com.tr\/index.php\/wp-json\/wp\/v2\/users\/1"}],"replies":[{"embeddable":true,"href":"http:\/\/www.gzone.com.tr\/index.php\/wp-json\/wp\/v2\/comments?post=29197"}],"version-history":[{"count":0,"href":"http:\/\/www.gzone.com.tr\/index.php\/wp-json\/wp\/v2\/posts\/29197\/revisions"}],"wp:featuredmedia":[{"embeddable":true,"href":"http:\/\/www.gzone.com.tr\/index.php\/wp-json\/wp\/v2\/media\/29198"}],"wp:attachment":[{"href":"http:\/\/www.gzone.com.tr\/index.php\/wp-json\/wp\/v2\/media?parent=29197"}],"wp:term":[{"taxonomy":"category","embeddable":true,"href":"http:\/\/www.gzone.com.tr\/index.php\/wp-json\/wp\/v2\/categories?post=29197"},{"taxonomy":"post_tag","embeddable":true,"href":"http:\/\/www.gzone.com.tr\/index.php\/wp-json\/wp\/v2\/tags?post=29197"}],"curies":[{"name":"wp","href":"https:\/\/api.w.org\/{rel}","templated":true}]}}