{"id":29122,"date":"2016-06-13T14:54:21","date_gmt":"2016-06-13T11:54:21","guid":{"rendered":"http:\/\/gzone.com.tr\/?p=29122"},"modified":"2016-06-13T14:54:21","modified_gmt":"2016-06-13T11:54:21","slug":"galeri-orlando-katliamindan-sonra-tum-dunya-gokkusagina-burundu","status":"publish","type":"post","link":"http:\/\/www.gzone.com.tr\/index.php\/2016\/06\/13\/galeri-orlando-katliamindan-sonra-tum-dunya-gokkusagina-burundu\/","title":{"rendered":"GALER\u0130: ORLANDO KATL\u0130AMINDAN SONRA T\u00dcM D\u00dcNYA G\u00d6KKU\u015eA\u011eINA B\u00dcR\u00dcND\u00dc"},"content":{"rendered":"<p><strong>Ge\u00e7ti\u011fimiz g\u00fcn ABD\u2019nin Orlando kentinde, I\u015fid ttaraf\u0131nda, bir e\u015fcinsel temal\u0131 gece kul\u00fcb\u00fcnde ger\u00e7ekle\u015fen, \u00fclke tarihinin en b\u00fcy\u00fck silahl\u0131 sald\u0131r\u0131s\u0131nda 50\u2019nin \u00fczerinde ki\u015fi hayat\u0131n\u0131 kaybetti. Katliam\u0131n d\u00fcnya bas\u0131n\u0131nda yer almas\u0131ndan sonra, d\u00fcnyan\u0131n \u00f6nde gelen \u015fehirleri, bu katliama sessiz kalmamak ad\u0131na \u00f6nemli yap\u0131tlar\u0131n\u0131 g\u00f6kku\u015fa\u011f\u0131 renklerinde \u0131\u015f\u0131kland\u0131rd\u0131.\u00a0<\/strong><\/p>\n<p>Sald\u0131r\u0131ya ilk tepkiyi ge\u00e7ti\u011fimiz Kas\u0131m ay\u0131nda, benzer bir ter\u00f6r sald\u0131r\u0131s\u0131 ya\u015fayan Paris g\u00f6sterdi. Eyfel Kulesi&#8217;ni g\u00f6kku\u015fa\u011f\u0131 renklerinde \u0131\u015f\u0131kland\u0131ran Paris, ard\u0131ndan d\u00fcnyan\u0131n d\u00f6rt bir yan\u0131ndaki \u00f6nemli yap\u0131tlar g\u00f6kku\u015fa\u011f\u0131na b\u00fcr\u00fcnd\u00fc. \u00dclkemizde ise olay yaln\u0131zca haber b\u00fcltenlerinde \u00fcst\u00fcn k\u00f6r\u00fc yer ald\u0131.<\/p>\n<p><img loading=\"lazy\" decoding=\"async\" class=\"alignnone\" src=\"http:\/\/s31.postimg.org\/ju939da57\/Ck0_RTEAXEAAGQMi.jpg\" alt=\"\" width=\"658\" height=\"960\" \/><\/p>\n<p>Paris valisi\u00a0Anne Hidalgo&#8217;nun Paris&#8217;in Orlando ile ter\u00f6re kar\u015f\u0131 durdu\u011funu a\u00e7\u0131klamas\u0131ndan sonra, Paris belediye binas\u0131 da g\u00f6kku\u015fa\u011f\u0131 bayraklar\u0131yla s\u00fcslendi.<\/p>\n<p><img loading=\"lazy\" decoding=\"async\" class=\"alignnone\" src=\"http:\/\/s31.postimg.org\/onp638f4r\/Ck0s7_Op_WYAA3zm_T_1.jpg\" alt=\"\" width=\"900\" height=\"1200\" \/><\/p>\n<p>Paris&#8217;ten sonra New York&#8217;ta bununan \u00d6zg\u00fcrl\u00fck Kulesi&#8217;de g\u00f6kku\u015fa\u011f\u0131 renklerindeydi<\/p>\n<p><img loading=\"lazy\" decoding=\"async\" class=\"alignnone\" src=\"http:\/\/s32.postimg.org\/qtww0q9g5\/1_WTC.jpg\" alt=\"\" width=\"640\" height=\"800\" \/><\/p>\n<p>Ve \u0130sko\u00e7ya Parlamentosu<\/p>\n<p><a href=\"https:\/\/twitter.com\/ScotGovFM\/status\/742281958873534464\">https:\/\/twitter.com\/ScotGovFM\/status\/742281958873534464<\/a><\/p>\n<p>Ve Tel Aviv \u015eehir Binas\u0131&#8217;da Orlando&#8217;ya kat\u0131ld\u0131<\/p>\n<p><iframe loading=\"lazy\" title=\"Tel Aviv&#039;s city hall lights up in solidarity with American victims of terror\" width=\"618\" height=\"348\" src=\"https:\/\/www.youtube.com\/embed\/wo1fE4tORAc?feature=oembed\" frameborder=\"0\" allow=\"accelerometer; autoplay; clipboard-write; encrypted-media; gyroscope; picture-in-picture; web-share\" referrerpolicy=\"strict-origin-when-cross-origin\" allowfullscreen><\/iframe><\/p>\n<p>Ard\u0131ndan Sydney&#8217;de g\u00f6kku\u015fa\u011f\u0131na b\u00fcr\u00fcnd\u00fc<\/p>\n<p><a href=\"https:\/\/twitter.com\/CloverMoore\/status\/742267418773315586\">https:\/\/twitter.com\/CloverMoore\/status\/742267418773315586<\/a><\/p>\n<p>Ve Londra<\/p>\n<p><a href=\"https:\/\/twitter.com\/markjmaughan\/status\/742108285898215425\">https:\/\/twitter.com\/markjmaughan\/status\/742108285898215425<\/a><\/p>\n<p>Ve k\u00fc\u00e7\u00fckl\u00fc b\u00fcy\u00fckl\u00fc d\u00fcnyan\u0131n d\u00f6rt bir yan\u0131ndan \u015fehirler Orlando ile beraber g\u00fc\u00e7 birliklerini g\u00f6sterdi<\/p>\n<p><a href=\"https:\/\/twitter.com\/Hennepin\/status\/742154628587003904\">https:\/\/twitter.com\/Hennepin\/status\/742154628587003904<\/a><\/p>\n<p><a href=\"https:\/\/twitter.com\/Mather_Photo\/status\/742070744394305536\">https:\/\/twitter.com\/Mather_Photo\/status\/742070744394305536<\/a><\/p>\n","protected":false},"excerpt":{"rendered":"<p>Ge\u00e7ti\u011fimiz g\u00fcn ABD\u2019nin Orlando kentinde, I\u015fid ttaraf\u0131nda, bir e\u015fcinsel temal\u0131 gece kul\u00fcb\u00fcnde ger\u00e7ekle\u015fen, \u00fclke tarihinin en b\u00fcy\u00fck silahl\u0131 sald\u0131r\u0131s\u0131nda 50\u2019nin \u00fczerinde ki\u015fi hayat\u0131n\u0131 kaybetti. Katliam\u0131n d\u00fcnya bas\u0131n\u0131nda yer almas\u0131ndan sonra, d\u00fcnyan\u0131n \u00f6nde gelen \u015fehirleri, bu katliama sessiz kalmamak ad\u0131na \u00f6nemli yap\u0131tlar\u0131n\u0131 g\u00f6kku\u015fa\u011f\u0131 renklerinde \u0131\u015f\u0131kland\u0131rd\u0131.\u00a0 Sald\u0131r\u0131ya ilk tepkiyi ge\u00e7ti\u011fimiz Kas\u0131m ay\u0131nda, benzer bir ter\u00f6r sald\u0131r\u0131s\u0131 ya\u015fayan &hellip;<\/p>\n","protected":false},"author":1,"featured_media":29125,"comment_status":"closed","ping_status":"open","sticky":false,"template":"","format":"standard","meta":{"footnotes":""},"categories":[92,91],"tags":[146,113,112,1426,279,5176,652,3866],"class_list":["post-29122","post","type-post","status-publish","format-standard","has-post-thumbnail","","category-dunya","category-haberler","tag-abd","tag-dunya-2","tag-haberler-2","tag-londra","tag-new-york","tag-orlando","tag-paris","tag-sydney"],"_links":{"self":[{"href":"http:\/\/www.gzone.com.tr\/index.php\/wp-json\/wp\/v2\/posts\/29122","targetHints":{"allow":["GET"]}}],"collection":[{"href":"http:\/\/www.gzone.com.tr\/index.php\/wp-json\/wp\/v2\/posts"}],"about":[{"href":"http:\/\/www.gzone.com.tr\/index.php\/wp-json\/wp\/v2\/types\/post"}],"author":[{"embeddable":true,"href":"http:\/\/www.gzone.com.tr\/index.php\/wp-json\/wp\/v2\/users\/1"}],"replies":[{"embeddable":true,"href":"http:\/\/www.gzone.com.tr\/index.php\/wp-json\/wp\/v2\/comments?post=29122"}],"version-history":[{"count":0,"href":"http:\/\/www.gzone.com.tr\/index.php\/wp-json\/wp\/v2\/posts\/29122\/revisions"}],"wp:featuredmedia":[{"embeddable":true,"href":"http:\/\/www.gzone.com.tr\/index.php\/wp-json\/wp\/v2\/media\/29125"}],"wp:attachment":[{"href":"http:\/\/www.gzone.com.tr\/index.php\/wp-json\/wp\/v2\/media?parent=29122"}],"wp:term":[{"taxonomy":"category","embeddable":true,"href":"http:\/\/www.gzone.com.tr\/index.php\/wp-json\/wp\/v2\/categories?post=29122"},{"taxonomy":"post_tag","embeddable":true,"href":"http:\/\/www.gzone.com.tr\/index.php\/wp-json\/wp\/v2\/tags?post=29122"}],"curies":[{"name":"wp","href":"https:\/\/api.w.org\/{rel}","templated":true}]}}