{"id":28700,"date":"2016-06-05T10:44:22","date_gmt":"2016-06-05T07:44:22","guid":{"rendered":"http:\/\/gzone.com.tr\/?p=28700"},"modified":"2016-06-05T16:47:57","modified_gmt":"2016-06-05T13:47:57","slug":"izmir-lgbti-yuruyusu-yasak-ne-ayol-dedi-yuruyus-yapildi","status":"publish","type":"post","link":"http:\/\/www.gzone.com.tr\/index.php\/2016\/06\/05\/izmir-lgbti-yuruyusu-yasak-ne-ayol-dedi-yuruyus-yapildi\/","title":{"rendered":"\u0130ZM\u0130R LGBT\u0130 Y\u00dcR\u00dcY\u00dc\u015e\u00dc KATILIMCILARI &#8220;YASAK NE AYOL&#8221; DED\u0130"},"content":{"rendered":"<p><strong>\u0130zmir&#8217;de Onur Y\u00fcr\u00fcy\u00fc\u015f\u00fc valili\u011fin eylem yasa\u011f\u0131na ra\u011fmen yap\u0131ld\u0131.<\/strong><\/p>\n<p>Her y\u0131l yap\u0131lan ancak bu sene \u0130zmir Valili\u011fi taraf\u0131ndan &#8220;ter\u00f6r propagandas\u0131 yap\u0131laca\u011f\u0131 y\u00f6n\u00fcnde istihbarat al\u0131nd\u0131\u011f\u0131&#8221; gerek\u00e7esiyle yasaklanan Onur Y\u00fcr\u00fcy\u00fc\u015f\u00fc, yasa\u011fa ra\u011fmen ger\u00e7ekle\u015ftirildi.<\/p>\n<p>Polis, toplanma yeri olarak a\u00e7\u0131klanan K\u0131br\u0131s \u015eehitleri&#8217;ni abluka alt\u0131na alsa da y\u00fcr\u00fcy\u00fc\u015f kat\u0131l\u0131mc\u0131lar\u0131 \u00e7e\u015fitli sloganlarla bir araya geldi. Polisin ablukaya ald\u0131\u011f\u0131 istikametin tersine do\u011fru y\u00fcr\u00fcnerek yap\u0131ld\u0131.<\/p>\n<p>K\u0131br\u0131s \u015eehitleri&#8217;nde y\u00fcr\u00fcy\u00fc\u015f yapmak isteyen y\u00fczlerce LGBT\u0130, polisin &#8216;Da\u011f\u0131l\u0131n&#8217; uyar\u0131s\u0131na ra\u011fmen Kordon&#8217;a do\u011fru y\u00f6neldi. Renkli ge\u00e7en eylem uzun s\u00fcre Kordon&#8217;da devam etti.<\/p>\n<p><img loading=\"lazy\" decoding=\"async\" class=\"alignnone\" src=\"http:\/\/s33.postimg.org\/euw8xc91b\/onuryur2.jpg\" alt=\"\" width=\"800\" height=\"532\" \/><\/p>\n<h3><strong>POL\u0130S ABLUKASI<\/strong><\/h3>\n<p>Polisin K\u0131br\u0131s \u015eehitleri&#8217;ndeki yo\u011fun g\u00fcvenlik \u00f6nlemleri ise eylem saatinden \u00e7ok \u00f6nce ba\u015flad\u0131. \u00d6SYM \u00f6n\u00fcndeki park\u0131 ve yolu ablukaya alan emniyet parktakilere GBT kontrol\u00fc yapt\u0131, beklemek isteyenleri de uyard\u0131. H\u0131z\u0131n\u0131 alamayan emniyet aralar\u0131nda TGS \u015eube y\u00f6neticilerinin bulundu\u011fu gazetecileri de uzakla\u015fmalar\u0131n\u0131 istedi. Yasa\u011f\u0131n bas\u0131n\u0131 ba\u011flamad\u0131\u011f\u0131n\u0131 dile getiren gazetecilere &#8216;Valiye hakaret ediyorsunuz&#8217; dedi. Emniyet b\u00f6lgenin &#8216;\u00d6zel G\u00fcvenlik B\u00f6lgesi&#8217; oldu\u011funu da belirtti. \u00d6te yandan sivil polisler ve \u00e7evik kuvvet LGBT\u0130&#8217;lerin y\u00fcr\u00fcmesiyle birlikte ara yollardan Kordon&#8217;a indi.<\/p>\n<p><img loading=\"lazy\" decoding=\"async\" class=\"alignnone\" src=\"http:\/\/s33.postimg.org\/70sxr8k3j\/uncut_page_545758360.jpg\" alt=\"\" width=\"800\" height=\"400\" \/><\/p>\n<p>Kaynak: KaosGl<br \/>\nFoto\u011fraflar: Y\u0131ld\u0131z Tar<\/p>\n","protected":false},"excerpt":{"rendered":"<p>\u0130zmir&#8217;de Onur Y\u00fcr\u00fcy\u00fc\u015f\u00fc valili\u011fin eylem yasa\u011f\u0131na ra\u011fmen yap\u0131ld\u0131. Her y\u0131l yap\u0131lan ancak bu sene \u0130zmir Valili\u011fi taraf\u0131ndan &#8220;ter\u00f6r propagandas\u0131 yap\u0131laca\u011f\u0131 y\u00f6n\u00fcnde istihbarat al\u0131nd\u0131\u011f\u0131&#8221; gerek\u00e7esiyle yasaklanan Onur Y\u00fcr\u00fcy\u00fc\u015f\u00fc, yasa\u011fa ra\u011fmen ger\u00e7ekle\u015ftirildi. Polis, toplanma yeri olarak a\u00e7\u0131klanan K\u0131br\u0131s \u015eehitleri&#8217;ni abluka alt\u0131na alsa da y\u00fcr\u00fcy\u00fc\u015f kat\u0131l\u0131mc\u0131lar\u0131 \u00e7e\u015fitli sloganlarla bir araya geldi. Polisin ablukaya ald\u0131\u011f\u0131 istikametin tersine do\u011fru y\u00fcr\u00fcnerek &hellip;<\/p>\n","protected":false},"author":1,"featured_media":28701,"comment_status":"closed","ping_status":"open","sticky":false,"template":"","format":"standard","meta":{"footnotes":""},"categories":[91,96],"tags":[112,1966,5105,529],"class_list":["post-28700","post","type-post","status-publish","format-standard","has-post-thumbnail","","category-haberler","category-turkiye","tag-haberler-2","tag-izmir","tag-izmir-lgbti","tag-turkiye-2"],"_links":{"self":[{"href":"http:\/\/www.gzone.com.tr\/index.php\/wp-json\/wp\/v2\/posts\/28700","targetHints":{"allow":["GET"]}}],"collection":[{"href":"http:\/\/www.gzone.com.tr\/index.php\/wp-json\/wp\/v2\/posts"}],"about":[{"href":"http:\/\/www.gzone.com.tr\/index.php\/wp-json\/wp\/v2\/types\/post"}],"author":[{"embeddable":true,"href":"http:\/\/www.gzone.com.tr\/index.php\/wp-json\/wp\/v2\/users\/1"}],"replies":[{"embeddable":true,"href":"http:\/\/www.gzone.com.tr\/index.php\/wp-json\/wp\/v2\/comments?post=28700"}],"version-history":[{"count":0,"href":"http:\/\/www.gzone.com.tr\/index.php\/wp-json\/wp\/v2\/posts\/28700\/revisions"}],"wp:featuredmedia":[{"embeddable":true,"href":"http:\/\/www.gzone.com.tr\/index.php\/wp-json\/wp\/v2\/media\/28701"}],"wp:attachment":[{"href":"http:\/\/www.gzone.com.tr\/index.php\/wp-json\/wp\/v2\/media?parent=28700"}],"wp:term":[{"taxonomy":"category","embeddable":true,"href":"http:\/\/www.gzone.com.tr\/index.php\/wp-json\/wp\/v2\/categories?post=28700"},{"taxonomy":"post_tag","embeddable":true,"href":"http:\/\/www.gzone.com.tr\/index.php\/wp-json\/wp\/v2\/tags?post=28700"}],"curies":[{"name":"wp","href":"https:\/\/api.w.org\/{rel}","templated":true}]}}