{"id":28446,"date":"2016-05-30T11:17:59","date_gmt":"2016-05-30T08:17:59","guid":{"rendered":"http:\/\/gzone.com.tr\/?p=28446"},"modified":"2016-05-30T11:17:59","modified_gmt":"2016-05-30T08:17:59","slug":"hangi-amerikali-grubun-solisti-gezi-zamaninda-tanistigi-turk-kizina-asik-oldu","status":"publish","type":"post","link":"http:\/\/www.gzone.com.tr\/index.php\/2016\/05\/30\/hangi-amerikali-grubun-solisti-gezi-zamaninda-tanistigi-turk-kizina-asik-oldu\/","title":{"rendered":"HANG\u0130 AMER\u0130KALI GRUBUN SOL\u0130ST\u0130 GEZ\u0130 ZAMANINDA TANI\u015eTI\u011eI T\u00dcRK KIZINA A\u015eIK OLDU?"},"content":{"rendered":"<p><em>H\u00fcrriyet&#8217;ten Tolga Aky\u0131ld\u0131z&#8217;\u0131n yapt\u0131\u011f\u0131 r\u00f6portaj, ilgin\u00e7 bir ger\u00e7e\u011fi ortaya \u00e7\u0131kard\u0131. Me\u011fer Amerikal\u0131 Zach Condon&#8217;un grubu Beirut&#8217;un T\u00fcrkiye&#8217;yle ilgili ilgin\u00e7 bir an\u0131s\u0131 varm\u0131\u015f. Gezi protestolar\u0131n\u0131n ba\u015flad\u0131\u011f\u0131 s\u0131ralarda tesad\u00fcfen \u0130stanbul&#8217;da olan Zach Condon, o d\u00f6nemde\u00a0tan\u0131\u015ft\u0131\u011f\u0131 bir T\u00fcrk k\u0131z\u0131na a\u015f\u0131km\u0131\u015f. Grubun son alb\u00fcm\u00fcnde ise Kad\u0131k\u00f6y sokaklar\u0131n\u0131 anlatan \u2018Fener\u2019 adl\u0131 bir par\u00e7a var.\u00a0<\/em><\/p>\n<p><em>\u0130\u015fte r\u00f6portajdan o b\u00f6l\u00fcm:<\/em><\/p>\n<p><strong>ki y\u0131l \u00f6nce \u0130stanbul\u2019da \u00e7ald\u0131\u011f\u0131n\u0131zda konser t\u0131kl\u0131m t\u0131kl\u0131md\u0131; sa\u011fanak bir ya\u011fmur vard\u0131 ve herkes dans ediyordu. O geceyi nas\u0131l hat\u0131rl\u0131yorsun?<\/strong><\/p>\n<p>\u0130lk akl\u0131ma gelen; sahnede elektrik \u00e7arpmas\u0131na dair ya\u015fad\u0131\u011f\u0131m korku! Ortam; dedi\u011fin gibi \u00e7ok g\u00fczeldi ve ya\u011fmur ya\u011fd\u0131\u011f\u0131 i\u00e7in \u00f6nce \u00fcz\u00fcld\u00fcm. Ancak sonra bunu kimsenin umursamad\u0131\u011f\u0131n\u0131 fark ettim. Ya\u011fmur hepimizi co\u015fturdu. Ben mekan bo\u015fal\u0131r diye d\u00fc\u015f\u00fcnm\u00fc\u015ft\u00fcm ama herkes dans etmeye devam etti. Harikayd\u0131!<\/p>\n<p><strong>\u0130stanbul\u2019la aranda s\u00fcregelen bir \u2018a\u015fk\u2019 ili\u015fkisi var. Hatta \u0130stanbul i\u00e7in \u2018ikinci evim\u2019 diyorsun, \u0130stanbul\u2019da uzun zamanlar ge\u00e7iriyorsun. Bu \u015fehri senin i\u00e7in \u00f6zel yapan nedir; burada bu kadar \u00e7ok hayran\u0131n\u0131z olmas\u0131 seni \u015fa\u015f\u0131rt\u0131yor mu?<\/strong><\/p>\n<p>Evet \u0130stanbul gibi b\u00fcy\u00fck ve \u00f6nemli bir \u015fehirde b\u00fcy\u00fck kalabal\u0131klara \u00e7almak benim i\u00e7in s\u00fcrprizdi. Ama daha \u00f6nemlisi \u015fu; ben Kad\u0131k\u00f6y\u2019de dolmu\u015f kuyru\u011funda beklerken ya da bir mekanda yemek yerken yan\u0131ma yakla\u015f\u0131p son derece s\u0131cak muhabbetlere giren insanlar oluyor. \u0130\u015fte o zaman \u00e7ok gururlan\u0131yorum. \u0130stanbul hakk\u0131nda s\u00f6ylenmemi\u015f bir \u015fey s\u00f6ylemem g\u00fc\u00e7. Ancak bu \u015fehir benim her anlamda hayat\u0131m\u0131 de\u011fi\u015ftirdi; \u0130stanbul\u2019da ya\u015fad\u0131\u011f\u0131m deneyimler benim i\u00e7in d\u00f6n\u00fcm noktas\u0131 oldu.<\/p>\n<p><img loading=\"lazy\" decoding=\"async\" class=\"alignnone\" src=\"http:\/\/s33.postimg.org\/dpvtecqzz\/beirut.jpg\" alt=\"\" width=\"800\" height=\"451\" \/><\/p>\n<p><strong>O zaman konuyu biraz a\u00e7al\u0131m\u2026 Zor zamanlar ge\u00e7iriyordun, bir nevi t\u00fckenmi\u015flik sendromu ya\u015famaktayd\u0131n ve \u0130stanbul\u2019a geldin. O s\u0131rada Gezi protestolar\u0131 ba\u015flad\u0131. Ve sen o g\u00fcnlerde hayat\u0131n\u0131n kad\u0131n\u0131yla tan\u0131\u015ft\u0131n. Bir T\u00fcrkk\u0131z\u0131\u2026 Neler s\u00f6yleyeceksin o g\u00fcnler hakk\u0131nda?<\/strong><\/p>\n<p>S\u00f6ylenecek o kadar \u00e7ok \u015fey var ki\u2026 Kad\u0131k\u00f6y\u2019de bir ak\u015fam hat\u0131rl\u0131yorum. Her ak\u015fam oldu\u011fu gibi saat 9\u2019da tencere, tava sesleri; otomobil kornalar\u0131na kar\u0131\u015fm\u0131\u015f. Bir \u015fehir hep bir a\u011f\u0131zdan tepkisini g\u00f6steriyor. Sokaklarda dostluk ve dayan\u0131\u015fma\u2026 Bir m\u00fczisyen i\u00e7in \u00e7ok anlaml\u0131yd\u0131 bunlar\u0131 ya\u015famak. B\u00fcy\u00fck bir kalabal\u0131kla birlikte Bo\u011faz K\u00f6pr\u00fcs\u00fc\u2019ne y\u00fcr\u00fcd\u00fck. Yan\u0131m\u0131zdan ge\u00e7en arabalardan \u2018Bir Ba\u015fkad\u0131r Benim Memleketim\u2019 \u00e7al\u0131yordu.<\/p>\n<p>\u0130stanbul\u2019da beni etkileyen \u00e7ok \u015fey var. Mimari, camiler, minareler, Bo\u011fazi\u00e7i, Marmara Denizi; sanki seni hep dua etmeye \u00e7a\u011f\u0131r\u0131yor gibi. \u0130nan\u0131r m\u0131s\u0131n Amerika\u2019ya d\u00f6nd\u00fc\u011f\u00fcmde yemekleriniz hep burnumda t\u00fct\u00fcyor. T\u00fcm bu g\u00fczelliklerin d\u0131\u015f\u0131nda olup, bir yandan i\u00e7ine \u00e7ekebilmek o kadar \u015fahane ki\u2026<\/p>\n<p>K\u0131z arkada\u015f\u0131mla ni\u015fanland\u0131k. \u015eimdi \u0130stanbul ger\u00e7ekten ikinci evim ve ni\u015fanl\u0131m\u0131n ailesi de ikinci ailem oldu. \u00c7ok mutluyum.<\/p>\n<p><em>R\u00f6portaj\u0131n tamam\u0131 <a href=\"http:\/\/www.hurriyet.com.tr\/beirut-bir-baskadir-benim-istanbulum-40109737\" target=\"_blank\">BURADA<\/a><\/em><\/p>\n","protected":false},"excerpt":{"rendered":"<p>H\u00fcrriyet&#8217;ten Tolga Aky\u0131ld\u0131z&#8217;\u0131n yapt\u0131\u011f\u0131 r\u00f6portaj, ilgin\u00e7 bir ger\u00e7e\u011fi ortaya \u00e7\u0131kard\u0131. Me\u011fer Amerikal\u0131 Zach Condon&#8217;un grubu Beirut&#8217;un T\u00fcrkiye&#8217;yle ilgili ilgin\u00e7 bir an\u0131s\u0131 varm\u0131\u015f. Gezi protestolar\u0131n\u0131n ba\u015flad\u0131\u011f\u0131 s\u0131ralarda tesad\u00fcfen \u0130stanbul&#8217;da olan Zach Condon, o d\u00f6nemde\u00a0tan\u0131\u015ft\u0131\u011f\u0131 bir T\u00fcrk k\u0131z\u0131na a\u015f\u0131km\u0131\u015f. Grubun son alb\u00fcm\u00fcnde ise Kad\u0131k\u00f6y sokaklar\u0131n\u0131 anlatan \u2018Fener\u2019 adl\u0131 bir par\u00e7a var.\u00a0 \u0130\u015fte r\u00f6portajdan o b\u00f6l\u00fcm: ki y\u0131l &hellip;<\/p>\n","protected":false},"author":1,"featured_media":28447,"comment_status":"closed","ping_status":"open","sticky":false,"template":"","format":"standard","meta":{"footnotes":""},"categories":[39,28],"tags":[5059,275,415,5060],"class_list":["post-28446","post","type-post","status-publish","format-standard","has-post-thumbnail","","category-muzik","category-pop","tag-beirut","tag-muzik-2","tag-pop-2","tag-zach-condon"],"_links":{"self":[{"href":"http:\/\/www.gzone.com.tr\/index.php\/wp-json\/wp\/v2\/posts\/28446","targetHints":{"allow":["GET"]}}],"collection":[{"href":"http:\/\/www.gzone.com.tr\/index.php\/wp-json\/wp\/v2\/posts"}],"about":[{"href":"http:\/\/www.gzone.com.tr\/index.php\/wp-json\/wp\/v2\/types\/post"}],"author":[{"embeddable":true,"href":"http:\/\/www.gzone.com.tr\/index.php\/wp-json\/wp\/v2\/users\/1"}],"replies":[{"embeddable":true,"href":"http:\/\/www.gzone.com.tr\/index.php\/wp-json\/wp\/v2\/comments?post=28446"}],"version-history":[{"count":0,"href":"http:\/\/www.gzone.com.tr\/index.php\/wp-json\/wp\/v2\/posts\/28446\/revisions"}],"wp:featuredmedia":[{"embeddable":true,"href":"http:\/\/www.gzone.com.tr\/index.php\/wp-json\/wp\/v2\/media\/28447"}],"wp:attachment":[{"href":"http:\/\/www.gzone.com.tr\/index.php\/wp-json\/wp\/v2\/media?parent=28446"}],"wp:term":[{"taxonomy":"category","embeddable":true,"href":"http:\/\/www.gzone.com.tr\/index.php\/wp-json\/wp\/v2\/categories?post=28446"},{"taxonomy":"post_tag","embeddable":true,"href":"http:\/\/www.gzone.com.tr\/index.php\/wp-json\/wp\/v2\/tags?post=28446"}],"curies":[{"name":"wp","href":"https:\/\/api.w.org\/{rel}","templated":true}]}}