{"id":28316,"date":"2016-05-28T13:25:30","date_gmt":"2016-05-28T10:25:30","guid":{"rendered":"http:\/\/gzone.com.tr\/?p=28316"},"modified":"2016-05-28T13:25:30","modified_gmt":"2016-05-28T10:25:30","slug":"baris-arducun-son-ciplak-fotografi-evlerimize-atesler-saldi","status":"publish","type":"post","link":"http:\/\/www.gzone.com.tr\/index.php\/2016\/05\/28\/baris-arducun-son-ciplak-fotografi-evlerimize-atesler-saldi\/","title":{"rendered":"BARI\u015e ARDU\u00c7&#8217;UN SON \u00c7IPLAK FOTO\u011eRAFI EVLER\u0130M\u0130ZE ATE\u015eLER SALDI"},"content":{"rendered":"<p>Kiral\u0131k A\u015fk&#8217;\u0131n \u00d6mer&#8217;i Bar\u0131\u015f Ardu\u00e7, Instagram&#8217;dan spor sonras\u0131 foto\u011fraf payla\u015ft\u0131. Ardu\u00e7, payla\u015f\u0131m\u0131n alt\u0131na D\u00fcnya A\u011f\u0131r Siklet Boks \u015fampiyonlu\u011fu&#8217;nu kazanan \u0130ngiliz boks\u00f6r Anthony Joshua&#8217;ya &#8220;Haz\u0131r m\u0131s\u0131n?&#8221; (r u ready?) diyerek meydan okudu.<\/p>\n<p>Daha \u00f6nce de boks yaparken \u00e7ekilmi\u015f bir foto\u011fraf payla\u015fan 28 ya\u015f\u0131ndaki oyuncunun takip\u00e7ileri, bu sefer Instagram&#8217;a yorum ya\u011fd\u0131rd\u0131.<\/p>\n<p>Hayranlar\u0131, Bar\u0131\u015f Ardu\u00e7&#8217;a &#8220;Terminator ma\u015fallah&#8221;, &#8220;Bu ne bi yumrukta \u00f6ld\u00fcr\u00fcrs\u00fcn&#8221;, &#8220;Bence bizi \u00f6ld\u00fcrmek istiyor&#8221;, &#8220;Sen bizi \u00f6ld\u00fcrmek mi istiyorsun&#8221; diyerek tak\u0131ld\u0131.<\/p>\n<p>\u0130\u015fte bu payla\u015f\u0131m:<\/p>\n<blockquote class=\"instagram-media\" style=\"background: #FFF; border: 0; border-radius: 3px; box-shadow: 0 0 1px 0 rgba(0,0,0,0.5),0 1px 10px 0 rgba(0,0,0,0.15); margin: 1px; max-width: 658px; padding: 0; width: calc(100% - 2px);\" data-instgrm-captioned=\"\" data-instgrm-version=\"7\">\n<div style=\"padding: 8px;\">\n<div style=\"background: #F8F8F8; line-height: 0; margin-top: 40px; padding: 50.0% 0; text-align: center; width: 100%;\"><\/div>\n<p style=\"margin: 8px 0 0 0; padding: 0 4px;\"><a style=\"color: #000; font-family: Arial,sans-serif; font-size: 14px; font-style: normal; font-weight: normal; line-height: 17px; text-decoration: none; word-wrap: break-word;\" href=\"https:\/\/www.instagram.com\/p\/BF6HPMkmdo2\/\" target=\"_blank\">r u ready? @anthony_joshua ??<\/a><\/p>\n<p style=\"color: #c9c8cd; font-family: Arial,sans-serif; font-size: 14px; line-height: 17px; margin-bottom: 0; margin-top: 8px; overflow: hidden; padding: 8px 0 7px; text-align: center; text-overflow: ellipsis; white-space: nowrap;\">A photo posted by Bar\u0131\u015f Ardu\u00e7 (@arducbrs) on <time style=\"font-family: Arial,sans-serif; font-size: 14px; line-height: 17px;\" datetime=\"2016-05-27T10:52:25+00:00\">May 27, 2016 at 3:52am PDT<\/time><\/p>\n<\/div>\n<\/blockquote>\n<p><script src=\"\/\/platform.instagram.com\/en_US\/embeds.js\" async=\"\" defer=\"defer\"><\/script><\/p>\n<p>&nbsp;<\/p>\n","protected":false},"excerpt":{"rendered":"<p>Kiral\u0131k A\u015fk&#8217;\u0131n \u00d6mer&#8217;i Bar\u0131\u015f Ardu\u00e7, Instagram&#8217;dan spor sonras\u0131 foto\u011fraf payla\u015ft\u0131. Ardu\u00e7, payla\u015f\u0131m\u0131n alt\u0131na D\u00fcnya A\u011f\u0131r Siklet Boks \u015fampiyonlu\u011fu&#8217;nu kazanan \u0130ngiliz boks\u00f6r Anthony Joshua&#8217;ya &#8220;Haz\u0131r m\u0131s\u0131n?&#8221; (r u ready?) diyerek meydan okudu. Daha \u00f6nce de boks yaparken \u00e7ekilmi\u015f bir foto\u011fraf payla\u015fan 28 ya\u015f\u0131ndaki oyuncunun takip\u00e7ileri, bu sefer Instagram&#8217;a yorum ya\u011fd\u0131rd\u0131. Hayranlar\u0131, Bar\u0131\u015f Ardu\u00e7&#8217;a &#8220;Terminator ma\u015fallah&#8221;, &#8220;Bu &hellip;<\/p>\n","protected":false},"author":1,"featured_media":28318,"comment_status":"closed","ping_status":"open","sticky":false,"template":"","format":"standard","meta":{"footnotes":""},"categories":[2369],"tags":[2154,1724,218,509],"class_list":["post-28316","post","type-post","status-publish","format-standard","has-post-thumbnail","","category-erkekler","tag-baris-arduc","tag-diziler","tag-erkekler","tag-sinema-tv"],"_links":{"self":[{"href":"http:\/\/www.gzone.com.tr\/index.php\/wp-json\/wp\/v2\/posts\/28316","targetHints":{"allow":["GET"]}}],"collection":[{"href":"http:\/\/www.gzone.com.tr\/index.php\/wp-json\/wp\/v2\/posts"}],"about":[{"href":"http:\/\/www.gzone.com.tr\/index.php\/wp-json\/wp\/v2\/types\/post"}],"author":[{"embeddable":true,"href":"http:\/\/www.gzone.com.tr\/index.php\/wp-json\/wp\/v2\/users\/1"}],"replies":[{"embeddable":true,"href":"http:\/\/www.gzone.com.tr\/index.php\/wp-json\/wp\/v2\/comments?post=28316"}],"version-history":[{"count":0,"href":"http:\/\/www.gzone.com.tr\/index.php\/wp-json\/wp\/v2\/posts\/28316\/revisions"}],"wp:featuredmedia":[{"embeddable":true,"href":"http:\/\/www.gzone.com.tr\/index.php\/wp-json\/wp\/v2\/media\/28318"}],"wp:attachment":[{"href":"http:\/\/www.gzone.com.tr\/index.php\/wp-json\/wp\/v2\/media?parent=28316"}],"wp:term":[{"taxonomy":"category","embeddable":true,"href":"http:\/\/www.gzone.com.tr\/index.php\/wp-json\/wp\/v2\/categories?post=28316"},{"taxonomy":"post_tag","embeddable":true,"href":"http:\/\/www.gzone.com.tr\/index.php\/wp-json\/wp\/v2\/tags?post=28316"}],"curies":[{"name":"wp","href":"https:\/\/api.w.org\/{rel}","templated":true}]}}