{"id":28240,"date":"2016-05-27T09:49:49","date_gmt":"2016-05-27T06:49:49","guid":{"rendered":"http:\/\/gzone.com.tr\/?p=28240"},"modified":"2016-05-27T09:49:49","modified_gmt":"2016-05-27T06:49:49","slug":"londra-parlamento-binasinda-gokkusagi-bayragi-dalgalanacak","status":"publish","type":"post","link":"http:\/\/www.gzone.com.tr\/index.php\/2016\/05\/27\/londra-parlamento-binasinda-gokkusagi-bayragi-dalgalanacak\/","title":{"rendered":"LONDRA PARLAMENTO B\u0130NASINDA G\u00d6KKU\u015eA\u011eI BAYRA\u011eI DALGALANACAK"},"content":{"rendered":"<p>PinkNews, Londra Parlamento Binas\u0131&#8217;nda gelecek ay g\u00f6kku\u015fa\u011f\u0131 bayra\u011f\u0131n\u0131n dalgalanaca\u011f\u0131n\u0131 duyurdu.<\/p>\n<p>24-26 Haziran aras\u0131nda yap\u0131lacak Londra Onur Haftas\u0131&#8217;na \u0130ngiliz Parlamentosu da binalar\u0131na ast\u0131klar\u0131 g\u00f6kku\u015fa\u011f\u0131 bayra\u011f\u0131 ile destek verecek.<\/p>\n<p>Parlamento yetkilisi John Bercow, as\u0131lacak g\u00f6kku\u015fa\u011f\u0131 bayra\u011f\u0131n\u0131n bir &#8220;ilk&#8221; oldu\u011funun alt\u0131n\u0131 \u00e7izdi ve LGBT\u0130 Onur Haftas\u0131&#8217;n\u0131n bireysel \u00f6zg\u00fcrl\u00fckleri desteklemek i\u00e7in \u00e7ok \u00f6nemli bir d\u00f6nem oldu\u011funun alt\u0131n\u0131 \u00e7izdi.<\/p>\n<p>ParliOUT isimli grup ise Bercow ve ekibine g\u00f6kku\u015fa\u011f\u0131 bayra\u011f\u0131 hediye etti.<\/p>\n<p><img loading=\"lazy\" decoding=\"async\" class=\"alignnone\" src=\"http:\/\/s33.postimg.org\/e20377r9b\/Parliament1_640x345_acf_cropped.jpg\" alt=\"\" width=\"640\" height=\"345\" \/><\/p>\n<p>&nbsp;<\/p>\n","protected":false},"excerpt":{"rendered":"<p>PinkNews, Londra Parlamento Binas\u0131&#8217;nda gelecek ay g\u00f6kku\u015fa\u011f\u0131 bayra\u011f\u0131n\u0131n dalgalanaca\u011f\u0131n\u0131 duyurdu. 24-26 Haziran aras\u0131nda yap\u0131lacak Londra Onur Haftas\u0131&#8217;na \u0130ngiliz Parlamentosu da binalar\u0131na ast\u0131klar\u0131 g\u00f6kku\u015fa\u011f\u0131 bayra\u011f\u0131 ile destek verecek. Parlamento yetkilisi John Bercow, as\u0131lacak g\u00f6kku\u015fa\u011f\u0131 bayra\u011f\u0131n\u0131n bir &#8220;ilk&#8221; oldu\u011funun alt\u0131n\u0131 \u00e7izdi ve LGBT\u0130 Onur Haftas\u0131&#8217;n\u0131n bireysel \u00f6zg\u00fcrl\u00fckleri desteklemek i\u00e7in \u00e7ok \u00f6nemli bir d\u00f6nem oldu\u011funun alt\u0131n\u0131 \u00e7izdi. ParliOUT &hellip;<\/p>\n","protected":false},"author":1,"featured_media":28243,"comment_status":"closed","ping_status":"open","sticky":false,"template":"","format":"standard","meta":{"footnotes":""},"categories":[92,91],"tags":[185,1426,1659,685],"class_list":["post-28240","post","type-post","status-publish","format-standard","has-post-thumbnail","","category-dunya","category-haberler","tag-lgbt","tag-londra","tag-onur-haftasi","tag-parlamento"],"_links":{"self":[{"href":"http:\/\/www.gzone.com.tr\/index.php\/wp-json\/wp\/v2\/posts\/28240","targetHints":{"allow":["GET"]}}],"collection":[{"href":"http:\/\/www.gzone.com.tr\/index.php\/wp-json\/wp\/v2\/posts"}],"about":[{"href":"http:\/\/www.gzone.com.tr\/index.php\/wp-json\/wp\/v2\/types\/post"}],"author":[{"embeddable":true,"href":"http:\/\/www.gzone.com.tr\/index.php\/wp-json\/wp\/v2\/users\/1"}],"replies":[{"embeddable":true,"href":"http:\/\/www.gzone.com.tr\/index.php\/wp-json\/wp\/v2\/comments?post=28240"}],"version-history":[{"count":0,"href":"http:\/\/www.gzone.com.tr\/index.php\/wp-json\/wp\/v2\/posts\/28240\/revisions"}],"wp:featuredmedia":[{"embeddable":true,"href":"http:\/\/www.gzone.com.tr\/index.php\/wp-json\/wp\/v2\/media\/28243"}],"wp:attachment":[{"href":"http:\/\/www.gzone.com.tr\/index.php\/wp-json\/wp\/v2\/media?parent=28240"}],"wp:term":[{"taxonomy":"category","embeddable":true,"href":"http:\/\/www.gzone.com.tr\/index.php\/wp-json\/wp\/v2\/categories?post=28240"},{"taxonomy":"post_tag","embeddable":true,"href":"http:\/\/www.gzone.com.tr\/index.php\/wp-json\/wp\/v2\/tags?post=28240"}],"curies":[{"name":"wp","href":"https:\/\/api.w.org\/{rel}","templated":true}]}}