{"id":28199,"date":"2016-05-26T11:11:43","date_gmt":"2016-05-26T08:11:43","guid":{"rendered":"http:\/\/gzone.com.tr\/?p=28199"},"modified":"2016-05-26T11:12:29","modified_gmt":"2016-05-26T08:12:29","slug":"deniz-sekiden-yeniden-yargilanma-talebi","status":"publish","type":"post","link":"http:\/\/www.gzone.com.tr\/index.php\/2016\/05\/26\/deniz-sekiden-yeniden-yargilanma-talebi\/","title":{"rendered":"DEN\u0130Z SEK\u0130&#8217;DEN YEN\u0130DEN YARGILANMA TALEB\u0130"},"content":{"rendered":"<div>Bir bu\u00e7uk y\u0131ld\u0131r Bak\u0131rk\u00f6y Kad\u0131n Cezaevinde h\u00fck\u00fcml\u00fc bulunan Deniz Seki, kendisinin kaleme ald\u0131\u011f\u0131 bir mektubu \u0130stanbul A\u011f\u0131r Ceza Mahkemesine g\u00f6ndererek yeniden yarg\u0131lanma talebinde bulundu. Mektubunda soru\u015fturmas\u0131n\u0131 y\u00fcr\u00fcten savc\u0131 Bilal Bayraktar ve h\u00fck\u00fcm veren \u00fc\u00e7 hakimden ikisi hakk\u0131nda soru\u015fturma a\u00e7\u0131l\u0131p a\u00e7\u0131\u011fa al\u0131nd\u0131klar\u0131n\u0131 ayr\u0131ca verilen karar\u0131n ne Yarg\u0131tay dairesi ne Ceza Genel Kurulu ne de Anayasa Mahkemesinden oybirli\u011fiyle ge\u00e7medi\u011fini savundu. Seki, d\u00f6nemin \u0130stanbul Jandarma Komutan\u0131 hakk\u0131nda m\u00fcebbet hapis istemiyle dava a\u00e7\u0131ld\u0131\u011f\u0131n\u0131n da alt\u0131n\u0131 \u00e7izdi .<\/div>\n<div><\/div>\n<div>Deniz Seki mektubunda <em>&#8220;Bu yarg\u0131n\u0131n hastal\u0131kl\u0131 d\u00f6neminin tek ma\u011fduru olarak hala i\u00e7erdeyim. O d\u00f6nem yarg\u0131 taraf\u0131ndan ma\u011fdur edilen herkese ge\u00e7 de olsa iade-i itibar yap\u0131lm\u0131\u015fken bana bu yap\u0131lmam\u0131\u015ft\u0131r. Yarg\u0131lamamda yap\u0131lan bu kadar usuls\u00fczl\u00fc\u011fe, hukuksuzlu\u011fa ra\u011fmen Yarg\u0131tay da, Anayasa Mahkemesi de bu hukuksuzluklara maalesef sessiz kalmay\u0131 tercih etmi\u015ftir&#8221; dedi.<\/em><\/div>\n<div><\/div>\n<div>Seki iste\u011fini c\u00fcmlelerle ortaya koydu: <em>Ben yarg\u0131dan af ya da merhamet istemiyorum. Kapal\u0131 cezaevinde ge\u00e7irilecek s\u00fcreyi de tamamlayarak yeniden yarg\u0131lanma iste\u011finde bulunmay\u0131 da \u00f6zellikle\u00a0 tercih ettim. Tek iste\u011fim ba\u011f\u0131ms\u0131z ve tarafs\u0131z bir mahkeme taraf\u0131ndan yeniden yarg\u0131lanmamd\u0131r. Sizden gere\u011fini samimi, kalbi duygularla ve i\u00e7ten sayg\u0131lar\u0131mla talep ediyorum&#8221;<\/em><\/div>\n<div><\/div>\n<div>Deniz Seki&#8217;nin mektubunu avukat\u0131 Naim Karakaya, dilek\u00e7esi e\u015fli\u011finde \u0130stanbul A\u011f\u0131r Ceza Mahkemesine sundu. Avukat Naim Karakaya dilek\u00e7esinde, Deniz Seki&#8217;nin mahkum edildi\u011fi mahkemelerin adil yarg\u0131lama yapmad\u0131klar\u0131 gerek\u00e7esiyle kald\u0131r\u0131ld\u0131klar\u0131; \u00f6zel g\u00f6revli mahkemelerce verilen h\u00fck\u00fcmlere konu yarg\u0131lamalar\u0131n yeniden g\u00f6r\u00fclmesi i\u00e7in baz\u0131 A\u011f\u0131r Ceza Mahkemelerinin Anayasa Mahkemesine ba\u015fvurduklar\u0131, telefon dinleme tutanaklar\u0131nda usuls\u00fczl\u00fckler yap\u0131ld\u0131\u011f\u0131 ve bu kurallar\u0131n kanunla de\u011fi\u015ftirildi\u011fi, bu de\u011fi\u015fikli\u011fin bile tek ba\u015f\u0131na yarg\u0131laman\u0131n yenilenmesi sebebi yap\u0131ld\u0131\u011f\u0131, s\u00f6zde temin edilen ki\u015filerin de t\u00fcm \u0131srarlara ra\u011fmen dinlenmedi\u011fi gerek\u00e7eleriyle yarg\u0131laman\u0131n yenilenmesi isteminde bulunuldu.<\/div>\n<div><\/div>\n<div>\u0130stanbul A\u011f\u0131r Ceza Mahkemesinin \u00f6n\u00fcm\u00fczdeki birka\u00e7 g\u00fcn i\u00e7erisinde Sekinin yeniden yarg\u0131lanma iste\u011fi hakk\u0131nda karar vermesi bekleniyor.<\/div>\n<div><\/div>\n<div>Deniz Seki 16 Kas\u0131m 2014 te girdi\u011fi Cezaevinde, 5 Haziran 2016 tarihinden itibaren son bir y\u0131l\u0131n\u0131 ge\u00e7irmek \u00fczere a\u00e7\u0131k cezaevine ayr\u0131lma hakk\u0131na sahip olacak.<\/div>\n<div><\/div>\n","protected":false},"excerpt":{"rendered":"<p>Bir bu\u00e7uk y\u0131ld\u0131r Bak\u0131rk\u00f6y Kad\u0131n Cezaevinde h\u00fck\u00fcml\u00fc bulunan Deniz Seki, kendisinin kaleme ald\u0131\u011f\u0131 bir mektubu \u0130stanbul A\u011f\u0131r Ceza Mahkemesine g\u00f6ndererek yeniden yarg\u0131lanma talebinde bulundu. Mektubunda soru\u015fturmas\u0131n\u0131 y\u00fcr\u00fcten savc\u0131 Bilal Bayraktar ve h\u00fck\u00fcm veren \u00fc\u00e7 hakimden ikisi hakk\u0131nda soru\u015fturma a\u00e7\u0131l\u0131p a\u00e7\u0131\u011fa al\u0131nd\u0131klar\u0131n\u0131 ayr\u0131ca verilen karar\u0131n ne Yarg\u0131tay dairesi ne Ceza Genel Kurulu ne de Anayasa Mahkemesinden &hellip;<\/p>\n","protected":false},"author":1,"featured_media":23992,"comment_status":"closed","ping_status":"open","sticky":false,"template":"","format":"standard","meta":{"footnotes":""},"categories":[39,28],"tags":[479,680,275,226],"class_list":["post-28199","post","type-post","status-publish","format-standard","has-post-thumbnail","","category-muzik","category-pop","tag-deniz-seki","tag-magazin","tag-muzik-2","tag-turkce-pop"],"_links":{"self":[{"href":"http:\/\/www.gzone.com.tr\/index.php\/wp-json\/wp\/v2\/posts\/28199","targetHints":{"allow":["GET"]}}],"collection":[{"href":"http:\/\/www.gzone.com.tr\/index.php\/wp-json\/wp\/v2\/posts"}],"about":[{"href":"http:\/\/www.gzone.com.tr\/index.php\/wp-json\/wp\/v2\/types\/post"}],"author":[{"embeddable":true,"href":"http:\/\/www.gzone.com.tr\/index.php\/wp-json\/wp\/v2\/users\/1"}],"replies":[{"embeddable":true,"href":"http:\/\/www.gzone.com.tr\/index.php\/wp-json\/wp\/v2\/comments?post=28199"}],"version-history":[{"count":0,"href":"http:\/\/www.gzone.com.tr\/index.php\/wp-json\/wp\/v2\/posts\/28199\/revisions"}],"wp:featuredmedia":[{"embeddable":true,"href":"http:\/\/www.gzone.com.tr\/index.php\/wp-json\/wp\/v2\/media\/23992"}],"wp:attachment":[{"href":"http:\/\/www.gzone.com.tr\/index.php\/wp-json\/wp\/v2\/media?parent=28199"}],"wp:term":[{"taxonomy":"category","embeddable":true,"href":"http:\/\/www.gzone.com.tr\/index.php\/wp-json\/wp\/v2\/categories?post=28199"},{"taxonomy":"post_tag","embeddable":true,"href":"http:\/\/www.gzone.com.tr\/index.php\/wp-json\/wp\/v2\/tags?post=28199"}],"curies":[{"name":"wp","href":"https:\/\/api.w.org\/{rel}","templated":true}]}}