{"id":27702,"date":"2016-05-18T09:40:21","date_gmt":"2016-05-18T06:40:21","guid":{"rendered":"http:\/\/gzone.com.tr\/?p=27702"},"modified":"2016-05-18T09:40:21","modified_gmt":"2016-05-18T06:40:21","slug":"eurovision-2017nin-sunucusu-drag-queen-verka-mi-olacak","status":"publish","type":"post","link":"http:\/\/www.gzone.com.tr\/index.php\/2016\/05\/18\/eurovision-2017nin-sunucusu-drag-queen-verka-mi-olacak\/","title":{"rendered":"EUROVISION 2017&#8217;N\u0130N SUNUCUSU DRAG QUEEN VERKA MI OLACAK?"},"content":{"rendered":"<p class=\"p1\"><span class=\"s1\">Ukrayna\u2019n\u0131n Eurovision\u2019u kazanmas\u0131n\u0131n ard\u0131ndan pek \u00e7ok \u015fey konu\u015fuldu. Jamala\u2019n\u0131n performans\u0131n\u0131n ve zaferinin ard\u0131ndan \u015fu ara Ukrayna\u2019da konu\u015fulan bir \u015fey daha var: Gelecek sene Ukrayna&#8217;n\u0131n ev sahipli\u011fi yapaca\u011f\u0131 2017 Eurovision \u015fark\u0131 yar\u0131\u015fmas\u0131n\u0131 kim sunacak ?<\/p>\n<p>Ukrayna hala Jamala\u2019n\u0131n zaferiyle sarho\u015fken Eurovision fanlar\u0131 gelecek seneki sunucusunu se\u00e7ti bile.<span class=\"Apple-converted-space\">\u00a0 <\/span>O isim elbetteki<span class=\"Apple-converted-space\">\u00a0 <\/span>Ukrayna\u2019y\u0131 2007 de <span class=\"s2\">Dancing Lasha Tumbai<\/span><\/span><span class=\"s3\">&#8221; isimli \u015fark\u0131yla temsil edip finalde 235 puanla ikinci olarak yar\u0131\u015fmay\u0131 tamamlayan Ukraynan\u0131n en \u00fcnl\u00fc Drag Queen\u2019i <\/span><span class=\"s4\"><b>Verka Serduchka. <\/b><\/span><span class=\"s1\"><\/p>\n<p>Verka\u2019n\u0131n<span class=\"Apple-converted-space\">\u00a0 <\/span>Eurovision maceras\u0131 2007\u2019de ba\u015flay\u0131p bitmedi. 2007\u2019de b\u00fcy\u00fck bir ba\u015far\u0131yla \u00fclkesine d\u00f6nen Serduchka 2011 y\u0131l\u0131nda da ba\u015fkentteki ulusal elemelere kat\u0131lmak istemi\u015f ancak son anda karar\u0131ndan vazge\u00e7ip adayl\u0131\u011f\u0131n\u0131 geri \u00e7ekmi\u015fti. ESC sahnesine ad\u0131m att\u0131\u011f\u0131 g\u00fcnden beri b\u00fcy\u00fck bir hayran kitlesine sahip olan Verka bu sene de Mans Zelmerlow\u2019un kulland\u0131\u011f\u0131 Eurovision taksisine misafir olarak kat\u0131ld\u0131 ve Ukraynan\u0131n oylar\u0131n\u0131 a\u00e7\u0131klayan sunucu oldu.<\/p>\n<p>Verka\u2019n\u0131n potansiyel sunucu olma ihtimali tart\u0131\u015f\u0131l\u0131rken baz\u0131 fanlar Serduchka\u2019n\u0131n iyi bir \u0130ngilizcesi olmad\u0131\u011f\u0131 i\u00e7in sunucu olamayaca\u011f\u0131n\u0131 d\u00fc\u015f\u00fcn\u00fcyor. Verka 2017 Eurovision\u2019unun sunucusu olur mu bilemeyiz ancak 2017\u2019de de Serduchka\u2019y\u0131<span class=\"Apple-converted-space\">\u00a0 <\/span>bir \u015fekilde finallerde g\u00f6rece\u011fimize eminim.<\/p>\n<p>Siz ne d\u00fc\u015f\u00fcn\u00fcyorsunuz ? Ukrayna\u2019n\u0131n \u00fcnl\u00fc drag queen\u2019i gelecek sene evimizi \u015fenlendirir mi ?<\/span><\/p>\n<p class=\"p1\"><img loading=\"lazy\" decoding=\"async\" class=\"alignnone\" src=\"http:\/\/s32.postimg.org\/pnz0caccl\/13262081_1242318615800768_1480304831_o.jpg\" alt=\"\" width=\"1279\" height=\"637\" \/><\/p>\n<p class=\"p1\">Haber: \u00c7a\u011fda\u015f Engin K\u0131rlang\u0131\u00e7<\/p>\n<p class=\"p1\">\n","protected":false},"excerpt":{"rendered":"<p>Ukrayna\u2019n\u0131n Eurovision\u2019u kazanmas\u0131n\u0131n ard\u0131ndan pek \u00e7ok \u015fey konu\u015fuldu. Jamala\u2019n\u0131n performans\u0131n\u0131n ve zaferinin ard\u0131ndan \u015fu ara Ukrayna\u2019da konu\u015fulan bir \u015fey daha var: Gelecek sene Ukrayna&#8217;n\u0131n ev sahipli\u011fi yapaca\u011f\u0131 2017 Eurovision \u015fark\u0131 yar\u0131\u015fmas\u0131n\u0131 kim sunacak ? Ukrayna hala Jamala\u2019n\u0131n zaferiyle sarho\u015fken Eurovision fanlar\u0131 gelecek seneki sunucusunu se\u00e7ti bile.\u00a0 O isim elbetteki\u00a0 Ukrayna\u2019y\u0131 2007 de Dancing Lasha Tumbai&#8221; &hellip;<\/p>\n","protected":false},"author":1,"featured_media":27704,"comment_status":"closed","ping_status":"open","sticky":false,"template":"","format":"standard","meta":{"footnotes":""},"categories":[28,61],"tags":[173,415,509,870,4912],"class_list":["post-27702","post","type-post","status-publish","format-standard","has-post-thumbnail","","category-pop","category-sinematv","tag-eurovision","tag-pop-2","tag-sinema-tv","tag-ukrayna","tag-verka-serduckha"],"_links":{"self":[{"href":"http:\/\/www.gzone.com.tr\/index.php\/wp-json\/wp\/v2\/posts\/27702","targetHints":{"allow":["GET"]}}],"collection":[{"href":"http:\/\/www.gzone.com.tr\/index.php\/wp-json\/wp\/v2\/posts"}],"about":[{"href":"http:\/\/www.gzone.com.tr\/index.php\/wp-json\/wp\/v2\/types\/post"}],"author":[{"embeddable":true,"href":"http:\/\/www.gzone.com.tr\/index.php\/wp-json\/wp\/v2\/users\/1"}],"replies":[{"embeddable":true,"href":"http:\/\/www.gzone.com.tr\/index.php\/wp-json\/wp\/v2\/comments?post=27702"}],"version-history":[{"count":0,"href":"http:\/\/www.gzone.com.tr\/index.php\/wp-json\/wp\/v2\/posts\/27702\/revisions"}],"wp:featuredmedia":[{"embeddable":true,"href":"http:\/\/www.gzone.com.tr\/index.php\/wp-json\/wp\/v2\/media\/27704"}],"wp:attachment":[{"href":"http:\/\/www.gzone.com.tr\/index.php\/wp-json\/wp\/v2\/media?parent=27702"}],"wp:term":[{"taxonomy":"category","embeddable":true,"href":"http:\/\/www.gzone.com.tr\/index.php\/wp-json\/wp\/v2\/categories?post=27702"},{"taxonomy":"post_tag","embeddable":true,"href":"http:\/\/www.gzone.com.tr\/index.php\/wp-json\/wp\/v2\/tags?post=27702"}],"curies":[{"name":"wp","href":"https:\/\/api.w.org\/{rel}","templated":true}]}}