{"id":27483,"date":"2016-05-14T22:36:55","date_gmt":"2016-05-14T19:36:55","guid":{"rendered":"http:\/\/gzone.com.tr\/?p=27483"},"modified":"2016-05-14T22:42:04","modified_gmt":"2016-05-14T19:42:04","slug":"ispanyol-olimpiyat-patenci-escinsel-oldugunu-acikladi","status":"publish","type":"post","link":"http:\/\/www.gzone.com.tr\/index.php\/2016\/05\/14\/ispanyol-olimpiyat-patenci-escinsel-oldugunu-acikladi\/","title":{"rendered":"\u0130SPANYOL OL\u0130MP\u0130YAT PATENC\u0130S\u0130 E\u015eC\u0130NSEL OLDU\u011eUNU A\u00c7IKLADI"},"content":{"rendered":"<p><strong>\u0130spanyol Olimpiyat patenci Javier Raya, e\u015fcinsel oldu\u011funu \u0130nstagram \u00fczerinden yay\u0131nlad\u0131\u011f\u0131 bir foto\u011fraf ile herkese duyurdu.<\/strong><\/p>\n<p>Ambienteg sayfas\u0131n\u0131n haberine g\u00f6re, \u0130spanyol Olimpiyat patenci Javier Raya, bir \u00e7ok ki\u015finin daha \u00f6nce tahmin etti\u011fi ve \u015f\u00fcphe duydu\u011fu konuya a\u00e7\u0131kl\u0131k getirerek, e\u015fcinsel oldu\u011funu sevgilisi ile beraber \u00f6p\u00fc\u015ft\u00fckleri foto\u011fraf\u0131 resmi \u0130nstagram sayfas\u0131nda payla\u015farak duyurdu.<\/p>\n<p>\u00dcnl\u00fc patenci paylast\u0131\u011f\u0131 foto\u011frafta &#8220;\u00c7o\u011fu ki\u015fi biliyor, baz\u0131lar\u0131 bu foto\u011fraf ile ne oldu\u011funu anlayacak ve di\u011ferleri ise bir erkek ile oldu\u011fum i\u00e7in \u015fa\u015f\u0131racak. Ama s\u00f6ylemem gerek ki, \u015fu an kendimi d\u00fcnyan\u0131n en mutlu insan\u0131 olarak hissediyorum. Te\u015fekk\u00fcrler Andrew Nicholson, seni seviyorum.&#8221; s\u00f6zlerine yer verdi.<\/p>\n<blockquote class=\"instagram-media\" style=\"background: #FFF; border: 0; border-radius: 3px; box-shadow: 0 0 1px 0 rgba(0,0,0,0.5),0 1px 10px 0 rgba(0,0,0,0.15); margin: 1px; max-width: 658px; padding: 0; width: calc(100% - 2px);\" data-instgrm-captioned=\"\" data-instgrm-version=\"7\">\n<div style=\"padding: 8px;\">\n<div style=\"background: #F8F8F8; line-height: 0; margin-top: 40px; padding: 43.0555555556% 0; text-align: center; width: 100%;\"><\/div>\n<p style=\"margin: 8px 0 0 0; padding: 0 4px;\"><a style=\"color: #000; font-family: Arial,sans-serif; font-size: 14px; font-style: normal; font-weight: normal; line-height: 17px; text-decoration: none; word-wrap: break-word;\" href=\"https:\/\/www.instagram.com\/p\/BFV8wUtzek8\/\" target=\"_blank\">Muchos lo sab\u00e9is, otros os lo hab\u00e9is imaginado por las fotos, y a otros os sorprender\u00e1 no solo que tenga pareja sino porque sea un chico, pero tengo que decir que ahora mismo me siento la persona m\u00e1s afortunada del mundo. Gracias @nicholsondrew Te quiero \u2764\ufe0f Many of you knows, others can imagine by the pictures and others will be surprised, but I have to say that right now I feel like the luckiest person in the world! Thank you @nicholsondrew I love you\u2764\ufe0f<\/a><\/p>\n<p style=\"color: #c9c8cd; font-family: Arial,sans-serif; font-size: 14px; line-height: 17px; margin-bottom: 0; margin-top: 8px; overflow: hidden; padding: 8px 0 7px; text-align: center; text-overflow: ellipsis; white-space: nowrap;\">Ein von Javier Raya (@skateraya) gepostetes Foto am <time style=\"font-family: Arial,sans-serif; font-size: 14px; line-height: 17px;\" datetime=\"2016-05-13T09:48:09+00:00\">13. Mai 2016 um 2:48 Uhr<\/time><\/p>\n<\/div>\n<\/blockquote>\n<p><script src=\"\/\/platform.instagram.com\/en_US\/embeds.js\" async=\"\" defer=\"defer\"><\/script><\/p>\n<p>Haber: Serkan G\u00f6k\u00e7e<\/p>\n","protected":false},"excerpt":{"rendered":"<p>\u0130spanyol Olimpiyat patenci Javier Raya, e\u015fcinsel oldu\u011funu \u0130nstagram \u00fczerinden yay\u0131nlad\u0131\u011f\u0131 bir foto\u011fraf ile herkese duyurdu. Ambienteg sayfas\u0131n\u0131n haberine g\u00f6re, \u0130spanyol Olimpiyat patenci Javier Raya, bir \u00e7ok ki\u015finin daha \u00f6nce tahmin etti\u011fi ve \u015f\u00fcphe duydu\u011fu konuya a\u00e7\u0131kl\u0131k getirerek, e\u015fcinsel oldu\u011funu sevgilisi ile beraber \u00f6p\u00fc\u015ft\u00fckleri foto\u011fraf\u0131 resmi \u0130nstagram sayfas\u0131nda payla\u015farak duyurdu. \u00dcnl\u00fc patenci paylast\u0131\u011f\u0131 foto\u011frafta &#8220;\u00c7o\u011fu ki\u015fi &hellip;<\/p>\n","protected":false},"author":1,"featured_media":27484,"comment_status":"closed","ping_status":"open","sticky":false,"template":"","format":"standard","meta":{"footnotes":""},"categories":[81],"tags":[4870,4871,118,4869],"class_list":["post-27483","post","type-post","status-publish","format-standard","has-post-thumbnail","","category-spor","tag-andrew-nicholson","tag-gay-sporcu","tag-ispanya","tag-javier-raya"],"_links":{"self":[{"href":"http:\/\/www.gzone.com.tr\/index.php\/wp-json\/wp\/v2\/posts\/27483","targetHints":{"allow":["GET"]}}],"collection":[{"href":"http:\/\/www.gzone.com.tr\/index.php\/wp-json\/wp\/v2\/posts"}],"about":[{"href":"http:\/\/www.gzone.com.tr\/index.php\/wp-json\/wp\/v2\/types\/post"}],"author":[{"embeddable":true,"href":"http:\/\/www.gzone.com.tr\/index.php\/wp-json\/wp\/v2\/users\/1"}],"replies":[{"embeddable":true,"href":"http:\/\/www.gzone.com.tr\/index.php\/wp-json\/wp\/v2\/comments?post=27483"}],"version-history":[{"count":0,"href":"http:\/\/www.gzone.com.tr\/index.php\/wp-json\/wp\/v2\/posts\/27483\/revisions"}],"wp:featuredmedia":[{"embeddable":true,"href":"http:\/\/www.gzone.com.tr\/index.php\/wp-json\/wp\/v2\/media\/27484"}],"wp:attachment":[{"href":"http:\/\/www.gzone.com.tr\/index.php\/wp-json\/wp\/v2\/media?parent=27483"}],"wp:term":[{"taxonomy":"category","embeddable":true,"href":"http:\/\/www.gzone.com.tr\/index.php\/wp-json\/wp\/v2\/categories?post=27483"},{"taxonomy":"post_tag","embeddable":true,"href":"http:\/\/www.gzone.com.tr\/index.php\/wp-json\/wp\/v2\/tags?post=27483"}],"curies":[{"name":"wp","href":"https:\/\/api.w.org\/{rel}","templated":true}]}}