{"id":27472,"date":"2016-05-14T22:38:41","date_gmt":"2016-05-14T19:38:41","guid":{"rendered":"http:\/\/gzone.com.tr\/?p=27472"},"modified":"2016-05-14T22:38:41","modified_gmt":"2016-05-14T19:38:41","slug":"almanya-magrip-ulkelerini-guvenli-olarak-siniflandirdi","status":"publish","type":"post","link":"http:\/\/www.gzone.com.tr\/index.php\/2016\/05\/14\/almanya-magrip-ulkelerini-guvenli-olarak-siniflandirdi\/","title":{"rendered":"ALMANYA MAGR\u0130P \u00dcLKELER\u0130N\u0130 \u201cG\u00dcVENL\u0130\u201d OLARAK SINIFLANDIRDI"},"content":{"rendered":"<p><strong>Alman Parlamentosu, Cezayir, Fas ve Tunus \u00fclkelerini resmi olarak \u201cg\u00fcvenli\u201d konumuna s\u0131n\u0131fland\u0131rd\u0131.<\/strong><\/p>\n<p>Alman bas\u0131n\u0131nda yer alan habere g\u00f6re, Alman Parlamentosu\u2019nun ge\u00e7ti\u011fimiz cuma g\u00fcn\u00fc karara ba\u011flad\u0131\u011f\u0131 oylamada, Cezayir, Fas ve Tunus \u00fclkelerini e\u015fcinsellere y\u00f6nelik cezaland\u0131rmalar uygulamas\u0131na ra\u011fmen resmi olarak \u201cg\u00fcvenli\u201d \u00fclkeler olarak s\u0131n\u0131fland\u0131r\u0131ld\u0131.<\/p>\n<p>424 oy ile kabul g\u00f6ren yeni s\u0131n\u0131fland\u0131rma ile beraber m\u00fcltecilerin Almanya\u2019ya gelmesi zorla\u015facak. M\u00fcltecilerin Almanya\u2019ya s\u0131\u011f\u0131nmak i\u00e7in gerek\u00e7e g\u00f6stermeleri gerekirken, Magrip \u00fclkelerinden ba\u015fvuru yapanlar\u0131n ise gelecekte ispatlanm\u0131\u015f belgeler ile \u00fclkeden ka\u00e7\u0131\u015f nedenini Almanya\u2019ya sunmas\u0131 gerekecek.<\/p>\n<p>Haber: Serkan G\u00f6k\u00e7e<\/p>\n","protected":false},"excerpt":{"rendered":"<p>Alman Parlamentosu, Cezayir, Fas ve Tunus \u00fclkelerini resmi olarak \u201cg\u00fcvenli\u201d konumuna s\u0131n\u0131fland\u0131rd\u0131. Alman bas\u0131n\u0131nda yer alan habere g\u00f6re, Alman Parlamentosu\u2019nun ge\u00e7ti\u011fimiz cuma g\u00fcn\u00fc karara ba\u011flad\u0131\u011f\u0131 oylamada, Cezayir, Fas ve Tunus \u00fclkelerini e\u015fcinsellere y\u00f6nelik cezaland\u0131rmalar uygulamas\u0131na ra\u011fmen resmi olarak \u201cg\u00fcvenli\u201d \u00fclkeler olarak s\u0131n\u0131fland\u0131r\u0131ld\u0131. 424 oy ile kabul g\u00f6ren yeni s\u0131n\u0131fland\u0131rma ile beraber m\u00fcltecilerin Almanya\u2019ya gelmesi zorla\u015facak. &hellip;<\/p>\n","protected":false},"author":1,"featured_media":27474,"comment_status":"closed","ping_status":"open","sticky":false,"template":"","format":"standard","meta":{"footnotes":""},"categories":[92,91],"tags":[641,113,323,4534],"class_list":["post-27472","post","type-post","status-publish","format-standard","has-post-thumbnail","","category-dunya","category-haberler","tag-almanya","tag-dunya-2","tag-haber","tag-magrip-ulkeleri"],"_links":{"self":[{"href":"http:\/\/www.gzone.com.tr\/index.php\/wp-json\/wp\/v2\/posts\/27472","targetHints":{"allow":["GET"]}}],"collection":[{"href":"http:\/\/www.gzone.com.tr\/index.php\/wp-json\/wp\/v2\/posts"}],"about":[{"href":"http:\/\/www.gzone.com.tr\/index.php\/wp-json\/wp\/v2\/types\/post"}],"author":[{"embeddable":true,"href":"http:\/\/www.gzone.com.tr\/index.php\/wp-json\/wp\/v2\/users\/1"}],"replies":[{"embeddable":true,"href":"http:\/\/www.gzone.com.tr\/index.php\/wp-json\/wp\/v2\/comments?post=27472"}],"version-history":[{"count":0,"href":"http:\/\/www.gzone.com.tr\/index.php\/wp-json\/wp\/v2\/posts\/27472\/revisions"}],"wp:featuredmedia":[{"embeddable":true,"href":"http:\/\/www.gzone.com.tr\/index.php\/wp-json\/wp\/v2\/media\/27474"}],"wp:attachment":[{"href":"http:\/\/www.gzone.com.tr\/index.php\/wp-json\/wp\/v2\/media?parent=27472"}],"wp:term":[{"taxonomy":"category","embeddable":true,"href":"http:\/\/www.gzone.com.tr\/index.php\/wp-json\/wp\/v2\/categories?post=27472"},{"taxonomy":"post_tag","embeddable":true,"href":"http:\/\/www.gzone.com.tr\/index.php\/wp-json\/wp\/v2\/tags?post=27472"}],"curies":[{"name":"wp","href":"https:\/\/api.w.org\/{rel}","templated":true}]}}