{"id":27455,"date":"2016-05-14T16:22:46","date_gmt":"2016-05-14T13:22:46","guid":{"rendered":"http:\/\/gzone.com.tr\/?p=27455"},"modified":"2016-05-14T17:01:08","modified_gmt":"2016-05-14T14:01:08","slug":"bulgar-sarkici-azis-kizinin-egitimi-icin-isvicreye-yerlesecek","status":"publish","type":"post","link":"http:\/\/www.gzone.com.tr\/index.php\/2016\/05\/14\/bulgar-sarkici-azis-kizinin-egitimi-icin-isvicreye-yerlesecek\/","title":{"rendered":"BULGAR \u015eARKICI AZ\u0130S KIZININ E\u011e\u0130T\u0130M\u0130 \u0130\u00c7\u0130N \u0130SV\u0130\u00c7RE\u2019YE YERLE\u015eECEK"},"content":{"rendered":"<p><strong>Bulgaristan\u2019\u0131n \u00fcnl\u00fc pop-folk \u015fark\u0131c\u0131lar\u0131ndan biri olan Azis, 9 ya\u015f\u0131ndaki k\u0131z\u0131n\u0131n e\u011fitimi ve hayat kalitesi a\u00e7\u0131s\u0131ndan ileri ki y\u0131llarda \u0130svi\u00e7re\u2019ye ta\u015f\u0131naca\u011f\u0131n\u0131 a\u00e7\u0131klad\u0131.<\/strong><\/p>\n<p>HotArena sayfas\u0131nda yer alan habere g\u00f6re, \u00fcnl\u00fc \u015fark\u0131\u00e7\u0131 k\u0131z\u0131n\u0131n gelece\u011fini hen\u00fcz do\u011fmadan \u00f6nce planlad\u0131\u011f\u0131n\u0131 ve bunun i\u00e7in \u0130svi\u00e7re\u2019nin do\u011fru bir se\u00e7im olaca\u011f\u0131n\u0131 belirtti. Bir ka\u00e7 y\u0131l daha Bulgaristan\u2019da ya\u015fayaca\u011f\u0131n\u0131 ve yeterli maddi g\u00fcc\u00fc bir araya getirdikten sonra da k\u0131z\u0131n\u0131n e\u011fitimi i\u00e7in ta\u015f\u0131nma i\u015flemlerine start verece\u011fini ifade eden Azis, roman oldu\u011fu i\u00e7in ayr\u0131mc\u0131l\u0131k ile y\u0131llarca m\u00fccadele verdi\u011fini, k\u0131z\u0131n\u0131n da gelecekte bu t\u00fcr sorunlar ile kar\u015f\u0131 kar\u015f\u0131ya gelmemesi ad\u0131na da b\u00f6yle bir karar\u0131 uygun g\u00f6rd\u00fc\u011f\u00fcne vurgu yapt\u0131. Azis konu ile ilgili a\u00e7\u0131klamas\u0131nda \u015fu s\u00f6zlere de yer verdi: \u201c\u0130nsanlar burada parmaklar\u0131yla i\u015faret ediyorlar. Ne yaparsan yap seni ikinci s\u0131n\u0131f insan olarak g\u00f6r\u00fcyorlar. Ama bat\u0131 da bu b\u00f6yle de\u011fil.\u201d<\/p>\n<p>\u015eimdilik sadece k\u0131z\u0131n\u0131n e\u011fitimi i\u00e7in \u0130svi\u00e7re\u2019yi se\u00e7ti\u011fini a\u00e7\u0131klayan Azis, e\u011fitim durumu bittikten sonra ba\u015fka bir \u00fclke de ya\u015fay\u0131p ya\u015famayaca\u011f\u0131n\u0131 k\u0131z\u0131na b\u0131rakaca\u011f\u0131n\u0131 ve onu bu s\u00fcre\u00e7te yaln\u0131z b\u0131rakmayarak destek olaca\u011f\u0131n\u0131 s\u00f6yledi.<\/p>\n<p>Azis, bir ara e\u015fcinsel\/trans temal\u0131 klipler ve stili ile dikkat \u00e7ekerek art\u0131k bunlar\u0131 geride b\u0131rakt\u0131\u011f\u0131n\u0131, roman bir sanat\u00e7\u0131 olarak hem biseks\u00fcel hem de yetenekli olunabilece\u011fini kan\u0131tlad\u0131\u011f\u0131n\u0131 a\u00e7\u0131klam\u0131\u015ft\u0131.<\/p>\n<p>Haber: Serkan G\u00f6k\u00e7e<\/p>\n","protected":false},"excerpt":{"rendered":"<p>Bulgaristan\u2019\u0131n \u00fcnl\u00fc pop-folk \u015fark\u0131c\u0131lar\u0131ndan biri olan Azis, 9 ya\u015f\u0131ndaki k\u0131z\u0131n\u0131n e\u011fitimi ve hayat kalitesi a\u00e7\u0131s\u0131ndan ileri ki y\u0131llarda \u0130svi\u00e7re\u2019ye ta\u015f\u0131naca\u011f\u0131n\u0131 a\u00e7\u0131klad\u0131. HotArena sayfas\u0131nda yer alan habere g\u00f6re, \u00fcnl\u00fc \u015fark\u0131\u00e7\u0131 k\u0131z\u0131n\u0131n gelece\u011fini hen\u00fcz do\u011fmadan \u00f6nce planlad\u0131\u011f\u0131n\u0131 ve bunun i\u00e7in \u0130svi\u00e7re\u2019nin do\u011fru bir se\u00e7im olaca\u011f\u0131n\u0131 belirtti. Bir ka\u00e7 y\u0131l daha Bulgaristan\u2019da ya\u015fayaca\u011f\u0131n\u0131 ve yeterli maddi g\u00fcc\u00fc bir &hellip;<\/p>\n","protected":false},"author":1,"featured_media":27468,"comment_status":"closed","ping_status":"open","sticky":false,"template":"","format":"standard","meta":{"footnotes":""},"categories":[39,28],"tags":[593,3609,323],"class_list":["post-27455","post","type-post","status-publish","format-standard","has-post-thumbnail","","category-muzik","category-pop","tag-azis","tag-bulgaristan","tag-haber"],"_links":{"self":[{"href":"http:\/\/www.gzone.com.tr\/index.php\/wp-json\/wp\/v2\/posts\/27455","targetHints":{"allow":["GET"]}}],"collection":[{"href":"http:\/\/www.gzone.com.tr\/index.php\/wp-json\/wp\/v2\/posts"}],"about":[{"href":"http:\/\/www.gzone.com.tr\/index.php\/wp-json\/wp\/v2\/types\/post"}],"author":[{"embeddable":true,"href":"http:\/\/www.gzone.com.tr\/index.php\/wp-json\/wp\/v2\/users\/1"}],"replies":[{"embeddable":true,"href":"http:\/\/www.gzone.com.tr\/index.php\/wp-json\/wp\/v2\/comments?post=27455"}],"version-history":[{"count":0,"href":"http:\/\/www.gzone.com.tr\/index.php\/wp-json\/wp\/v2\/posts\/27455\/revisions"}],"wp:featuredmedia":[{"embeddable":true,"href":"http:\/\/www.gzone.com.tr\/index.php\/wp-json\/wp\/v2\/media\/27468"}],"wp:attachment":[{"href":"http:\/\/www.gzone.com.tr\/index.php\/wp-json\/wp\/v2\/media?parent=27455"}],"wp:term":[{"taxonomy":"category","embeddable":true,"href":"http:\/\/www.gzone.com.tr\/index.php\/wp-json\/wp\/v2\/categories?post=27455"},{"taxonomy":"post_tag","embeddable":true,"href":"http:\/\/www.gzone.com.tr\/index.php\/wp-json\/wp\/v2\/tags?post=27455"}],"curies":[{"name":"wp","href":"https:\/\/api.w.org\/{rel}","templated":true}]}}