{"id":27349,"date":"2016-05-13T10:57:06","date_gmt":"2016-05-13T07:57:06","guid":{"rendered":"http:\/\/gzone.com.tr\/?p=27349"},"modified":"2016-05-13T10:57:06","modified_gmt":"2016-05-13T07:57:06","slug":"izle-kanadada-homofobik-saldiriya-escinsel-opusmeli-protesto","status":"publish","type":"post","link":"http:\/\/www.gzone.com.tr\/index.php\/2016\/05\/13\/izle-kanadada-homofobik-saldiriya-escinsel-opusmeli-protesto\/","title":{"rendered":"\u0130ZLE: KANADA&#8217;DA HOMOFOB\u0130K SALDIRIYA E\u015eC\u0130NSEL \u00d6P\u00dc\u015eMEL\u0130 PROTESTO"},"content":{"rendered":"<p><strong>Ge\u00e7i\u011fimiz hafta Kanada&#8217;n\u0131n Montreal \u015fehrinde ya\u015fanan homofobik sald\u0131r\u0131y\u0131 protesto etmek isteyen y\u00fczlerce insan, sald\u0131r\u0131n\u0131n ger\u00e7ekle\u015fti\u011fi\u00a0Hochelaga-Maisonneuve&#8217;de e\u015fcinsel \u00f6p\u00fc\u015fme protestosu ger\u00e7ekle\u015ftirdi.<\/strong><\/p>\n<p><iframe loading=\"lazy\" title=\"Denouncing homophobia with a kiss-in\" width=\"618\" height=\"348\" src=\"https:\/\/www.youtube.com\/embed\/HFDhoBgmREc?start=51&#038;feature=oembed\" frameborder=\"0\" allow=\"accelerometer; autoplay; clipboard-write; encrypted-media; gyroscope; picture-in-picture; web-share\" referrerpolicy=\"strict-origin-when-cross-origin\" allowfullscreen><\/iframe><\/p>\n<p>Ge\u00e7ti\u011fimiz ay\u00a0Simon ve Sebastien (soyisimlerini a\u00e7\u0131klamak istemiyorlar) Montreal&#8217;in en b\u00fcy\u00fck meydanlar\u0131ndan biri olan\u00a0<strong>Hochelaga-Maisonneuve&#8217;<\/strong>de el ele y\u00fcr\u00fcrlerken bir grup homofobik gen\u00e7 taraf\u0131ndan tartaklanm\u0131\u015ft\u0131.<\/p>\n","protected":false},"excerpt":{"rendered":"<p>Ge\u00e7i\u011fimiz hafta Kanada&#8217;n\u0131n Montreal \u015fehrinde ya\u015fanan homofobik sald\u0131r\u0131y\u0131 protesto etmek isteyen y\u00fczlerce insan, sald\u0131r\u0131n\u0131n ger\u00e7ekle\u015fti\u011fi\u00a0Hochelaga-Maisonneuve&#8217;de e\u015fcinsel \u00f6p\u00fc\u015fme protestosu ger\u00e7ekle\u015ftirdi. Ge\u00e7ti\u011fimiz ay\u00a0Simon ve Sebastien (soyisimlerini a\u00e7\u0131klamak istemiyorlar) Montreal&#8217;in en b\u00fcy\u00fck meydanlar\u0131ndan biri olan\u00a0Hochelaga-Maisonneuve&#8217;de el ele y\u00fcr\u00fcrlerken bir grup homofobik gen\u00e7 taraf\u0131ndan tartaklanm\u0131\u015ft\u0131.<\/p>\n","protected":false},"author":1,"featured_media":27350,"comment_status":"closed","ping_status":"open","sticky":false,"template":"","format":"standard","meta":{"footnotes":""},"categories":[92,91],"tags":[113,112,465,1631,4845],"class_list":["post-27349","post","type-post","status-publish","format-standard","has-post-thumbnail","","category-dunya","category-haberler","tag-dunya-2","tag-haberler-2","tag-homofobi","tag-kanada","tag-montreal"],"_links":{"self":[{"href":"http:\/\/www.gzone.com.tr\/index.php\/wp-json\/wp\/v2\/posts\/27349","targetHints":{"allow":["GET"]}}],"collection":[{"href":"http:\/\/www.gzone.com.tr\/index.php\/wp-json\/wp\/v2\/posts"}],"about":[{"href":"http:\/\/www.gzone.com.tr\/index.php\/wp-json\/wp\/v2\/types\/post"}],"author":[{"embeddable":true,"href":"http:\/\/www.gzone.com.tr\/index.php\/wp-json\/wp\/v2\/users\/1"}],"replies":[{"embeddable":true,"href":"http:\/\/www.gzone.com.tr\/index.php\/wp-json\/wp\/v2\/comments?post=27349"}],"version-history":[{"count":0,"href":"http:\/\/www.gzone.com.tr\/index.php\/wp-json\/wp\/v2\/posts\/27349\/revisions"}],"wp:featuredmedia":[{"embeddable":true,"href":"http:\/\/www.gzone.com.tr\/index.php\/wp-json\/wp\/v2\/media\/27350"}],"wp:attachment":[{"href":"http:\/\/www.gzone.com.tr\/index.php\/wp-json\/wp\/v2\/media?parent=27349"}],"wp:term":[{"taxonomy":"category","embeddable":true,"href":"http:\/\/www.gzone.com.tr\/index.php\/wp-json\/wp\/v2\/categories?post=27349"},{"taxonomy":"post_tag","embeddable":true,"href":"http:\/\/www.gzone.com.tr\/index.php\/wp-json\/wp\/v2\/tags?post=27349"}],"curies":[{"name":"wp","href":"https:\/\/api.w.org\/{rel}","templated":true}]}}