{"id":27276,"date":"2016-05-12T09:05:47","date_gmt":"2016-05-12T06:05:47","guid":{"rendered":"http:\/\/gzone.com.tr\/?p=27276"},"modified":"2016-05-12T09:05:47","modified_gmt":"2016-05-12T06:05:47","slug":"ceza-alan-escinsellere-tazminat-odenmesi-icin-yasa-hazirlaniyor","status":"publish","type":"post","link":"http:\/\/www.gzone.com.tr\/index.php\/2016\/05\/12\/ceza-alan-escinsellere-tazminat-odenmesi-icin-yasa-hazirlaniyor\/","title":{"rendered":"CEZA ALAN E\u015eC\u0130NSELLERE TAZM\u0130NAT \u00d6DENMES\u0130 \u0130\u00c7\u0130N YASA HAZIRLANIYOR"},"content":{"rendered":"<p class=\"b-article__lead\"><strong>Almanya Adalet Bakan\u0131 Heiko Maas, \u00fclkede \u0130kinci D\u00fcnya Sava\u015f\u0131 sonras\u0131nda e\u015fcinsel olduklar\u0131 i\u00e7in ceza alan erkeklere itibarlar\u0131n\u0131n iade edilmesini ve bu ki\u015filere tazminat \u00f6denmesini \u00f6ng\u00f6ren bir yasa tasar\u0131s\u0131 haz\u0131rlanaca\u011f\u0131n\u0131 duyurdu.<\/strong><\/p>\n<div class=\"b-article__text\">\n<p>Maas, &#8220;Devlet bunca ki\u015finin hayat\u0131n\u0131 zorla\u015ft\u0131rarak \u00fczerine b\u00fcy\u00fck bir su\u00e7 alm\u0131\u015f oldu&#8221; diyerek s\u00f6z konusu 175. maddenin ba\u015f\u0131ndan beri anayasaya ayk\u0131r\u0131 oldu\u011funu s\u00f6yledi.<\/p>\n<p>Alman \u0130mparatorlu\u011fu d\u00f6neminden kalma olan ve Nazi d\u00f6neminde e\u015fcinsellerin kovu\u015fturulmas\u0131n\u0131 sa\u011flamak i\u00e7in daha da sertle\u015ftirilen Ceza Yasas\u0131&#8217;n\u0131n 175. maddesi e\u015fcinselli\u011fi su\u00e7 olarak tan\u0131ml\u0131yordu.<\/p>\n<p>Almanya&#8217;da erkekler aras\u0131ndaki e\u015fcinsel ili\u015fki 1994 y\u0131l\u0131na kadar su\u00e7 te\u015fkil ediyordu.<\/p>\n<p><strong>&#8216;BU YASADAN MAHKUM OLANLARIN ONURU \u0130NC\u0130T\u0130LD\u0130&#8217;<\/strong><\/p>\n<p><img loading=\"lazy\" decoding=\"async\" class=\"alignnone\" src=\"http:\/\/s32.postimg.org\/756cfjtyd\/German_Justice_Min_3422065b.jpg\" alt=\"\" width=\"800\" height=\"499\" \/><\/p>\n<p>Deutsche Welle T\u00fcrk\u00e7e&#8217;nin haberine g\u00f6re, s\u00f6z konusu yasa do\u011frultusunda haks\u0131z h\u00fck\u00fcmler verildi\u011fini belirten Bakan, bu yasadan her mahkum olan\u0131n onurunun derinlemesine incitildi\u011fini belirtti.<\/p>\n<p>Maas, haz\u0131rlanmas\u0131 planlanan yasan\u0131n verilen t\u00fcm h\u00fck\u00fcmleri ge\u00e7ersiz k\u0131laca\u011f\u0131n\u0131 ve mahkum olan ki\u015filere de tazminat \u00f6denmesini garantileyece\u011fini s\u00f6yledi. Ayn\u0131 zamanda Magnus-Hirschfeld Vakf\u0131&#8217;n\u0131n da bu yasadan mahkum olan ki\u015filerin hikayelerinin kay\u0131t alt\u0131na al\u0131nmas\u0131 i\u00e7in \u00e7al\u0131\u015fmalara ba\u015flamas\u0131 bekleniyor.<\/p>\n<p>Almanya&#8217;da Ayr\u0131mc\u0131l\u0131kla M\u00fccadele Birimi, yasan\u0131n ma\u011fdurlar\u0131n\u0131n itibarlar\u0131n\u0131n iade edilmesini ve bu ki\u015filere tazminat \u00f6denmesini talep eden bir bilirki\u015fi raporu haz\u0131rlam\u0131\u015ft\u0131. Birimin y\u00f6neticisi Christine L\u00fcders, &#8220;50 binden fazla ma\u011fdurun onuru kovu\u015fturma ve yarg\u0131lamalarla incitilmi\u015ftir&#8221; dedi. L\u00fcders verilen h\u00fck\u00fcmlerin kald\u0131r\u0131lmas\u0131n\u0131 istedi.<\/p>\n<p>Almanya Lezbiyen ve Geyler Derne\u011fi (LSVD), s\u00f6z konusu raporun bu yasama d\u00f6neminde uygulamaya ge\u00e7irilmesini istedi.<\/p>\n<p>&nbsp;<\/p>\n<\/div>\n<p>Kaynak: Sputnik T\u00fcrkiye<\/p>\n","protected":false},"excerpt":{"rendered":"<p>Almanya Adalet Bakan\u0131 Heiko Maas, \u00fclkede \u0130kinci D\u00fcnya Sava\u015f\u0131 sonras\u0131nda e\u015fcinsel olduklar\u0131 i\u00e7in ceza alan erkeklere itibarlar\u0131n\u0131n iade edilmesini ve bu ki\u015filere tazminat \u00f6denmesini \u00f6ng\u00f6ren bir yasa tasar\u0131s\u0131 haz\u0131rlanaca\u011f\u0131n\u0131 duyurdu. Maas, &#8220;Devlet bunca ki\u015finin hayat\u0131n\u0131 zorla\u015ft\u0131rarak \u00fczerine b\u00fcy\u00fck bir su\u00e7 alm\u0131\u015f oldu&#8221; diyerek s\u00f6z konusu 175. maddenin ba\u015f\u0131ndan beri anayasaya ayk\u0131r\u0131 oldu\u011funu s\u00f6yledi. Alman \u0130mparatorlu\u011fu &hellip;<\/p>\n","protected":false},"author":1,"featured_media":27298,"comment_status":"closed","ping_status":"open","sticky":false,"template":"","format":"standard","meta":{"footnotes":""},"categories":[92,91],"tags":[641,463,113,112,464],"class_list":["post-27276","post","type-post","status-publish","format-standard","has-post-thumbnail","","category-dunya","category-haberler","tag-almanya","tag-ceza","tag-dunya-2","tag-haberler-2","tag-yasa"],"_links":{"self":[{"href":"http:\/\/www.gzone.com.tr\/index.php\/wp-json\/wp\/v2\/posts\/27276","targetHints":{"allow":["GET"]}}],"collection":[{"href":"http:\/\/www.gzone.com.tr\/index.php\/wp-json\/wp\/v2\/posts"}],"about":[{"href":"http:\/\/www.gzone.com.tr\/index.php\/wp-json\/wp\/v2\/types\/post"}],"author":[{"embeddable":true,"href":"http:\/\/www.gzone.com.tr\/index.php\/wp-json\/wp\/v2\/users\/1"}],"replies":[{"embeddable":true,"href":"http:\/\/www.gzone.com.tr\/index.php\/wp-json\/wp\/v2\/comments?post=27276"}],"version-history":[{"count":0,"href":"http:\/\/www.gzone.com.tr\/index.php\/wp-json\/wp\/v2\/posts\/27276\/revisions"}],"wp:featuredmedia":[{"embeddable":true,"href":"http:\/\/www.gzone.com.tr\/index.php\/wp-json\/wp\/v2\/media\/27298"}],"wp:attachment":[{"href":"http:\/\/www.gzone.com.tr\/index.php\/wp-json\/wp\/v2\/media?parent=27276"}],"wp:term":[{"taxonomy":"category","embeddable":true,"href":"http:\/\/www.gzone.com.tr\/index.php\/wp-json\/wp\/v2\/categories?post=27276"},{"taxonomy":"post_tag","embeddable":true,"href":"http:\/\/www.gzone.com.tr\/index.php\/wp-json\/wp\/v2\/tags?post=27276"}],"curies":[{"name":"wp","href":"https:\/\/api.w.org\/{rel}","templated":true}]}}