{"id":27182,"date":"2016-05-10T13:00:30","date_gmt":"2016-05-10T10:00:30","guid":{"rendered":"http:\/\/gzone.com.tr\/?p=27182"},"modified":"2016-05-10T20:16:59","modified_gmt":"2016-05-10T17:16:59","slug":"video-galeri-eurovision-2016nin-favori-sarkilarina-bakis","status":"publish","type":"post","link":"http:\/\/www.gzone.com.tr\/index.php\/2016\/05\/10\/video-galeri-eurovision-2016nin-favori-sarkilarina-bakis\/","title":{"rendered":"V\u0130DEO GALER\u0130: EUROVISION 2016&#8217;NIN FAVOR\u0130 \u015eARKILARINA BAKI\u015e"},"content":{"rendered":"<p class=\"p1\"><em><strong>Konuk yazar\u0131m\u0131z Ert Ural, Eurovision 2016&#8217;n\u0131n en favori \u015fark\u0131lar\u0131na sizler i\u00e7in g\u00f6z att\u0131. \u0130\u015fte GZone okuyucular\u0131na \u00f6zel bu yaz\u0131:<\/strong><\/em><\/p>\n<p class=\"p1\"><span class=\"s1\">&#8220;May\u0131s ay\u0131, bahar aylar\u0131, gev\u015fer g\u00f6n\u00fcl yaylar\u0131&#8221; derler. Baz\u0131lar\u0131m\u0131z i\u00e7in May\u0131s ay\u0131n\u0131n daha b\u00fcy\u00fck bir \u00f6nemi de var ki, o da Eurovision \u015fark\u0131 yar\u0131\u015fmas\u0131. <\/span><\/p>\n<p class=\"p1\"><span class=\"s1\">Bu sene ev sahibimiz \u0130sve\u00e7\u2019in ba\u015fkenti Stockholm ve heyecan \u015fimdiden ba\u015flam\u0131\u015f durumda. Bildi\u011finiz gibi Eurovision iki yar\u0131 final ve bir final gecesinden olu\u015fmakta. Bu sene ilk yar\u0131 final 10 May\u0131s, 2. Yar\u0131 final 12 May\u0131s ve b\u00fcy\u00fck final de 14 May\u0131s\u2019ta yap\u0131lmak \u00fczere planland\u0131. <\/span><\/p>\n<p class=\"p1\"><span class=\"s1\">T\u00fcrkiye, yine ge\u00e7en senelerde oldu\u011fu gibi, bu sene de yar\u0131\u015fman\u0131n format\u0131n\u0131 protesto etmek amac\u0131yla kat\u0131lmay\u0131 reddediyor. Burda \u00e7ok farkl\u0131 nedenler de var, ancak bunlar\u0131 \u015fimdilik bir tarafa b\u0131rak\u0131p yar\u0131\u015fman\u0131n e\u011flenceli k\u0131s\u0131mlar\u0131na odaklanal\u0131m derim.<\/span><\/p>\n<p class=\"p1\"><span class=\"s1\">Her sene yar\u0131\u015fma finaline 3-4 hafta kala biz t\u00fcm fanlar kimin ilk 10\u2019da olaca\u011f\u0131n\u0131 tart\u0131\u015f\u0131r dururuz. Sosyal medya sayfalar\u0131m\u0131zda at\u0131p tutar\u0131z ve birbirimizi bir sene sonra yeniden g\u00f6recek olman\u0131n heyecan\u0131n\u0131 payla\u015f\u0131r\u0131z. <\/span><\/p>\n<p class=\"p1\"><span class=\"s1\">Ge\u00e7en 5 sene boyunca kazanan\u0131 bilmi\u015f olman\u0131n hakl\u0131 gururuyla Eurovision bilgim konusunda taviz veremeyece\u011fim. Ancak bu sene i\u015fler biraz kar\u0131\u015f\u0131k, tabi ki favoriler var ancak yar\u0131\u015fman\u0131n kazanan\u0131n\u0131 ben bu sene tahmin edemiyorum. Onun yerine baz\u0131 \u00f6ne \u00e7\u0131kan \u015fark\u0131lar\u0131 sizin icin de\u011ferlendirip, karar\u0131 size ve Avrupa halklar\u0131na b\u0131rakal\u0131m diyorum.<\/span><\/p>\n<p class=\"p1\"><span class=\"s1\">Bu sene Rusya, Fransa, \u0130sve\u00e7, Avusturalya, Ukrayna ve Malta \u015fark\u0131lar\u0131 \u00f6ne \u00e7\u0131k\u0131yor. Her bir \u015fark\u0131ya isterseniz k\u0131sa k\u0131sa de\u011finelim.\u00a0<\/span><\/p>\n<p class=\"p1\"><span class=\"s1\"><b>Rusya: <\/b>Bu senenin, tabiri caizse, en \u00e7ok g\u00fcr\u00fclt\u00fc \u00e7\u0131karan \u015fark\u0131s\u0131. Sergey Lazarev, Rusya\u2019n\u0131n \u00fcnl\u00fc erkek seslerinden biri. Kendisi tam bir g\u00f6z banyosu, hemen internetten bir ismini cismini arat\u0131n isterseniz. \u201cYou are the only one\u201d adl\u0131 par\u00e7as\u0131yla Rusya\u2019y\u0131 temsil edecek olan Sergey t\u00fcm bahis sitelerinin ve bir\u00e7ok Eurovision hayran\u0131n\u0131n da ilk tercihi olarak \u00f6ne \u00e7\u0131kmakta. Bununla beraber, Sergey\u2019in \u015fark\u0131s\u0131 ge\u00e7en sene dillere destan Mans Zelmerl\u00f6w\u2019un \u0130sve\u00e7\u2019e kazand\u0131rd\u0131\u011f\u0131 birincilik form\u00fcl\u00fcn\u00fcn adeta bir kopyas\u0131. Etkileyici dinamik g\u00f6rseller, \u00e7ekici bir erkek \u015fark\u0131c\u0131 ve dinleyiciyi hemen yakalayan bir melodi. Bununla beraber, \u015fark\u0131 m\u00fczikalite olarak hi\u00e7 de ba\u015far\u0131l\u0131 de\u011fil, hatta biraz da \u201cbasit\u201d bir par\u00e7a.<\/span><\/p>\n<p><iframe loading=\"lazy\" src=\"https:\/\/www.youtube.com\/embed\/gHgxi57Um0w\" width=\"560\" height=\"315\" frameborder=\"0\" allowfullscreen=\"allowfullscreen\"><\/iframe><\/p>\n<p class=\"p1\"><span class=\"s1\"><b>Fransa: <\/b>Fransa&#8217;y\u0131 bu sene Eurovision&#8217;da Amir &#8220;J&#8217;ai cherch\u00e9&#8221; (arad\u0131m) adl\u0131 par\u00e7as\u0131yla temsil ediyor. Amir hem sempatik tav\u0131rlar\u0131yla hem de y\u00fcksek tempolu \u015fark\u0131s\u0131yla bir\u00e7ok hayran\u0131n g\u00f6nl\u00fcn\u00fc fethetmi\u015f durumda. Fransa bildi\u011finiz gibi finale direk kat\u0131lan be\u015f \u00fclkeden biri. Bununla beraber genelde oylamada hep sonlarda gelen \u00fclkelerden. Amir, canl\u0131 performans\u0131na ba\u011fl\u0131 olarak, bu sene Fransa&#8217;ya uzun s\u00fcredir bekledi\u011fi ba\u015far\u0131y\u0131 getirebilir. Benim de bu sene kazanmas\u0131n\u0131 isteyece\u011fim ilk be\u015f \u015fark\u0131n\u0131n ba\u015f\u0131nda geliyor. Heyecanla Cumartesiyi bekleyece\u011fiz!!<\/span><\/p>\n<p><iframe loading=\"lazy\" src=\"https:\/\/www.youtube.com\/embed\/kQysGibXphE\" width=\"560\" height=\"315\" frameborder=\"0\" allowfullscreen=\"allowfullscreen\"><\/iframe><\/p>\n<p class=\"p1\"><span class=\"s1\"><b>\u0130sve\u00e7: <\/b>Gecen senenin a\u00e7\u0131k ara kazanan\u0131 \u0130sve\u00e7 bu sene ev sahibi \u00fclkemiz. Normalde kazanan \u00fclkenin bir sonraki sene favoriler aras\u0131nda olmas\u0131 ola\u011fan bir durum de\u011fil, ancak \u0130sve\u00e7&#8217;i temsil etme hakk\u0131n\u0131 kazanan Frans modern bir par\u00e7ayla bu sene de \u0130sve\u00e7 i ba\u015far\u0131ya ta\u015f\u0131yabilir. Single ilk \u00e7\u0131kt\u0131\u011f\u0131nda t\u00fcm fanlar\u0131n g\u00f6zdesi olan Frans verdi\u011fi konserlerdeki hafif kibirli ve umursamaz tavr\u0131yla baz\u0131 hayranlar\u0131n ele\u015ftiri oda\u011f\u0131 olmaktan da ka\u00e7amad\u0131. \u0130ngiliz soundundan esinlenen \u015fark\u0131s\u0131yla Frans\u2019\u0131n final performans\u0131n\u0131 d\u00f6rt g\u00f6zle bekliyoruz.<\/span><\/p>\n<p><iframe loading=\"lazy\" src=\"https:\/\/www.youtube.com\/embed\/h8D7KNFtTlE\" width=\"560\" height=\"315\" frameborder=\"0\" allowfullscreen=\"allowfullscreen\"><\/iframe><\/p>\n<p class=\"p1\"><span class=\"s1\"><b>Avusturalya: <\/b>Evet yanl\u0131\u015f okumad\u0131n\u0131z, Avusturya degil Avusturalya. \u0130lk kez ge\u00e7en sene Eurovision\u2019a davet edilen Avusturalya bu sene de yar\u0131\u015fmada yerini al\u0131yor. Eurovision Avusturalya&#8217;da pop\u00fcler bir yar\u0131\u015fma ve izlenme oranlar\u0131 Avrupa&#8217;daki bir\u00e7ok \u00fclkeden y\u00fcksek. Avusturalya&#8217;y\u0131 bu sene 2013 X Factor yar\u0131\u015fmas\u0131n\u0131n kazanan\u0131 Dami Im temsil ediyor. \u015eark\u0131s\u0131n\u0131n adi &#8220;Sound of Silence&#8221;. Modern bir sounda sahip olan \u015fark\u0131 Dami Im&#8217;in muhte\u015fem vokalleri ile ilk dinleyi\u015fte bile g\u00fc\u00e7l\u00fc bir izlenim b\u0131rak\u0131yor. Benim de bu seneki favorilerimden olan bu par\u00e7an\u0131n kazanmas\u0131 halinde gelecek sene Eurovision&#8217;un Londra&#8217;da yap\u0131lacak olmas\u0131 da ayr\u0131 bir g\u00fczellik. Dami Im&#8217;e finalde ba\u015far\u0131lar diliyoruz.<\/span><\/p>\n<p><iframe loading=\"lazy\" src=\"https:\/\/www.youtube.com\/embed\/2EG_Jtw4OyU\" width=\"560\" height=\"315\" frameborder=\"0\" allowfullscreen=\"allowfullscreen\"><\/iframe><\/p>\n<p class=\"p1\"><span class=\"s1\"><b>Ukrayna:<\/b> Ukrayna&#8217;y\u0131 Stockholm de &#8220;1944&#8221; adli \u015fark\u0131s\u0131yla Jamala temsil ediyor. Ukrayna bu sene \u015fark\u0131s\u0131n\u0131 ilk a\u00e7\u0131klayan \u00fclkelerden biri. Jamala Kirimli Tatar bir aileden geliyor ve \u015fark\u0131s\u0131n\u0131n nakarat\u0131nda da Tatar T\u00fcrk\u00e7esinden esintiler bar\u0131nd\u0131r\u0131yor. \u015eark\u0131 1944 y\u0131l\u0131nda evlerinden s\u00fcrg\u00fcn edilen Kirim Tatarlardan olan Jamala&#8217;n\u0131n ninesine ithafen yaz\u0131lm\u0131\u015f. Haliyle olduk\u00e7a duygusal ve dramatik bir parca. Bunun yan\u0131nda yak\u0131n zamandaki Rusya-Ukrayna \u00e7at\u0131\u015fmas\u0131na da g\u00f6nderme yapan par\u00e7a Jamala&#8217;n\u0131n etkileyici vokalleriyle hayat buluyor. Canl\u0131 olarak ka\u00e7\u0131r\u0131lmamas\u0131 gereken bir performans!<\/span><\/p>\n<p><iframe loading=\"lazy\" src=\"https:\/\/www.youtube.com\/embed\/oxS6eKEOdLQ\" width=\"560\" height=\"315\" frameborder=\"0\" allowfullscreen=\"allowfullscreen\"><\/iframe><\/p>\n<p class=\"p1\"><span class=\"s1\"><b>Malta: <\/b>Malta Eurovision&#8217;un genel olarak basarili \u00fclkelerinden biri. Bu sene Malta bayra\u011f\u0131n\u0131 Stockholm&#8217;de Ira Losco dalgaland\u0131racak. \u015eark\u0131s\u0131n\u0131n ad\u0131 da &#8220;Walk on Water&#8221;. Malta ulusal se\u00e7melerle Eurovision \u015fark\u0131s\u0131n\u0131 secen \u00fclkelerden, ancak bu sene Ira, Malta halkinin se\u00e7ti\u011fi \u015fark\u0131y\u0131 son dakikada de\u011fi\u015ftirerek ba\u015fka bir par\u00e7ayla yar\u0131\u015fmaya kat\u0131lmaya karar verdi. Asl\u0131nda \u00e7ok da iyi etti \u00e7\u00fcnk\u00fc Walk on Water \u00e7ok saglam bir par\u00e7a. Ira&#8217;n\u0131n da g\u00fczel ve etkileyici sesiyle iyice one \u00e7\u0131kan \u015fark\u0131 bu senenin en iyi canl\u0131 performanslar\u0131n\u0131n en biri olarak one \u00e7\u0131k\u0131yor. Ge\u00e7en y\u0131llardaki oy oranlar\u0131na da bakacak olursak Malta\u2019n\u0131n ilk 5-7 ye girmesi isten bile degil.<\/span><\/p>\n<p><iframe loading=\"lazy\" src=\"https:\/\/www.youtube.com\/embed\/9J7O5BGqPDk\" width=\"560\" height=\"315\" frameborder=\"0\" allowfullscreen=\"allowfullscreen\"><\/iframe><\/p>\n<p class=\"p1\"><span class=\"s1\">Detayl\u0131 olarak inceledi\u011fimiz bu \u015fark\u0131lar\u0131n d\u0131\u015f\u0131nda Italya, Bulgaristan, Ispanya, Ingiltere de y\u00fckselen par\u00e7alar aras\u0131nda. Zaman\u0131n\u0131z varsa bir g\u00f6z at\u0131n deriz.<\/span><\/p>\n<p class=\"p1\"><span class=\"s1\">Seneye g\u00f6r\u00fc\u015fmek \u00fczere! Benim\u00a0i\u00e7in art\u0131k Eurovision tshirt\u00fcm\u00fc giyip Stockholm u\u00e7a\u011f\u0131na do\u011fru yol alma vakti geldi \ud83d\ude42<\/span><\/p>\n<p class=\"p1\"><strong><span class=\"s1\">Ert Ural \u2013 ertural213@gmail.com<\/span><\/strong><\/p>\n","protected":false},"excerpt":{"rendered":"<p>Konuk yazar\u0131m\u0131z Ert Ural, Eurovision 2016&#8217;n\u0131n en favori \u015fark\u0131lar\u0131na sizler i\u00e7in g\u00f6z att\u0131. \u0130\u015fte GZone okuyucular\u0131na \u00f6zel bu yaz\u0131: &#8220;May\u0131s ay\u0131, bahar aylar\u0131, gev\u015fer g\u00f6n\u00fcl yaylar\u0131&#8221; derler. Baz\u0131lar\u0131m\u0131z i\u00e7in May\u0131s ay\u0131n\u0131n daha b\u00fcy\u00fck bir \u00f6nemi de var ki, o da Eurovision \u015fark\u0131 yar\u0131\u015fmas\u0131. Bu sene ev sahibimiz \u0130sve\u00e7\u2019in ba\u015fkenti Stockholm ve heyecan \u015fimdiden ba\u015flam\u0131\u015f durumda. &hellip;<\/p>\n","protected":false},"author":1,"featured_media":27210,"comment_status":"closed","ping_status":"open","sticky":false,"template":"","format":"standard","meta":{"footnotes":""},"categories":[39,28],"tags":[173,2284,275,415],"class_list":["post-27182","post","type-post","status-publish","format-standard","has-post-thumbnail","","category-muzik","category-pop","tag-eurovision","tag-eurovision-2016","tag-muzik-2","tag-pop-2"],"_links":{"self":[{"href":"http:\/\/www.gzone.com.tr\/index.php\/wp-json\/wp\/v2\/posts\/27182","targetHints":{"allow":["GET"]}}],"collection":[{"href":"http:\/\/www.gzone.com.tr\/index.php\/wp-json\/wp\/v2\/posts"}],"about":[{"href":"http:\/\/www.gzone.com.tr\/index.php\/wp-json\/wp\/v2\/types\/post"}],"author":[{"embeddable":true,"href":"http:\/\/www.gzone.com.tr\/index.php\/wp-json\/wp\/v2\/users\/1"}],"replies":[{"embeddable":true,"href":"http:\/\/www.gzone.com.tr\/index.php\/wp-json\/wp\/v2\/comments?post=27182"}],"version-history":[{"count":0,"href":"http:\/\/www.gzone.com.tr\/index.php\/wp-json\/wp\/v2\/posts\/27182\/revisions"}],"wp:featuredmedia":[{"embeddable":true,"href":"http:\/\/www.gzone.com.tr\/index.php\/wp-json\/wp\/v2\/media\/27210"}],"wp:attachment":[{"href":"http:\/\/www.gzone.com.tr\/index.php\/wp-json\/wp\/v2\/media?parent=27182"}],"wp:term":[{"taxonomy":"category","embeddable":true,"href":"http:\/\/www.gzone.com.tr\/index.php\/wp-json\/wp\/v2\/categories?post=27182"},{"taxonomy":"post_tag","embeddable":true,"href":"http:\/\/www.gzone.com.tr\/index.php\/wp-json\/wp\/v2\/tags?post=27182"}],"curies":[{"name":"wp","href":"https:\/\/api.w.org\/{rel}","templated":true}]}}