{"id":26946,"date":"2016-05-06T11:35:35","date_gmt":"2016-05-06T08:35:35","guid":{"rendered":"http:\/\/gzone.com.tr\/?p=26946"},"modified":"2016-05-06T11:35:35","modified_gmt":"2016-05-06T08:35:35","slug":"madonna-kotu-elestiriler-alan-kiyafetini-savundu","status":"publish","type":"post","link":"http:\/\/www.gzone.com.tr\/index.php\/2016\/05\/06\/madonna-kotu-elestiriler-alan-kiyafetini-savundu\/","title":{"rendered":"MADONNA K\u00d6T\u00dc ELE\u015eT\u0130R\u0130LER ALAN KIYAFET\u0130N\u0130 SAVUNDU"},"content":{"rendered":"<p>MET Gala&#8217;s\u0131nda giydi\u011fi, g\u00f6\u011f\u00fcslerini ve kal\u00e7alar\u0131n\u0131 a\u00e7\u0131kta b\u0131rakan kost\u00fcm\u00fcyle b\u00fcy\u00fck tepki \u00e7eken 57 ya\u015f\u0131ndaki Madonna&#8217;dan ele\u015ftirilere cevap geldi. Kost\u00fcm\u00fcn\u00fcn &#8216;politik bir duru\u015f&#8217; oldu\u011funu s\u00f6yleyen Madonna, onu be\u011fenmeyenleri ayr\u0131mc\u0131 ve cinsiyet\u00e7i olmakla su\u00e7lad\u0131.<\/p>\n<p>57 ya\u015f\u0131ndaki m\u00fczisyen Madonna, MET Gala&#8217;da giydi\u011fi Givenchy marka kost\u00fcm\u00fc y\u00fcz\u00fcnden ele\u015ftiri ya\u011fmuruna tutulmu\u015ftu. D\u00fcnyaca \u00fcnl\u00fc m\u00fczisyen, sosyal medyahesaplar\u0131ndan konuyla ilgili a\u00e7\u0131klamalarda bulundu:<\/p>\n<p>&#8216;D\u00fcnya genelinde insan haklar\u0131 ve e\u015fcinsel haklar\u0131 konusunda m\u00fccadele verdik ve vermeye devam ediyoruz. Ancak i\u015f kad\u0131n haklar\u0131na geldi\u011fi zaman asl\u0131nda h\u00e2l\u00e2 karanl\u0131k \u00e7a\u011flarday\u0131z. MET gala gecesinde giydi\u011fim elbisem bir moda duru\u015fu oldu\u011fu kadar asl\u0131nda politik de bir duru\u015ftu. Bir kad\u0131n\u0131n yaln\u0131zca belli bir ya\u015fta macerac\u0131 olmas\u0131n\u0131 beklemek, seksapelitesini g\u00f6stermesine izin vermemek bizim hala cinsiyet\u00e7i ve ya\u015f\u0131 olan kad\u0131nlara kar\u015f\u0131 ayr\u0131mc\u0131 oldu\u011fumuzun bir g\u00f6stergesi.&#8217; yazd\u0131.<\/p>\n<p><img loading=\"lazy\" decoding=\"async\" class=\"alignnone\" src=\"http:\/\/i.hizliresim.com\/o3B6X2.jpg\" alt=\"\" width=\"770\" height=\"1155\" \/><\/p>\n<p><em><strong>Riccardo Tisci&#8217;nin tasarlad\u0131\u011f\u0131 elbise pek \u00e7ok ele\u015ftirmen taraf\u0131ndan &#8216;en k\u00f6t\u00fcler&#8217; aras\u0131nda g\u00f6sterildi.\u00a0<\/strong><\/em><\/p>\n<p>Madonna, bu elbiseyle kad\u0131nlara bir \u00e7a\u011fr\u0131da bulundu\u011funun da alt\u0131n\u0131 \u00e7izdi: &#8216;Asla belli bir s\u0131n\u0131rlama i\u00e7inde bulunmayaca\u011f\u0131m. E\u011fer risk almazsak de\u011fi\u015fim sa\u011flayamay\u0131z. Tarihi ancak b\u00f6yle de\u011fi\u015ftebiliriz. Elbisemle ilgili bir probleminiz varsa \u00f6nce \u00f6nyarg\u0131lar\u0131n\u0131z\u0131 g\u00f6zden ge\u00e7irin. Nina Simone&#8217;un dedi\u011fi gibi, \u00f6zg\u00fcrl\u00fc\u011f\u00fcn tan\u0131m\u0131 korkusuz olmaktan ge\u00e7er. Cinsiyet e\u015fitli\u011fi i\u00e7in, ayr\u0131mc\u0131\u00a0olanlara kar\u015f\u0131 m\u00fccadeleme destek verin.&#8217;<\/p>\n<p>Madonna&#8217;n\u0131n bu savunmas\u0131 \u00fczerine bir hayran\u0131ndan ilgin\u00e7 bir tespit de geldi: &#8216;Hay\u0131r, bunun cinsiyet\u00e7i olmakla ilgisi yok. Sadece&#8230; Elbise ger\u00e7ekten \u00e7ok k\u00f6t\u00fc!&#8217;<\/p>\n<p><img loading=\"lazy\" decoding=\"async\" class=\"alignnone\" src=\"http:\/\/i.hizliresim.com\/g8m9r2.jpg\" alt=\"\" width=\"770\" height=\"1106\" \/><\/p>\n<p>Kaynak: H\u00fcrriyet<\/p>\n","protected":false},"excerpt":{"rendered":"<p>MET Gala&#8217;s\u0131nda giydi\u011fi, g\u00f6\u011f\u00fcslerini ve kal\u00e7alar\u0131n\u0131 a\u00e7\u0131kta b\u0131rakan kost\u00fcm\u00fcyle b\u00fcy\u00fck tepki \u00e7eken 57 ya\u015f\u0131ndaki Madonna&#8217;dan ele\u015ftirilere cevap geldi. Kost\u00fcm\u00fcn\u00fcn &#8216;politik bir duru\u015f&#8217; oldu\u011funu s\u00f6yleyen Madonna, onu be\u011fenmeyenleri ayr\u0131mc\u0131 ve cinsiyet\u00e7i olmakla su\u00e7lad\u0131. 57 ya\u015f\u0131ndaki m\u00fczisyen Madonna, MET Gala&#8217;da giydi\u011fi Givenchy marka kost\u00fcm\u00fc y\u00fcz\u00fcnden ele\u015ftiri ya\u011fmuruna tutulmu\u015ftu. D\u00fcnyaca \u00fcnl\u00fc m\u00fczisyen, sosyal medyahesaplar\u0131ndan konuyla ilgili a\u00e7\u0131klamalarda bulundu: &hellip;<\/p>\n","protected":false},"author":1,"featured_media":26947,"comment_status":"closed","ping_status":"open","sticky":false,"template":"","format":"standard","meta":{"footnotes":""},"categories":[70,74],"tags":[834,200,275],"class_list":["post-26946","post","type-post","status-publish","format-standard","has-post-thumbnail","","category-moda","category-modahaberleri","tag-madonna","tag-moda","tag-muzik-2"],"_links":{"self":[{"href":"http:\/\/www.gzone.com.tr\/index.php\/wp-json\/wp\/v2\/posts\/26946","targetHints":{"allow":["GET"]}}],"collection":[{"href":"http:\/\/www.gzone.com.tr\/index.php\/wp-json\/wp\/v2\/posts"}],"about":[{"href":"http:\/\/www.gzone.com.tr\/index.php\/wp-json\/wp\/v2\/types\/post"}],"author":[{"embeddable":true,"href":"http:\/\/www.gzone.com.tr\/index.php\/wp-json\/wp\/v2\/users\/1"}],"replies":[{"embeddable":true,"href":"http:\/\/www.gzone.com.tr\/index.php\/wp-json\/wp\/v2\/comments?post=26946"}],"version-history":[{"count":0,"href":"http:\/\/www.gzone.com.tr\/index.php\/wp-json\/wp\/v2\/posts\/26946\/revisions"}],"wp:featuredmedia":[{"embeddable":true,"href":"http:\/\/www.gzone.com.tr\/index.php\/wp-json\/wp\/v2\/media\/26947"}],"wp:attachment":[{"href":"http:\/\/www.gzone.com.tr\/index.php\/wp-json\/wp\/v2\/media?parent=26946"}],"wp:term":[{"taxonomy":"category","embeddable":true,"href":"http:\/\/www.gzone.com.tr\/index.php\/wp-json\/wp\/v2\/categories?post=26946"},{"taxonomy":"post_tag","embeddable":true,"href":"http:\/\/www.gzone.com.tr\/index.php\/wp-json\/wp\/v2\/tags?post=26946"}],"curies":[{"name":"wp","href":"https:\/\/api.w.org\/{rel}","templated":true}]}}