{"id":26625,"date":"2016-05-01T10:59:41","date_gmt":"2016-05-01T07:59:41","guid":{"rendered":"http:\/\/gzone.com.tr\/?p=26625"},"modified":"2016-05-01T10:59:41","modified_gmt":"2016-05-01T07:59:41","slug":"eurovisiondan-gokkusagi-bayragi-hakkinda-aciklama-geldi","status":"publish","type":"post","link":"http:\/\/www.gzone.com.tr\/index.php\/2016\/05\/01\/eurovisiondan-gokkusagi-bayragi-hakkinda-aciklama-geldi\/","title":{"rendered":"EUROV\u0130S\u0130ON\u2019DAN G\u00d6KKU\u015eA\u011eI BAYRA\u011eI HAKKINDA A\u00c7IKLAMA GELD\u0130"},"content":{"rendered":"<p><strong>2016 Eurovision \u015eark\u0131 Yar\u0131\u015fmas\u0131\u2019n\u0131n provalar\u0131n\u0131n ba\u015flamas\u0131na k\u0131sa bir s\u00fcre kala g\u00f6kku\u015fa\u011f\u0131 bayra\u011f\u0131 ile ilgili yap\u0131lan a\u00e7\u0131klama kafalar\u0131 kar\u0131\u015ft\u0131rd\u0131.<\/strong><\/p>\n<p>Alman bas\u0131n\u0131nda yer alan haberde, bu y\u0131l d\u00fczenlenilecek olan 2016 Eurovision \u015eark\u0131 Yar\u0131\u015fmas\u0131\u2019nda g\u00f6kku\u015fa\u011f\u0131 bayra\u011f\u0131n\u0131n seyirciler taraf\u0131ndan kullan\u0131l\u0131p kullan\u0131lamayaca\u011f\u0131 ise ak\u0131llarda soru i\u015faretlerine neden olmu\u015ftu. Yar\u0131\u015fma esnas\u0131nda hangi bayraklar\u0131n kullanilabilece\u011fine Avrupa Yay\u0131n Birli\u011fi (EBU) karar verirken, g\u00f6kku\u015fa\u011f\u0131 bayra\u011f\u0131n\u0131n siyaset ama\u00e7l\u0131 olmaks\u0131z\u0131n izin verilece\u011fi netlik kazand\u0131.<\/p>\n<p>G\u00f6kku\u015fa\u011f\u0131 bayra\u011f\u0131n\u0131n yan\u0131 s\u0131ra Avrupa Birli\u011fi\u2019nin resmi bayra\u011f\u0131 da etkinlik boyunca siyaset ama\u00e7l\u0131 olmaks\u0131z\u0131n kullanilabilecek.<\/p>\n<p>Haber: Serkan G\u00f6k\u00e7e<\/p>\n","protected":false},"excerpt":{"rendered":"<p>2016 Eurovision \u015eark\u0131 Yar\u0131\u015fmas\u0131\u2019n\u0131n provalar\u0131n\u0131n ba\u015flamas\u0131na k\u0131sa bir s\u00fcre kala g\u00f6kku\u015fa\u011f\u0131 bayra\u011f\u0131 ile ilgili yap\u0131lan a\u00e7\u0131klama kafalar\u0131 kar\u0131\u015ft\u0131rd\u0131. Alman bas\u0131n\u0131nda yer alan haberde, bu y\u0131l d\u00fczenlenilecek olan 2016 Eurovision \u015eark\u0131 Yar\u0131\u015fmas\u0131\u2019nda g\u00f6kku\u015fa\u011f\u0131 bayra\u011f\u0131n\u0131n seyirciler taraf\u0131ndan kullan\u0131l\u0131p kullan\u0131lamayaca\u011f\u0131 ise ak\u0131llarda soru i\u015faretlerine neden olmu\u015ftu. Yar\u0131\u015fma esnas\u0131nda hangi bayraklar\u0131n kullanilabilece\u011fine Avrupa Yay\u0131n Birli\u011fi (EBU) karar verirken, g\u00f6kku\u015fa\u011f\u0131 &hellip;<\/p>\n","protected":false},"author":1,"featured_media":11482,"comment_status":"closed","ping_status":"open","sticky":false,"template":"","format":"standard","meta":{"footnotes":""},"categories":[39,28],"tags":[113,2284,323,185,394],"class_list":["post-26625","post","type-post","status-publish","format-standard","has-post-thumbnail","","category-muzik","category-pop","tag-dunya-2","tag-eurovision-2016","tag-haber","tag-lgbt","tag-lgbti"],"_links":{"self":[{"href":"http:\/\/www.gzone.com.tr\/index.php\/wp-json\/wp\/v2\/posts\/26625","targetHints":{"allow":["GET"]}}],"collection":[{"href":"http:\/\/www.gzone.com.tr\/index.php\/wp-json\/wp\/v2\/posts"}],"about":[{"href":"http:\/\/www.gzone.com.tr\/index.php\/wp-json\/wp\/v2\/types\/post"}],"author":[{"embeddable":true,"href":"http:\/\/www.gzone.com.tr\/index.php\/wp-json\/wp\/v2\/users\/1"}],"replies":[{"embeddable":true,"href":"http:\/\/www.gzone.com.tr\/index.php\/wp-json\/wp\/v2\/comments?post=26625"}],"version-history":[{"count":0,"href":"http:\/\/www.gzone.com.tr\/index.php\/wp-json\/wp\/v2\/posts\/26625\/revisions"}],"wp:featuredmedia":[{"embeddable":true,"href":"http:\/\/www.gzone.com.tr\/index.php\/wp-json\/wp\/v2\/media\/11482"}],"wp:attachment":[{"href":"http:\/\/www.gzone.com.tr\/index.php\/wp-json\/wp\/v2\/media?parent=26625"}],"wp:term":[{"taxonomy":"category","embeddable":true,"href":"http:\/\/www.gzone.com.tr\/index.php\/wp-json\/wp\/v2\/categories?post=26625"},{"taxonomy":"post_tag","embeddable":true,"href":"http:\/\/www.gzone.com.tr\/index.php\/wp-json\/wp\/v2\/tags?post=26625"}],"curies":[{"name":"wp","href":"https:\/\/api.w.org\/{rel}","templated":true}]}}