{"id":26494,"date":"2016-04-29T11:02:26","date_gmt":"2016-04-29T08:02:26","guid":{"rendered":"http:\/\/gzone.com.tr\/?p=26494"},"modified":"2016-04-29T11:02:26","modified_gmt":"2016-04-29T08:02:26","slug":"izle-silanin-murekkep-albumuyle-ilgili-bilmek-istediginiz-her-sey-ve-ilk-sarkisi-afitap","status":"publish","type":"post","link":"http:\/\/www.gzone.com.tr\/index.php\/2016\/04\/29\/izle-silanin-murekkep-albumuyle-ilgili-bilmek-istediginiz-her-sey-ve-ilk-sarkisi-afitap\/","title":{"rendered":"\u0130ZLE: SILA&#8217;NIN &#8220;M\u00dcREKKEP&#8221; ALB\u00dcM\u00dcYLE \u0130LG\u0130L\u0130 B\u0130LMEK \u0130STED\u0130\u011e\u0130N\u0130Z HER \u015eEY VE \u0130LK \u015eARKISI: AF\u0130TAP"},"content":{"rendered":"<p>S\u0131la, sab\u0131rs\u0131zl\u0131kla beklenen alt\u0131nc\u0131 st\u00fcdyo alb\u00fcm\u00fc \u201cM\u00fcrekkep\u201di m\u00fczikseverlerle bulu\u015fturuyor.<\/p>\n<p>Ge\u00e7ti\u011fimiz haftalarda sosyal medyada payla\u015ft\u0131\u011f\u0131 alb\u00fcm teaser\u0131 ve kapak foto\u011fraf\u0131 ile hayranlar\u0131na alb\u00fcm m\u00fcjdesi veren S\u0131la, merakla beklenen yeni alb\u00fcm\u00fcn\u00fc Sony Music T\u00fcrkiye etiketiyle yay\u0131ml\u0131yor.<\/p>\n<p><img loading=\"lazy\" decoding=\"async\" class=\"alignnone\" src=\"http:\/\/s32.postimg.org\/k1r6kgtg5\/s_la_murekkep.jpg\" alt=\"\" width=\"800\" height=\"800\" \/><\/p>\n<p>Toplam 12 \u015fark\u0131dan olu\u015fan alb\u00fcmdeki t\u00fcm \u015fark\u0131 s\u00f6zleri S\u0131la Gen\u00e7o\u011flu\u2019na ait. Bestelerin bir k\u0131sm\u0131 her zamanki gibi Efe Bahad\u0131r ortakl\u0131\u011f\u0131nda. Efe Bahad\u0131r&#8217; \u0131n yan\u0131 s\u0131ra Fatih Ah\u0131skal\u0131 da beste ortaklar\u0131ndan. \u201cYeni Ay\u201d alb\u00fcm\u00fcnde Bed\u00fck\u2019le \u00e7al\u0131\u015fan sanat\u00e7\u0131, bu alb\u00fcmde de kural\u0131n\u0131 bozmuyor.<\/p>\n<p>29 Nisan\u2019da t\u00fcm dijital platformlarda ve S\u0131laVEVO YouTube kanal\u0131nda dinleyiciyle bulu\u015facak olan alb\u00fcm\u00fcn \u00e7\u0131k\u0131\u015f \u015fark\u0131s\u0131 \u201cAfitap\u201d\u0131n m\u00fczi\u011fi de Florent Boshnjaku imzas\u0131 ta\u015f\u0131yor. Alb\u00fcmde eme\u011fi ge\u00e7en isimlerden biri d\u00fczenlemeleriyle \u0130skender Payda\u015f. Di\u011fer s\u00fcrpriz aranj\u00f6r isim de iki d\u00fczenlemesiyle Ozan Bayra\u015fa. Yurt i\u00e7i ve yurt d\u0131\u015f\u0131nda \u00fc\u00e7 ayr\u0131 st\u00fcdyoda ger\u00e7ekle\u015ftirilen kay\u0131tlar\u0131n mixleri Arzu Alsan, Alp Tura\u00e7, Dimitris Mourras&#8217;a ait. Mastering de Sterling Sound &#8216;ta Steve Fallone taraf\u0131ndan yap\u0131ld\u0131. Alb\u00fcm\u00fcn m\u00fczikal s\u00fcrprizlerinden bir di\u011feri de Prag Filarmoni Orkestras\u0131&#8217;n\u0131n bir \u015fark\u0131daki konuklu\u011fu.<\/p>\n<p><img loading=\"lazy\" decoding=\"async\" class=\"alignnone\" src=\"http:\/\/s32.postimg.org\/tzbe50fth\/s_la_murekkep1.jpg\" alt=\"\" width=\"789\" height=\"800\" \/><\/p>\n<p>\u201cM\u00fcrekkep\u201d alb\u00fcm\u00fcn\u00fcn foto\u011fraflar\u0131 i\u00e7in Emre \u00dcnal\u2019\u0131n objektifinin kar\u015f\u0131s\u0131na ge\u00e7en S\u0131la, Cengiz Abazo\u011flu\u2019nun haz\u0131rlad\u0131\u011f\u0131 k\u0131yafetlerle yenilenmi\u015f bir imaj sunumunda.<\/p>\n<p>Alb\u00fcm\u00fcn yay\u0131nlanmas\u0131n\u0131n hemen ard\u0131ndan yurt i\u00e7i ve yurtd\u0131\u015f\u0131 alb\u00fcm turnelerine ba\u015flayacak olan S\u0131la, \u201cM\u00fcrekkep\u201d alb\u00fcm\u00fcyle 6 May\u0131s\u2019ta t\u00fcm dijital platformlarda ve m\u00fczik marketlerde sizlerle olacak.<\/p>\n<p>\u0130\u015fte bu alb\u00fcm\u00fcn ilk \u015fark\u0131s\u0131, s\u00f6z\u00fc S\u0131la&#8217;ya, m\u00fczi\u011fi Florent Boshnjaku&#8217;ya ait &#8220;Afitap&#8221; ve videosu:<\/p>\n<p><iframe loading=\"lazy\" src=\"https:\/\/www.youtube.com\/embed\/tsSRwv9fpxQ\" width=\"560\" height=\"315\" frameborder=\"0\" allowfullscreen=\"allowfullscreen\"><\/iframe><\/p>\n<p>&nbsp;<\/p>\n","protected":false},"excerpt":{"rendered":"<p>S\u0131la, sab\u0131rs\u0131zl\u0131kla beklenen alt\u0131nc\u0131 st\u00fcdyo alb\u00fcm\u00fc \u201cM\u00fcrekkep\u201di m\u00fczikseverlerle bulu\u015fturuyor. Ge\u00e7ti\u011fimiz haftalarda sosyal medyada payla\u015ft\u0131\u011f\u0131 alb\u00fcm teaser\u0131 ve kapak foto\u011fraf\u0131 ile hayranlar\u0131na alb\u00fcm m\u00fcjdesi veren S\u0131la, merakla beklenen yeni alb\u00fcm\u00fcn\u00fc Sony Music T\u00fcrkiye etiketiyle yay\u0131ml\u0131yor. Toplam 12 \u015fark\u0131dan olu\u015fan alb\u00fcmdeki t\u00fcm \u015fark\u0131 s\u00f6zleri S\u0131la Gen\u00e7o\u011flu\u2019na ait. Bestelerin bir k\u0131sm\u0131 her zamanki gibi Efe Bahad\u0131r ortakl\u0131\u011f\u0131nda. Efe &hellip;<\/p>\n","protected":false},"author":1,"featured_media":26497,"comment_status":"closed","ping_status":"open","sticky":false,"template":"","format":"standard","meta":{"footnotes":""},"categories":[39,28],"tags":[4662,4661,2569,430],"class_list":["post-26494","post","type-post","status-publish","format-standard","has-post-thumbnail","","category-muzik","category-pop","tag-afitap","tag-klipler","tag-sila","tag-video-klip"],"_links":{"self":[{"href":"http:\/\/www.gzone.com.tr\/index.php\/wp-json\/wp\/v2\/posts\/26494","targetHints":{"allow":["GET"]}}],"collection":[{"href":"http:\/\/www.gzone.com.tr\/index.php\/wp-json\/wp\/v2\/posts"}],"about":[{"href":"http:\/\/www.gzone.com.tr\/index.php\/wp-json\/wp\/v2\/types\/post"}],"author":[{"embeddable":true,"href":"http:\/\/www.gzone.com.tr\/index.php\/wp-json\/wp\/v2\/users\/1"}],"replies":[{"embeddable":true,"href":"http:\/\/www.gzone.com.tr\/index.php\/wp-json\/wp\/v2\/comments?post=26494"}],"version-history":[{"count":0,"href":"http:\/\/www.gzone.com.tr\/index.php\/wp-json\/wp\/v2\/posts\/26494\/revisions"}],"wp:featuredmedia":[{"embeddable":true,"href":"http:\/\/www.gzone.com.tr\/index.php\/wp-json\/wp\/v2\/media\/26497"}],"wp:attachment":[{"href":"http:\/\/www.gzone.com.tr\/index.php\/wp-json\/wp\/v2\/media?parent=26494"}],"wp:term":[{"taxonomy":"category","embeddable":true,"href":"http:\/\/www.gzone.com.tr\/index.php\/wp-json\/wp\/v2\/categories?post=26494"},{"taxonomy":"post_tag","embeddable":true,"href":"http:\/\/www.gzone.com.tr\/index.php\/wp-json\/wp\/v2\/tags?post=26494"}],"curies":[{"name":"wp","href":"https:\/\/api.w.org\/{rel}","templated":true}]}}