{"id":26031,"date":"2016-04-23T01:18:27","date_gmt":"2016-04-22T22:18:27","guid":{"rendered":"http:\/\/gzone.com.tr\/?p=26031"},"modified":"2016-04-23T10:38:06","modified_gmt":"2016-04-23T07:38:06","slug":"chanelin-tasarimcisi-karl-lagerfeldin-sergisi-icin-hazir-olun","status":"publish","type":"post","link":"http:\/\/www.gzone.com.tr\/index.php\/2016\/04\/23\/chanelin-tasarimcisi-karl-lagerfeldin-sergisi-icin-hazir-olun\/","title":{"rendered":"KARL LAGERFELD&#8217;IN SERG\u0130S\u0130 \u0130\u00c7\u0130N HAZIR OLUN"},"content":{"rendered":"<p><strong>Pitti Uomo\u2019nun bu y\u0131lki program\u0131n\u0131 \u015fimdiden not al\u0131n. Raf Simons\u2019un \u0130lkbahar\/Yaz 2017 koleksiyonunu sunaca\u011f\u0131, Karl Lagerfeld\u2019in foto\u011fraf \u00e7al\u0131\u015fmalar\u0131n\u0131 sergileyece\u011fi bir moda fuar\u0131n\u0131 ka\u00e7\u0131rmak istemeyece\u011finizden eminiz.<\/strong><\/p>\n<p class=\"p2\"><span class=\"s1\">\u00d6nce serginin ad\u0131ndan ba\u015flayal\u0131m: <\/span><span class=\"s2\"><em>Karl Lagerfeld_Visions of Fashion<\/em>, tamamiyle foto\u011fraf \u00e7al\u0131\u015fmalar\u0131ndan olu\u015fuyor. Karl Lagerfeld\u2019i foto\u011fraf sanat\u0131yla ele alan sergide, <\/span>moda defterine imzas\u0131n\u0131 alt\u0131n harflerle atan bir ustan\u0131n \u00fcretimin ve sanat\u0131n her alan\u0131nda nas\u0131l ayn\u0131 ba\u015far\u0131y\u0131 g\u00f6sterdi\u011fine tan\u0131kl\u0131k ediyoruz. Karl Lagerfeld, yarat\u0131c\u0131l\u0131\u011f\u0131n \u00f6z kodlar\u0131n\u0131 dahice de\u015fifre eden ger\u00e7ek bir sanat\u00e7\u0131. Sivri dili, k\u0131vrak zekas\u0131, ikonik ki\u015fili\u011fi ve renkli karakterinin d\u0131\u015f\u0131nda, \u00e7ok iyi bir g\u00f6zlemleyici ayn\u0131 zamanda. Yeni yetenekler, ke\u015ffedilmemi\u015f trendler ve modaya sanat \u0131\u015f\u0131\u011f\u0131 tutan hikayeler her zaman onun vizyonundan do\u011fuyor. Heyecan verici olan tam da bu i\u015fte, onun vizyonunda kendi kadraj\u0131yla yolculu\u011fa \u00e7\u0131kabilmek.<\/p>\n<p class=\"p2\"><em>Karl Lagerfeld_Visions of Fashion<\/em>, Lagerfeld&#8217;in ilk foto\u011fraf sergisi de\u011fil belki ama \u015fimdiye kadar onun \u00e7al\u0131\u015fmalar\u0131yla haz\u0131rlanan en kapsaml\u0131 ve en detayl\u0131 sergi. Daha \u00f6nce\u00a0<em>Karl Lagerfeld, a Visual Journey\u00a0<\/em>ile Paris&#8217;te a\u011f\u0131rlanan efsane,\u00a0Pitti Uomo&#8217;nun onur konu\u011fu olarak Floransa&#8217;y\u0131 b\u00fcy\u00fclemeye haz\u0131rlan\u0131yor.<\/p>\n<p class=\"p2\"><strong>Merakl\u0131s\u0131na not:\u00a0<em>Karl Lagerfeld_Visions of Fashion<\/em>, Palazzo Della Civilt\u00e0 Italianai&#8217;de 14 Haziran itibariyle kap\u0131lar\u0131n\u0131 a\u00e7acak.<\/strong><\/p>\n<p class=\"p2\"><em>Kaynak: Vogue<\/em><\/p>\n","protected":false},"excerpt":{"rendered":"<p>Pitti Uomo\u2019nun bu y\u0131lki program\u0131n\u0131 \u015fimdiden not al\u0131n. Raf Simons\u2019un \u0130lkbahar\/Yaz 2017 koleksiyonunu sunaca\u011f\u0131, Karl Lagerfeld\u2019in foto\u011fraf \u00e7al\u0131\u015fmalar\u0131n\u0131 sergileyece\u011fi bir moda fuar\u0131n\u0131 ka\u00e7\u0131rmak istemeyece\u011finizden eminiz. \u00d6nce serginin ad\u0131ndan ba\u015flayal\u0131m: Karl Lagerfeld_Visions of Fashion, tamamiyle foto\u011fraf \u00e7al\u0131\u015fmalar\u0131ndan olu\u015fuyor. Karl Lagerfeld\u2019i foto\u011fraf sanat\u0131yla ele alan sergide, moda defterine imzas\u0131n\u0131 alt\u0131n harflerle atan bir ustan\u0131n \u00fcretimin ve sanat\u0131n &hellip;<\/p>\n","protected":false},"author":1,"featured_media":26065,"comment_status":"closed","ping_status":"open","sticky":false,"template":"","format":"standard","meta":{"footnotes":""},"categories":[70,74],"tags":[174,200,2588,4545,978],"class_list":["post-26031","post","type-post","status-publish","format-standard","has-post-thumbnail","","category-moda","category-modahaberleri","tag-karl-lagerfeld","tag-moda","tag-moda-haberleri","tag-pitti-umo","tag-sergi"],"_links":{"self":[{"href":"http:\/\/www.gzone.com.tr\/index.php\/wp-json\/wp\/v2\/posts\/26031","targetHints":{"allow":["GET"]}}],"collection":[{"href":"http:\/\/www.gzone.com.tr\/index.php\/wp-json\/wp\/v2\/posts"}],"about":[{"href":"http:\/\/www.gzone.com.tr\/index.php\/wp-json\/wp\/v2\/types\/post"}],"author":[{"embeddable":true,"href":"http:\/\/www.gzone.com.tr\/index.php\/wp-json\/wp\/v2\/users\/1"}],"replies":[{"embeddable":true,"href":"http:\/\/www.gzone.com.tr\/index.php\/wp-json\/wp\/v2\/comments?post=26031"}],"version-history":[{"count":0,"href":"http:\/\/www.gzone.com.tr\/index.php\/wp-json\/wp\/v2\/posts\/26031\/revisions"}],"wp:featuredmedia":[{"embeddable":true,"href":"http:\/\/www.gzone.com.tr\/index.php\/wp-json\/wp\/v2\/media\/26065"}],"wp:attachment":[{"href":"http:\/\/www.gzone.com.tr\/index.php\/wp-json\/wp\/v2\/media?parent=26031"}],"wp:term":[{"taxonomy":"category","embeddable":true,"href":"http:\/\/www.gzone.com.tr\/index.php\/wp-json\/wp\/v2\/categories?post=26031"},{"taxonomy":"post_tag","embeddable":true,"href":"http:\/\/www.gzone.com.tr\/index.php\/wp-json\/wp\/v2\/tags?post=26031"}],"curies":[{"name":"wp","href":"https:\/\/api.w.org\/{rel}","templated":true}]}}