{"id":25976,"date":"2016-04-22T08:17:08","date_gmt":"2016-04-22T05:17:08","guid":{"rendered":"http:\/\/gzone.com.tr\/?p=25976"},"modified":"2016-04-22T08:17:08","modified_gmt":"2016-04-22T05:17:08","slug":"galeri-yeni-sac-kesimi-modasi-gokkusagi-kedisi","status":"publish","type":"post","link":"http:\/\/www.gzone.com.tr\/index.php\/2016\/04\/22\/galeri-yeni-sac-kesimi-modasi-gokkusagi-kedisi\/","title":{"rendered":"GALER\u0130: YEN\u0130 SA\u00c7 KES\u0130M\u0130 MODASI-G\u00d6KKU\u015eA\u011eI KED\u0130S\u0130"},"content":{"rendered":"<p>Instagram&#8217;da bu g\u00fcnlerde pop\u00fcler olan yeni bir sa\u00e7 kesimi modas\u0131 var.<\/p>\n<p>Genelde kad\u0131nlar\u0131n kulland\u0131\u011f\u0131 bu yeni sa\u00e7 kesiminda, sa\u00e7lar\u0131n g\u00f6kku\u015fa\u011f\u0131 rengine boyanmas\u0131 ve tra\u015f edilen ense k\u0131sm\u0131na bir kedi kabartmas\u0131 yap\u0131lmas\u0131(!) gibi detaylar var.<\/p>\n<p>Yanl\u0131\u015f okumad\u0131n\u0131z.<\/p>\n<p>Gelin bu sa\u00e7 modellerinden birka\u00e7 \u00f6rne\u011fe g\u00f6z atal\u0131m:<\/p>\n<p><img loading=\"lazy\" decoding=\"async\" class=\"alignnone\" src=\"http:\/\/s31.postimg.org\/w1zb4lmwr\/cat_hairstyle_shaved_back_head_katichka_4.jpg\" alt=\"\" width=\"800\" height=\"800\" \/><\/p>\n<p><img loading=\"lazy\" decoding=\"async\" class=\"alignnone\" src=\"http:\/\/s31.postimg.org\/nw82eyjwb\/cat_hairstyle_shaved_back_head_katichka_1.jpg\" alt=\"\" width=\"651\" height=\"800\" \/><\/p>\n<p><img loading=\"lazy\" decoding=\"async\" class=\"alignnone\" src=\"http:\/\/s31.postimg.org\/p4rt683ej\/cat_hairstyle_shaved_back_head_katichka_3.jpg\" alt=\"\" width=\"800\" height=\"800\" \/><\/p>\n<p><img loading=\"lazy\" decoding=\"async\" class=\"alignnone\" src=\"http:\/\/s31.postimg.org\/buv23s46z\/cat_hairstyle_shaved_back_head_katichka_5.jpg\" alt=\"\" width=\"800\" height=\"800\" \/><\/p>\n","protected":false},"excerpt":{"rendered":"<p>Instagram&#8217;da bu g\u00fcnlerde pop\u00fcler olan yeni bir sa\u00e7 kesimi modas\u0131 var. Genelde kad\u0131nlar\u0131n kulland\u0131\u011f\u0131 bu yeni sa\u00e7 kesiminda, sa\u00e7lar\u0131n g\u00f6kku\u015fa\u011f\u0131 rengine boyanmas\u0131 ve tra\u015f edilen ense k\u0131sm\u0131na bir kedi kabartmas\u0131 yap\u0131lmas\u0131(!) gibi detaylar var. Yanl\u0131\u015f okumad\u0131n\u0131z. Gelin bu sa\u00e7 modellerinden birka\u00e7 \u00f6rne\u011fe g\u00f6z atal\u0131m:<\/p>\n","protected":false},"author":1,"featured_media":25977,"comment_status":"closed","ping_status":"open","sticky":false,"template":"","format":"standard","meta":{"footnotes":""},"categories":[70,625],"tags":[2001,200,203],"class_list":["post-25976","post","type-post","status-publish","format-standard","has-post-thumbnail","","category-moda","category-stil-modavestil","tag-kedi","tag-moda","tag-stil"],"_links":{"self":[{"href":"http:\/\/www.gzone.com.tr\/index.php\/wp-json\/wp\/v2\/posts\/25976","targetHints":{"allow":["GET"]}}],"collection":[{"href":"http:\/\/www.gzone.com.tr\/index.php\/wp-json\/wp\/v2\/posts"}],"about":[{"href":"http:\/\/www.gzone.com.tr\/index.php\/wp-json\/wp\/v2\/types\/post"}],"author":[{"embeddable":true,"href":"http:\/\/www.gzone.com.tr\/index.php\/wp-json\/wp\/v2\/users\/1"}],"replies":[{"embeddable":true,"href":"http:\/\/www.gzone.com.tr\/index.php\/wp-json\/wp\/v2\/comments?post=25976"}],"version-history":[{"count":0,"href":"http:\/\/www.gzone.com.tr\/index.php\/wp-json\/wp\/v2\/posts\/25976\/revisions"}],"wp:featuredmedia":[{"embeddable":true,"href":"http:\/\/www.gzone.com.tr\/index.php\/wp-json\/wp\/v2\/media\/25977"}],"wp:attachment":[{"href":"http:\/\/www.gzone.com.tr\/index.php\/wp-json\/wp\/v2\/media?parent=25976"}],"wp:term":[{"taxonomy":"category","embeddable":true,"href":"http:\/\/www.gzone.com.tr\/index.php\/wp-json\/wp\/v2\/categories?post=25976"},{"taxonomy":"post_tag","embeddable":true,"href":"http:\/\/www.gzone.com.tr\/index.php\/wp-json\/wp\/v2\/tags?post=25976"}],"curies":[{"name":"wp","href":"https:\/\/api.w.org\/{rel}","templated":true}]}}