{"id":25858,"date":"2016-04-20T11:20:22","date_gmt":"2016-04-20T08:20:22","guid":{"rendered":"http:\/\/gzone.com.tr\/?p=25858"},"modified":"2016-04-21T01:07:20","modified_gmt":"2016-04-20T22:07:20","slug":"atilla-ozdemiroglu-hayatini-kaybetti","status":"publish","type":"post","link":"http:\/\/www.gzone.com.tr\/index.php\/2016\/04\/20\/atilla-ozdemiroglu-hayatini-kaybetti\/","title":{"rendered":"AT\u0130LLA \u00d6ZDEM\u0130RO\u011eLU HAYATINI KAYBETT\u0130"},"content":{"rendered":"<p>Uzun zamand\u0131r akci\u011fer\u00a0kanseri tedavisi g\u00f6ren \u00fcnl\u00fc m\u00fczisyen Attilla \u00d6zdemiro\u011flu&#8217;ndan ac\u0131 haber geldi. Usta sanat\u00e7\u0131 bu sabah hastanede hayat\u0131n\u0131 kaybetti.<\/p>\n<p>M\u00fczisyen Attila \u00d6zdemiro\u011flu 73 ya\u015f\u0131ndayd\u0131.\u00a0Attila \u00d6zdemiro\u011flu&#8217;nun \u00f6l\u00fcm\u00fc sanat d\u00fcnyas\u0131n\u0131 yasa bo\u011fdu.<\/p>\n<h2><em><strong>Attila \u00d6zdemiro\u011flu&#8217;nun ard\u0131ndan&#8230;<\/strong><\/em><\/h2>\n<p><strong>Ferhat G\u00f6\u00e7er<\/strong><\/p>\n<p>De\u011ferli m\u00fczik adam\u0131&#8230; \u00dcstad\u0131m, a\u011fabeyim #atilla\u00f6zdemiro\u011flu vefat etti&#8230;. \u00c7ok \u00fczg\u00fcn\u00fcm &#8230; Allah&#8217;tan rahmet diliyorum&#8230; Ba\u015f\u0131m\u0131z sa\u011folsun&#8230;<\/p>\n<p><strong>Aykut G\u00fcrel<\/strong><\/p>\n<p>Hocam, a\u011fabeyim, tan\u0131d\u0131\u011f\u0131m en zarif insan Atilla \u00d6zdemiro\u011flu. Mekan\u0131n cennet olsun. \u00e7ok \u00fczg\u00fcn\u00fcm.<\/p>\n<p><strong>\u0130rem Derici<\/strong><\/p>\n<p>Cidden \u00e7ok \u00e7ok \u00fcz\u00fcld\u00fcm. Bir devir daha bitti dediklerinden&#8230; Huzurla uyusun b\u00fcy\u00fck usta #Atilla\u00d6zdemiro\u011flu&#8230;<\/p>\n<p><strong>Suat Suna<\/strong><\/p>\n<p>Attila \u00d6zdemiro\u011flu&#8230;M\u00fczik d\u00fcnyas\u0131 \u00f6nemli bir de\u011ferini daha kaybetti. Ba\u015f\u0131m\u0131z sa\u011f olsun.<\/p>\n<p><strong>Arma\u011fan \u00c7a\u011flayan<\/strong><\/p>\n<p>\u00c7ok \u00e7ok \u00fcz\u00fcld\u00fcm. Nurlar i\u00e7inde uyu Atilla Abi.<\/p>\n<p><strong>\u00c7i\u011fdem Batur<\/strong><\/p>\n<p>B\u00fcy\u00fck \u00fcstad Rabbim rahmet eylesin Sevenlerinin ve yak\u0131nlar\u0131n\u0131n ba\u015f\u0131 sa\u011folsun.<\/p>\n<p><strong>Onur G\u00f6rg\u00fcn<\/strong><\/p>\n<p>Atilla \u00d6zdemiro\u011flu &#8216;na Allah&#8217;tan rahmet diliyorum.\u00f6nemli bir m\u00fczik adam\u0131n\u0131 daha kaybettik. \u00c7ok \u00fczg\u00fcn\u00fcm.<\/p>\n<p><strong>ATT\u0130LA \u00d6ZDEM\u0130RO\u011eLU K\u0130MD\u0130R?<\/strong><\/p>\n<p>5 Ocak 1943 tarihinde Ankara&#8217;da do\u011fan \u00d6zdemiro\u011flu, uzun y\u0131llard\u0131r m\u00fczik d\u00fcnyas\u0131nda besteci ve aranj\u00f6r olarak \u00e7al\u0131\u015ft\u0131. T\u00fcrkiye&#8217;nin en \u00fcnl\u00fc isimlerinin birlikte \u00e7al\u0131\u015ft\u0131\u011f\u0131 \u00d6zdemiro\u011flu, 7 Alt\u0131n Portakal \u00d6d\u00fcl\u00fc sahibidir. 1995 y\u0131l\u0131nda Hepg\u00fcl Hepbir ile evlenen ve d\u00f6rt \u00e7ocuk babas\u0131 olan \u00fcnl\u00fc sanat\u00e7\u0131n\u0131n m\u00fczi\u011fe ilgisi \u00e7ocuk ya\u015fta m\u00fczik aletleri \u00e7almas\u0131yla ba\u015flad\u0131 ve Ankara Atat\u00fcrk Lisesi&#8217;nde \u00f6\u011frenciyken m\u00fczik topluluklar\u0131na ve etkinliklere kat\u0131ld\u0131.<\/p>\n<p>1966 y\u0131l\u0131nda Durul Gence 5 orkestras\u0131na giren \u00d6zdemiro\u011flu, bundan sonra da \u00e7e\u015fitli orkestralarda g\u00f6rev ald\u0131.<\/p>\n<p>1975 y\u0131l\u0131ndan itibaren 7 kere Eurovision i\u00e7in T\u00fcrkiye&#8217;yi temsil eden bestelere imza atan \u00d6zdemiro\u011flu, tiyatro oyunlar\u0131nda ve bir s\u00fcr\u00fc filmde de g\u00f6rev ald\u0131.<\/p>\n<p>Kaynak: H\u00fcrriyet<\/p>\n","protected":false},"excerpt":{"rendered":"<p>Uzun zamand\u0131r akci\u011fer\u00a0kanseri tedavisi g\u00f6ren \u00fcnl\u00fc m\u00fczisyen Attilla \u00d6zdemiro\u011flu&#8217;ndan ac\u0131 haber geldi. Usta sanat\u00e7\u0131 bu sabah hastanede hayat\u0131n\u0131 kaybetti. M\u00fczisyen Attila \u00d6zdemiro\u011flu 73 ya\u015f\u0131ndayd\u0131.\u00a0Attila \u00d6zdemiro\u011flu&#8217;nun \u00f6l\u00fcm\u00fc sanat d\u00fcnyas\u0131n\u0131 yasa bo\u011fdu. Attila \u00d6zdemiro\u011flu&#8217;nun ard\u0131ndan&#8230; Ferhat G\u00f6\u00e7er De\u011ferli m\u00fczik adam\u0131&#8230; \u00dcstad\u0131m, a\u011fabeyim #atilla\u00f6zdemiro\u011flu vefat etti&#8230;. \u00c7ok \u00fczg\u00fcn\u00fcm &#8230; Allah&#8217;tan rahmet diliyorum&#8230; Ba\u015f\u0131m\u0131z sa\u011folsun&#8230; Aykut G\u00fcrel Hocam, a\u011fabeyim, &hellip;<\/p>\n","protected":false},"author":1,"featured_media":25859,"comment_status":"closed","ping_status":"open","sticky":false,"template":"","format":"standard","meta":{"footnotes":""},"categories":[39,28],"tags":[2212,275],"class_list":["post-25858","post","type-post","status-publish","format-standard","has-post-thumbnail","","category-muzik","category-pop","tag-atilla-ozdemiroglu","tag-muzik-2"],"_links":{"self":[{"href":"http:\/\/www.gzone.com.tr\/index.php\/wp-json\/wp\/v2\/posts\/25858","targetHints":{"allow":["GET"]}}],"collection":[{"href":"http:\/\/www.gzone.com.tr\/index.php\/wp-json\/wp\/v2\/posts"}],"about":[{"href":"http:\/\/www.gzone.com.tr\/index.php\/wp-json\/wp\/v2\/types\/post"}],"author":[{"embeddable":true,"href":"http:\/\/www.gzone.com.tr\/index.php\/wp-json\/wp\/v2\/users\/1"}],"replies":[{"embeddable":true,"href":"http:\/\/www.gzone.com.tr\/index.php\/wp-json\/wp\/v2\/comments?post=25858"}],"version-history":[{"count":0,"href":"http:\/\/www.gzone.com.tr\/index.php\/wp-json\/wp\/v2\/posts\/25858\/revisions"}],"wp:featuredmedia":[{"embeddable":true,"href":"http:\/\/www.gzone.com.tr\/index.php\/wp-json\/wp\/v2\/media\/25859"}],"wp:attachment":[{"href":"http:\/\/www.gzone.com.tr\/index.php\/wp-json\/wp\/v2\/media?parent=25858"}],"wp:term":[{"taxonomy":"category","embeddable":true,"href":"http:\/\/www.gzone.com.tr\/index.php\/wp-json\/wp\/v2\/categories?post=25858"},{"taxonomy":"post_tag","embeddable":true,"href":"http:\/\/www.gzone.com.tr\/index.php\/wp-json\/wp\/v2\/tags?post=25858"}],"curies":[{"name":"wp","href":"https:\/\/api.w.org\/{rel}","templated":true}]}}