{"id":24805,"date":"2016-04-05T00:29:08","date_gmt":"2016-04-04T21:29:08","guid":{"rendered":"http:\/\/gzone.com.tr\/?p=24805"},"modified":"2016-04-05T00:29:08","modified_gmt":"2016-04-04T21:29:08","slug":"saint-laurentin-tahti-donatella-versacenin-son-prensine-emanet","status":"publish","type":"post","link":"http:\/\/www.gzone.com.tr\/index.php\/2016\/04\/05\/saint-laurentin-tahti-donatella-versacenin-son-prensine-emanet\/","title":{"rendered":"SAINT LAURENT&#8217;\u0130N TAHTI, DONATELLA VERSACE&#8217;N\u0130N SON PRENS\u0130NE EMANET"},"content":{"rendered":"<p>Bug\u00fcn belki de moda tarihinin en h\u0131zl\u0131 ayr\u0131l\u0131\u011f\u0131na ve transferine tan\u0131kl\u0131k ettik. Anthony Vaccarello\u2019nun Versus Versace ile apar topar yollar\u0131n\u0131 ay\u0131rmas\u0131, Hedi Slimane\u2019nin kalkt\u0131\u011f\u0131 Saint Laurent koltu\u011funa oturaca\u011f\u0131n\u0131n habercisiydi. Vaccarello\u2019nun neredeyse \u00fc\u00e7 sezondur ba\u015far\u0131yla y\u00f6netti\u011fi Versus Versace\u2019yi b\u0131rak\u0131p, Donatella\u2019n\u0131n son prensi olmaktan vazge\u00e7mesinin alt\u0131nda Saint Laurent\u2019den ba\u015fka bir nedenin yatma ihtimal\u0131 takdir edersiniz ki \u00e7ok d\u00fc\u015f\u00fckt\u00fc.<\/p>\n<p class=\"p1\">Ocak ay\u0131ndan bu yana Anthony Vaccarello&#8217;nun Yves Saint Laurent ailesine kat\u0131laca\u011f\u0131n\u0131n sinyalleri veriliyordu. Peki, bu transferin gecikmesinin alt\u0131ndaki neden Vaccarello ile ger\u00e7ekle\u015ftirilen ilk g\u00f6r\u00fc\u015fmenin olumsuz sonu\u00e7lanmas\u0131 olabilir mi? Sebebi ne olursa olsun, 33 ya\u015f\u0131ndaki Vaccarello \u015fimdi y\u00fcksek modan\u0131n incilerinden Yves Saint Laurent\u2019in haz\u0131r giyimdeki alt\u0131nc\u0131 kreatif direkt\u00f6r\u00fc. 2002\u2019de moda sahnesini b\u0131rakan Yves Saint Laurent\u2019in ard\u0131ndan ba\u015fta Alber Elbaz olmak \u00fczere, Tom Ford ve Stefano Pilati ve Hedi Slimane&#8217;nin oturdu\u011fu YSL\u2019nin kreatif direkt\u00f6rl\u00fck koltu\u011funda art\u0131k Vacarello oturuyor. Kering grubunun y\u00f6netim ba\u015fkan\u0131 Fran\u00e7ois-Henri Pinault Vaccarello&#8217;yu Yves Saint Laurent d\u00fcnyas\u0131na buyur etmekten son derece gururlu ve memnun. Yenilenmenin g\u00fcc\u00fcne inanan Pinault, yola her zaman gen\u00e7 yeneteklerle g\u00fcncellenerek devam etmekten yana. Yeni kreatif direkt\u00f6r\u00fcn Yves Saint Laurent&#8217;e te\u015frif etmesiyle beraber, marka ismi hen\u00fcz bir resmiyet kazanmasa da de\u011fi\u015fim s\u00fcrecine girdi\u011fine i\u015faret ediyor. Hedi Slimane&#8217;nin Saint Laurent Paris&#8217;i &#8216;\u00f6z\u00fcne&#8217; d\u00f6n\u00fcyor. Fark ettiyseniz, Saint Laurent Paris&#8217;e bilin\u00e7ili ya da bilin\u00e7siz yeniden Yves Saint Laurent demeye ba\u015flad\u0131k.<\/p>\n<p class=\"p1\">Her gen\u00e7 tasar\u0131mc\u0131 gibi Vaccarello da Yves Saint Laurent&#8217;in e\u015fsiz imzas\u0131na hayranl\u0131k duyanlardan. Yves Saint Laurent&#8217;in miras\u0131na vizyonuyla ve sanat\u0131yla dokunabilmenin hakl\u0131 mutlulu\u011funu ya\u015fayan kreatif direkt\u00f6r, Versus Versace&#8217;de oldu\u011fu gibi kendi ad\u0131n\u0131 ta\u015f\u0131yan markas\u0131n\u0131 da aktif tutmaya devam edecek.\u00a0Vaccarello i\u00e7in &#8220;Arad\u0131\u011f\u0131m kan\u0131 buldum.&#8221; diyen Donatella Versace ise son prensini u\u011furlamaktan \u00fcz\u00fcnt\u00fc duysa da, Versus Versace&#8217;nin gen\u00e7 yeteneklerin \u00f6n\u00fcn\u00fc a\u00e7an dinamik ve enerjik bir marka olmas\u0131ndan dolay\u0131 hala heyecanl\u0131 ve umutlu. Donatella&#8217;n\u0131n yapt\u0131\u011f\u0131 a\u00e7\u0131klamaya g\u00f6re Versus Versace&#8217;nin ba\u015f\u0131na ge\u00e7ecek yeni kreatif direkt\u00f6r hepimiz i\u00e7in s\u00fcrpriz olacak. Merakla bekliyrouz.<\/p>\n<p class=\"p1\"><em>Kaynak: Vogue<\/em><\/p>\n","protected":false},"excerpt":{"rendered":"<p>Bug\u00fcn belki de moda tarihinin en h\u0131zl\u0131 ayr\u0131l\u0131\u011f\u0131na ve transferine tan\u0131kl\u0131k ettik. Anthony Vaccarello\u2019nun Versus Versace ile apar topar yollar\u0131n\u0131 ay\u0131rmas\u0131, Hedi Slimane\u2019nin kalkt\u0131\u011f\u0131 Saint Laurent koltu\u011funa oturaca\u011f\u0131n\u0131n habercisiydi. Vaccarello\u2019nun neredeyse \u00fc\u00e7 sezondur ba\u015far\u0131yla y\u00f6netti\u011fi Versus Versace\u2019yi b\u0131rak\u0131p, Donatella\u2019n\u0131n son prensi olmaktan vazge\u00e7mesinin alt\u0131nda Saint Laurent\u2019den ba\u015fka bir nedenin yatma ihtimal\u0131 takdir edersiniz ki \u00e7ok &hellip;<\/p>\n","protected":false},"author":1,"featured_media":24806,"comment_status":"closed","ping_status":"open","sticky":false,"template":"","format":"standard","meta":{"footnotes":""},"categories":[70,74],"tags":[4233,200,2588,3415,4289,1110],"class_list":["post-24805","post","type-post","status-publish","format-standard","has-post-thumbnail","","category-moda","category-modahaberleri","tag-hedi-silmane","tag-moda","tag-moda-haberleri","tag-saint-laurent","tag-vaccarello","tag-versace"],"_links":{"self":[{"href":"http:\/\/www.gzone.com.tr\/index.php\/wp-json\/wp\/v2\/posts\/24805","targetHints":{"allow":["GET"]}}],"collection":[{"href":"http:\/\/www.gzone.com.tr\/index.php\/wp-json\/wp\/v2\/posts"}],"about":[{"href":"http:\/\/www.gzone.com.tr\/index.php\/wp-json\/wp\/v2\/types\/post"}],"author":[{"embeddable":true,"href":"http:\/\/www.gzone.com.tr\/index.php\/wp-json\/wp\/v2\/users\/1"}],"replies":[{"embeddable":true,"href":"http:\/\/www.gzone.com.tr\/index.php\/wp-json\/wp\/v2\/comments?post=24805"}],"version-history":[{"count":0,"href":"http:\/\/www.gzone.com.tr\/index.php\/wp-json\/wp\/v2\/posts\/24805\/revisions"}],"wp:featuredmedia":[{"embeddable":true,"href":"http:\/\/www.gzone.com.tr\/index.php\/wp-json\/wp\/v2\/media\/24806"}],"wp:attachment":[{"href":"http:\/\/www.gzone.com.tr\/index.php\/wp-json\/wp\/v2\/media?parent=24805"}],"wp:term":[{"taxonomy":"category","embeddable":true,"href":"http:\/\/www.gzone.com.tr\/index.php\/wp-json\/wp\/v2\/categories?post=24805"},{"taxonomy":"post_tag","embeddable":true,"href":"http:\/\/www.gzone.com.tr\/index.php\/wp-json\/wp\/v2\/tags?post=24805"}],"curies":[{"name":"wp","href":"https:\/\/api.w.org\/{rel}","templated":true}]}}