{"id":24133,"date":"2016-03-27T15:02:50","date_gmt":"2016-03-27T13:02:50","guid":{"rendered":"http:\/\/gzone.com.tr\/?p=24133"},"modified":"2016-03-27T15:02:50","modified_gmt":"2016-03-27T13:02:50","slug":"aynur-aydindan-hadiseye-ince-gonderme","status":"publish","type":"post","link":"http:\/\/www.gzone.com.tr\/index.php\/2016\/03\/27\/aynur-aydindan-hadiseye-ince-gonderme\/","title":{"rendered":"AYNUR AYDIN&#8217;DAN HAD\u0130SE&#8217;YE \u0130NCE G\u00d6NDERME"},"content":{"rendered":"<p>Nisan ay\u0131nda olay yaratacak bir foto\u011fraf \u00e7ekimiyle GZone Dergi&#8217;nin kapa\u011f\u0131nda yer alacak Aynur Ayd\u0131n, HaberTurk gazetesine verdi\u011fi r\u00f6portajda sorulan soru \u00fczerine Hadise ile kar\u015f\u0131la\u015ft\u0131r\u0131lmas\u0131ndan bahsetti.<\/p>\n<p>\u0130\u015fte sorulan soruya Aynur Ayd\u0131n&#8217;\u0131n ince g\u00f6ndermeyle verdi\u011fi o cevap:<\/p>\n<p><em><strong>Hadise gibi sizin m\u00fczi\u011finiz de zamanla T\u00fcrk pop m\u00fczi\u011fine yakla\u015f\u0131r m\u0131?<\/strong><\/em><\/p>\n<p><em>Hadise\u2019nin oryantal yan\u0131 hep vard\u0131. Bel\u00e7ika\u2019da da halay \u00e7ekiyordu ama beni M\u00fcnih\u2019te halay \u00e7ekerken g\u00f6remezsiniz. Halay de\u011fil mesele sadece biz farkl\u0131y\u0131z. Aram\u0131zdaki fark Hadise hi\u00e7bir zaman Avrupai bir k\u0131z de\u011fildi.<\/em><\/p>\n","protected":false},"excerpt":{"rendered":"<p>Nisan ay\u0131nda olay yaratacak bir foto\u011fraf \u00e7ekimiyle GZone Dergi&#8217;nin kapa\u011f\u0131nda yer alacak Aynur Ayd\u0131n, HaberTurk gazetesine verdi\u011fi r\u00f6portajda sorulan soru \u00fczerine Hadise ile kar\u015f\u0131la\u015ft\u0131r\u0131lmas\u0131ndan bahsetti. \u0130\u015fte sorulan soruya Aynur Ayd\u0131n&#8217;\u0131n ince g\u00f6ndermeyle verdi\u011fi o cevap: Hadise gibi sizin m\u00fczi\u011finiz de zamanla T\u00fcrk pop m\u00fczi\u011fine yakla\u015f\u0131r m\u0131? Hadise\u2019nin oryantal yan\u0131 hep vard\u0131. Bel\u00e7ika\u2019da da halay \u00e7ekiyordu &hellip;<\/p>\n","protected":false},"author":1,"featured_media":24136,"comment_status":"closed","ping_status":"open","sticky":false,"template":"","format":"standard","meta":{"footnotes":""},"categories":[39,28],"tags":[3214,275,226],"class_list":["post-24133","post","type-post","status-publish","format-standard","has-post-thumbnail","","category-muzik","category-pop","tag-aynur-aydin","tag-muzik-2","tag-turkce-pop"],"_links":{"self":[{"href":"http:\/\/www.gzone.com.tr\/index.php\/wp-json\/wp\/v2\/posts\/24133","targetHints":{"allow":["GET"]}}],"collection":[{"href":"http:\/\/www.gzone.com.tr\/index.php\/wp-json\/wp\/v2\/posts"}],"about":[{"href":"http:\/\/www.gzone.com.tr\/index.php\/wp-json\/wp\/v2\/types\/post"}],"author":[{"embeddable":true,"href":"http:\/\/www.gzone.com.tr\/index.php\/wp-json\/wp\/v2\/users\/1"}],"replies":[{"embeddable":true,"href":"http:\/\/www.gzone.com.tr\/index.php\/wp-json\/wp\/v2\/comments?post=24133"}],"version-history":[{"count":0,"href":"http:\/\/www.gzone.com.tr\/index.php\/wp-json\/wp\/v2\/posts\/24133\/revisions"}],"wp:featuredmedia":[{"embeddable":true,"href":"http:\/\/www.gzone.com.tr\/index.php\/wp-json\/wp\/v2\/media\/24136"}],"wp:attachment":[{"href":"http:\/\/www.gzone.com.tr\/index.php\/wp-json\/wp\/v2\/media?parent=24133"}],"wp:term":[{"taxonomy":"category","embeddable":true,"href":"http:\/\/www.gzone.com.tr\/index.php\/wp-json\/wp\/v2\/categories?post=24133"},{"taxonomy":"post_tag","embeddable":true,"href":"http:\/\/www.gzone.com.tr\/index.php\/wp-json\/wp\/v2\/tags?post=24133"}],"curies":[{"name":"wp","href":"https:\/\/api.w.org\/{rel}","templated":true}]}}