{"id":23923,"date":"2016-03-24T01:26:00","date_gmt":"2016-03-23T23:26:00","guid":{"rendered":"http:\/\/gzone.com.tr\/?p=23923"},"modified":"2016-03-24T01:26:00","modified_gmt":"2016-03-23T23:26:00","slug":"galeri-belcika-escinsel-erkek-guzellik-yarismasinin-musluman-finalisti","status":"publish","type":"post","link":"http:\/\/www.gzone.com.tr\/index.php\/2016\/03\/24\/galeri-belcika-escinsel-erkek-guzellik-yarismasinin-musluman-finalisti\/","title":{"rendered":"GALER\u0130: BEL\u00c7\u0130KA E\u015eC\u0130NSEL ERKEK G\u00dcZELL\u0130K YARI\u015eMASININ M\u00dcSL\u00dcMAN F\u0130NAL\u0130ST\u0130"},"content":{"rendered":"<p>Tarihinde ilk defa e\u015fcinsel erkek yar\u0131\u015fmas\u0131 Mr. Gay Belgium&#8217;da bir m\u00fcsl\u00fcman finalist yar\u0131\u015f\u0131yor. Fas k\u00f6kenli, Bel\u00e7ika vatanda\u015f\u0131, 22 ya\u015f\u0131ndaki a\u00e7\u0131k e\u015fcinsel\u00a0Bijat Abdellah, e\u015fcinsel erkek g\u00fczellik yar\u0131\u015fmas\u0131nda yar\u0131\u015farak islam ve e\u015fcinseller \u00fczerinde yarat\u0131lan stereotipi y\u0131kmaya haz\u0131rlan\u0131yor.<\/p>\n<p>Yar\u0131\u015fma finalinde kendisine y\u00f6neltilen e\u015fcinsellik ve islam sorusuna, &#8221;Kuran&#8217;da bizlere farkl\u0131 olan her \u015feye kar\u015f\u0131 ho\u015fg\u00f6r\u00fcl\u00fc ve kabul edici olmak \u00f6\u011fretildi. Ger\u00e7ek islam b\u00f6yledir&#8221; cevab\u0131n\u0131 veren Abdellah, yar\u0131\u015fmaya kat\u0131l\u0131m\u0131yla, bizce bu y\u0131l\u0131n en g\u00fczel LGBT olaylar\u0131ndan birine imza att\u0131.<\/p>\n<p>Bijat Abdellah&#8217;\u0131 Instagram \u00fczerinden takip edip, kendisini desteklerinizden mahrum b\u0131rakmay\u0131n&#8230;<\/p>\n<p><a href=\"https:\/\/www.instagram.com\/p\/BCV1O0_AzRY\/?taken-by=abdel_bijat\">https:\/\/www.instagram.com\/p\/BCV1O0_AzRY\/?taken-by=abdel_bijat<\/a><\/p>\n<p><a href=\"https:\/\/www.instagram.com\/p\/BCIJgR2AzVz\/?taken-by=abdel_bijat\">https:\/\/www.instagram.com\/p\/BCIJgR2AzVz\/?taken-by=abdel_bijat<\/a><\/p>\n<p><a href=\"https:\/\/www.instagram.com\/p\/BB2aUYNAzaZ\/?taken-by=abdel_bijat\">https:\/\/www.instagram.com\/p\/BB2aUYNAzaZ\/?taken-by=abdel_bijat<\/a><\/p>\n<p><a href=\"https:\/\/www.instagram.com\/p\/BBCK-wCAzb5\/?taken-by=abdel_bijat\">https:\/\/www.instagram.com\/p\/BBCK-wCAzb5\/?taken-by=abdel_bijat<\/a><\/p>\n<p><a href=\"https:\/\/www.instagram.com\/p\/BAWf7a9AzZs\/?taken-by=abdel_bijat\">https:\/\/www.instagram.com\/p\/BAWf7a9AzZs\/?taken-by=abdel_bijat<\/a><\/p>\n<p><a href=\"https:\/\/www.instagram.com\/p\/-mdps_gzSE\/?taken-by=abdel_bijat\">https:\/\/www.instagram.com\/p\/-mdps_gzSE\/?taken-by=abdel_bijat<\/a><\/p>\n<p><a href=\"https:\/\/www.instagram.com\/p\/rRfM_QAzZA\/?taken-by=abdel_bijat\">https:\/\/www.instagram.com\/p\/rRfM_QAzZA\/?taken-by=abdel_bijat<\/a><\/p>\n","protected":false},"excerpt":{"rendered":"<p>Tarihinde ilk defa e\u015fcinsel erkek yar\u0131\u015fmas\u0131 Mr. Gay Belgium&#8217;da bir m\u00fcsl\u00fcman finalist yar\u0131\u015f\u0131yor. Fas k\u00f6kenli, Bel\u00e7ika vatanda\u015f\u0131, 22 ya\u015f\u0131ndaki a\u00e7\u0131k e\u015fcinsel\u00a0Bijat Abdellah, e\u015fcinsel erkek g\u00fczellik yar\u0131\u015fmas\u0131nda yar\u0131\u015farak islam ve e\u015fcinseller \u00fczerinde yarat\u0131lan stereotipi y\u0131kmaya haz\u0131rlan\u0131yor. Yar\u0131\u015fma finalinde kendisine y\u00f6neltilen e\u015fcinsellik ve islam sorusuna, &#8221;Kuran&#8217;da bizlere farkl\u0131 olan her \u015feye kar\u015f\u0131 ho\u015fg\u00f6r\u00fcl\u00fc ve kabul edici olmak &hellip;<\/p>\n","protected":false},"author":1,"featured_media":23924,"comment_status":"closed","ping_status":"open","sticky":false,"template":"","format":"standard","meta":{"footnotes":""},"categories":[2369],"tags":[2298,4097,218,1900,3068],"class_list":["post-23923","post","type-post","status-publish","format-standard","has-post-thumbnail","","category-erkekler","tag-belcika","tag-bijat-abdellah","tag-erkekler","tag-mr-gay","tag-musluman"],"_links":{"self":[{"href":"http:\/\/www.gzone.com.tr\/index.php\/wp-json\/wp\/v2\/posts\/23923","targetHints":{"allow":["GET"]}}],"collection":[{"href":"http:\/\/www.gzone.com.tr\/index.php\/wp-json\/wp\/v2\/posts"}],"about":[{"href":"http:\/\/www.gzone.com.tr\/index.php\/wp-json\/wp\/v2\/types\/post"}],"author":[{"embeddable":true,"href":"http:\/\/www.gzone.com.tr\/index.php\/wp-json\/wp\/v2\/users\/1"}],"replies":[{"embeddable":true,"href":"http:\/\/www.gzone.com.tr\/index.php\/wp-json\/wp\/v2\/comments?post=23923"}],"version-history":[{"count":0,"href":"http:\/\/www.gzone.com.tr\/index.php\/wp-json\/wp\/v2\/posts\/23923\/revisions"}],"wp:featuredmedia":[{"embeddable":true,"href":"http:\/\/www.gzone.com.tr\/index.php\/wp-json\/wp\/v2\/media\/23924"}],"wp:attachment":[{"href":"http:\/\/www.gzone.com.tr\/index.php\/wp-json\/wp\/v2\/media?parent=23923"}],"wp:term":[{"taxonomy":"category","embeddable":true,"href":"http:\/\/www.gzone.com.tr\/index.php\/wp-json\/wp\/v2\/categories?post=23923"},{"taxonomy":"post_tag","embeddable":true,"href":"http:\/\/www.gzone.com.tr\/index.php\/wp-json\/wp\/v2\/tags?post=23923"}],"curies":[{"name":"wp","href":"https:\/\/api.w.org\/{rel}","templated":true}]}}