{"id":23788,"date":"2016-03-22T18:03:20","date_gmt":"2016-03-22T16:03:20","guid":{"rendered":"http:\/\/gzone.com.tr\/?p=23788"},"modified":"2016-03-22T19:39:21","modified_gmt":"2016-03-22T17:39:21","slug":"izle-35-istanbul-film-festivalinin-lgbti-icerikli-filmleri","status":"publish","type":"post","link":"http:\/\/www.gzone.com.tr\/index.php\/2016\/03\/22\/izle-35-istanbul-film-festivalinin-lgbti-icerikli-filmleri\/","title":{"rendered":"\u0130ZLE: 35. \u0130STANBUL F\u0130LM FEST\u0130VAL\u0130&#8217;N\u0130N LGBT\u0130 \u0130\u00c7ER\u0130KL\u0130 F\u0130LMLER\u0130"},"content":{"rendered":"<p class=\"p1\">T\u00fcrkiye&#8217;nin en merakla beklenen film festivali \u0130stanbul Film Festivali bu sene 35. kez, on ikinci kez\u00a0Akbank\u2019\u0131n deste\u011fiyle 7-17 Nisan 2016 tarihlerinde \u015fehre iz b\u0131rakmaya haz\u0131rlan\u0131yor.<\/p>\n<p class=\"p1\"><img loading=\"lazy\" decoding=\"async\" class=\"alignnone size-full wp-image-23595 aligncenter\" src=\"http:\/\/gzone.com.tr\/wp-content\/uploads\/2016\/03\/film-fest.jpg\" alt=\"film-fest\" width=\"660\" height=\"330\" srcset=\"http:\/\/www.gzone.com.tr\/wp-content\/uploads\/2016\/03\/film-fest.jpg 660w, http:\/\/www.gzone.com.tr\/wp-content\/uploads\/2016\/03\/film-fest-300x150.jpg 300w\" sizes=\"auto, (max-width: 660px) 100vw, 660px\" \/><\/p>\n<p class=\"p1\" style=\"text-align: center;\"><em>35.\u0130stanbul Film Festivali ile alakal\u0131 merak etti\u011finiz her \u015fey <strong><a href=\"http:\/\/gzone.com.tr\/2016-35-istanbul-film-festivali-ile-ilgili-bilmek-istediginiz-her-sey\/\">BURADA<\/a><\/strong><\/em><\/p>\n<p class=\"p1\">Her sene oldu\u011fu gibi bu sene de \u0130stanbul Film Festivali&#8217;nin LGBT\u0130 i\u00e7erikli filmlerini sizler i\u00e7in listeliyoruz&#8230; \u0130\u015fte konular\u0131 ve fragmanlar\u0131yla mutlaka izlemeniz gereken bu 7 film.<\/p>\n<h3 class=\"p1\"><span class=\"s1\"><b><i>Ya\u015f 17 \/ Being 17 \/ Quand on a 17 ans \/ Andr\u00e9 T\u00e9chin\u00e9<\/i><\/b><\/span><\/h3>\n<p class=\"p1\"><img loading=\"lazy\" decoding=\"async\" class=\"alignnone\" src=\"http:\/\/s24.postimg.org\/42orlxlh1\/quand_on_a_17_ans_1.jpg\" alt=\"\" width=\"800\" height=\"533\" \/><\/p>\n<p class=\"p1\"><span class=\"s1\">Frans\u0131z sinemas\u0131n\u0131n usta y\u00f6netmenlerinden <b>Andr\u00e9 T\u00e9chin\u00e9<\/b>, yeni filmi, <b><i>Being 17 \/ Ya\u015f 17<\/i><\/b><i>\u2019<\/i>de<b> <\/b>cinsel kimlik ve b\u00fcy\u00fcme sanc\u0131lar\u0131na zarafetle bak\u0131yor. Film, lisede s\u0131n\u0131f arkada\u015f\u0131 olan, farkl\u0131 sosyal s\u0131n\u0131ftan 17 ya\u015f\u0131nda iki delikanl\u0131n\u0131n gergin arkada\u015fl\u0131\u011f\u0131 etraf\u0131nda d\u00f6n\u00fcyor. Berlin Film Festivali\u2019nde Alt\u0131n Ay\u0131 i\u00e7in yar\u0131\u015fan film, gen\u00e7 akt\u00f6rler <b>Kacey Mottet Klein <\/b>ve <b>Corentin Fila<\/b>\u2019n\u0131n performanslar\u0131, <b>Andr\u00e9 T\u00e9chin\u00e9<\/b>\u2019nin b\u00fcy\u00fcme hik\u00e2yesine h\u00e2kimiyeti, getirdi\u011fi taze ve umut dolu bak\u0131\u015fla takdir edildi.<\/span><\/p>\n<p><iframe loading=\"lazy\" src=\"https:\/\/www.youtube.com\/embed\/ReS7qePk-y0\" width=\"560\" height=\"315\" frameborder=\"0\" allowfullscreen=\"allowfullscreen\"><\/iframe><\/p>\n<h3 class=\"p1\"><span class=\"s1\"><b><i>&#8212;&#8211;<\/i><\/b><\/span><\/h3>\n<h3 class=\"p1\"><span class=\"s1\"><b><i>Kibir \/ La vanit\u00e9 \/ Vanity \/ Lionel Baier<\/i><\/b><\/span><\/h3>\n<h3 class=\"p1\"><img loading=\"lazy\" decoding=\"async\" class=\"alignnone\" src=\"http:\/\/s7.postimg.org\/jgr01gia3\/get_1.jpg\" alt=\"\" width=\"800\" height=\"450\" \/><\/h3>\n<h3 class=\"p1\"><\/h3>\n<p class=\"p1\"><span class=\"s1\"><b>Lionel Baier<\/b>, g\u00fcc\u00fcn\u00fc hayat\u0131n kendi kara mizah\u0131ndan alan filmi <b><i>Vanity \/ Kibir<\/i><\/b>\u2019de, \u00f6l\u00fcm hakk\u0131nda Woody Allen\u2019vari fikir y\u00fcr\u00fct\u00fcyor. Ecelini beklemeden hayat\u0131na son vermeye karar vermi\u015f bir ki\u015fi, onun kom\u015fusu ve insanlar\u0131n intihar etmesine yard\u0131m eden bir \u015firket \u00e7al\u0131\u015fan\u0131 olan \u00fc\u00e7 farkl\u0131 insan\u0131n, \u00f6l\u00fcmden ba\u015fka konular \u00fczerinden birbirleriyle ileti\u015fim kurmalar\u0131n\u0131 konu al\u0131yor.<span class=\"Apple-converted-space\">\u00a0 <\/span>\u0130svi\u00e7re\u2019nin gen\u00e7 ku\u015fak y\u00f6netmenlerinden <b>Lionel Baier<\/b>\u2019in yedinci uzun metrajl\u0131 filmi, ilk g\u00f6sterimini Cannes Film Festivali\u2019nde ACID yan b\u00f6l\u00fcm\u00fcnde yapt\u0131. <b>Baier<\/b>, filmin tonunu, hayran oldu\u011fu y\u00f6netmen Ernst Lubitsch\u2019ten esinlenerek kuruyor. Filmin \u00fc\u00e7 ba\u015frol\u00fcnden birini, Almodovar\u2019\u0131n feti\u015f oyuncular\u0131ndan <b>Carmen Maura<\/b> \u00fcstleniyor.<\/span><\/p>\n<p><iframe loading=\"lazy\" src=\"https:\/\/www.youtube.com\/embed\/chNHkMX9yQA\" width=\"560\" height=\"315\" frameborder=\"0\" allowfullscreen=\"allowfullscreen\"><\/iframe><\/p>\n<h3 class=\"p1\"><span class=\"s1\"><b><i>&#8212;&#8211;<\/i><\/b><\/span><\/h3>\n<h3 class=\"p1\"><span class=\"s1\"><b><i>Dolaptaki Canavar \/ Closet Monster \/ Stephen Dunn<\/i><\/b><\/span><\/h3>\n<h3 class=\"p1\"><span class=\"s1\"><b><i><img loading=\"lazy\" decoding=\"async\" class=\"alignnone\" src=\"http:\/\/s16.postimg.org\/bbx74z11h\/Closet_Monster_Connor_Jessup_as_Oscar_Madly_club.jpg\" alt=\"\" width=\"800\" height=\"450\" \/> <\/i><\/b><\/span><\/h3>\n<p class=\"p1\"><span class=\"s1\">1989 do\u011fumlu y\u00f6netmen <b>Stephen Dunn<\/b>\u2019\u0131n ilk uzun metrajl\u0131 filmi <b><i>Closet Monster \/ Dolaptaki Canavar, <\/i><\/b>stilize bir g\u00f6rselli\u011fe ve dinamik bir soundtrack\u2019e sahip olan bir b\u00fcy\u00fcme ve \u201cdolaptan \u00e7\u0131kma\u201d filmi. Film, en yak\u0131n arkada\u015f\u0131 bir hemst\u0131r olan Oscar\u2019\u0131n hem cinsel kimli\u011fiyle bar\u0131\u015fmas\u0131n\u0131 hem de ailesiyle ve ge\u00e7mi\u015fiyle ba\u015fa \u00e7\u0131kmas\u0131n\u0131 konu al\u0131yor. <b><i>Dolaptaki Canavar<\/i><\/b>, ilk g\u00f6sterimini yapt\u0131\u011f\u0131 Toronto\u2019da En \u0130yi Kanada Filmi \u00f6d\u00fcl\u00fc ald\u0131. Filmdeki hemst\u0131r Buffy\u2019yi \u00fcnl\u00fc oyuncu <b>Isabella Rossellini<\/b> seslendiriyor. Filmde Oscar\u2019\u0131 canland\u0131ran <b>Connor Jessup<\/b>\u2019\u0131 <i>Falling Skies<\/i> adl\u0131 diziden ve festivalde de g\u00f6sterilen <i>Blackbird<\/i> (2012) filminden tan\u0131yoruz. Kendi hayat\u0131ndan bir\u00e7ok \u00f6\u011fe ta\u015f\u0131yan filmin senaryosunun t\u00fcm\u00fcn\u00fc <b>Stephen Dunn<\/b> Toronto \u00dcniversitesi\u2019nin k\u00fct\u00fcphanesinde yazm\u0131\u015f.<\/span><span class=\"s1\"><b><i><br \/>\n<iframe loading=\"lazy\" src=\"https:\/\/www.youtube.com\/embed\/ZSzxvKyM608\" width=\"560\" height=\"315\" frameborder=\"0\" allowfullscreen=\"allowfullscreen\"><\/iframe><br \/>\n<\/i><\/b><\/span><\/p>\n<h3 class=\"p1\"><span class=\"s1\"><b><i>&#8212;&#8211;<\/i><\/b><\/span><\/h3>\n<h3 class=\"p1\"><span class=\"s1\"><b><i>Ayr\u0131l\u0131\u015f \/ Departure \/ Andrew Steggall<\/i><\/b><\/span><\/h3>\n<h3 class=\"p1\"><span class=\"s1\"><b><i><img loading=\"lazy\" decoding=\"async\" class=\"alignnone\" src=\"http:\/\/s17.postimg.org\/fxcn7irr3\/Ayrilis.jpg\" alt=\"\" width=\"800\" height=\"533\" \/> <\/i><\/b><\/span><\/h3>\n<p class=\"p1\"><span class=\"s1\">Pr\u00f6miyeri Londra Film Festivali&#8217;nde ger\u00e7ekle\u015fen ve olumlu ele\u015ftiriler toplayan <b>Andrew Steggall<\/b>\u2019\u0131n ilk filmi<br \/>\n<b><i>Departure \/ Ayr\u0131l\u0131\u015f,<\/i><\/b> dokunakl\u0131 ve nostaljik bir b\u00fcy\u00fcme \u00f6yk\u00fcs\u00fcn\u00fc konu al\u0131yor. 15 ya\u015f\u0131ndaki edebiyat tutkunu Elliot, annesi Beatrice ile Fransa&#8217;n\u0131n g\u00fcneyindeki yazl\u0131k evlerine gelir. Evi bo\u015faltmak i\u00e7in yap\u0131lan bu yolculuk delikanl\u0131n\u0131n hayat\u0131nda bir d\u00f6n\u00fcm noktas\u0131 olur. Elliot hem ailesindeki sorunlara tan\u0131kl\u0131k eder hem de ilk kez \u00e2\u015f\u0131k olarak e\u015fcinselli\u011fini ke\u015ffeder. Ge\u00e7ti\u011fimiz y\u0131l <i>Enigma<\/i>&#8216;da Alan Turing&#8217;in \u00e7ocuklu\u011funu canland\u0131ran <b>Alex Lawther<\/b>, ilk ba\u015frol\u00fcnde iddial\u0131 bir \u00e7\u0131k\u0131\u015f yap\u0131yor. Lawther, Britanya Sinema Akademisi BAFTA\u2019n\u0131n 2015 i\u00e7in ilan etti\u011fi \u201c15 yeni yetenek\u201dten biri. Dvorak\u2019\u0131n <i>Rusalka<\/i> operas\u0131ndan esinlenen Filmin \u00e7ekimleri de Fransa\u2019n\u0131n g\u00fcneyinde, Cenne Monesties k\u00f6y\u00fcnde yap\u0131ld\u0131.<\/span><\/p>\n<p><iframe loading=\"lazy\" src=\"https:\/\/www.youtube.com\/embed\/OY5DsMBqghI\" width=\"560\" height=\"315\" frameborder=\"0\" allowfullscreen=\"allowfullscreen\"><\/iframe><\/p>\n<h3 class=\"p1\"><span class=\"s1\"><b><i>&#8212;&#8211;<\/i><\/b><\/span><\/h3>\n<h3 class=\"p1\"><span class=\"s1\"><b><i>Tekir \/ Kater \/ Tomcat \/ H\u00e4ndl Klaus<\/i><\/b><\/span><\/h3>\n<p><img loading=\"lazy\" decoding=\"async\" class=\"alignnone\" src=\"http:\/\/s10.postimg.org\/ufylu8qc9\/KATER_Still_04_72_s_RGB.jpg\" alt=\"\" width=\"800\" height=\"335\" \/><\/p>\n<p class=\"p1\"><span class=\"s1\">Y\u00f6netmen <b>H\u00e4ndl Klaus<\/b>\u2019un senaryosunu da kendi yazd\u0131\u011f\u0131 filmi <b><i>Tomcat \/ Tekir<\/i><\/b> festivalin May\u0131nl\u0131 B\u00f6lge b\u00f6l\u00fcm\u00fcnde. Berlin\u2019de Teddy En \u0130yi Film \u00d6d\u00fcl\u00fc\u2019n\u00fc alan <i>Tekir<\/i>, minimal bir gerilim filmi. \u00dcst orta s\u0131n\u0131f e\u015fcinsel bir \u00e7iftin mutlu ve huzurlu ya\u015famlar\u0131 kedileri Moses ile tamamlanmaktad\u0131r. Ancak bir g\u00fcn bir anda geli\u015fen \u015fiddet i\u00e7erikli bir olay evlerine huzurluk tohumunu eker. Avusturya sinemas\u0131n\u0131n al\u00e2metifarikas\u0131 Haneke veya Seidl gibi ustalar\u0131n yap\u0131tlar\u0131n\u0131n yan\u0131na konabilecek bu filmi izlerken ger\u00e7ekten \u00e7elik gibi sa\u011flam sinirlere sahip olmak gerekiyor.<\/span><\/p>\n<p class=\"p1\"><em>Filmin fragman\u0131n\u0131 <a href=\"http:\/\/www.critic.de\/film\/kater-9305\/trailer\/\" target=\"_blank\"><strong>BURADAN<\/strong> <\/a>izleyin.<\/em><\/p>\n<h3 class=\"p1\">&#8212;&#8211;<\/h3>\n<h3 class=\"p1\"><span class=\"s1\"><b><i>\u00d6\u011fleden Sonra \/ Na ri xia wu \/ Afternoon \/ Tsai Ming-Liang<\/i><\/b><\/span><\/h3>\n<p class=\"p1\"><span class=\"s1\"><i><img loading=\"lazy\" decoding=\"async\" class=\"alignnone\" src=\"http:\/\/s22.postimg.org\/l6ztrhjm9\/19624_afternoon_5_credit_chen_chien_chung.jpg\" alt=\"\" width=\"800\" height=\"533\" \/>Elveda Sinema<\/i> ile Alt\u0131n Lale\u2019yi kazanan, bir\u00e7ok filmi festivalde ve Filmekimi\u2019nde g\u00f6sterilen <b>Tsai Ming-liang<\/b> yeni filmi <b><i>Afternoon \/ \u00d6\u011fleden Sonra<\/i><\/b>\u2019da kendini sorguluyor ve izleyenine y\u00f6netmenin ak\u0131l odas\u0131na girmek i\u00e7in bir anahtar veriyor. <b><i>\u00d6\u011fleden Sonra<\/i><\/b><i>\u2019<\/i>da <b>Tsai<\/b>, ilham perisi ve bir\u00e7ok filminin ba\u015frol oyuncusu <b>Lee Kang-sheng<\/b>\u2019le tek bir mek\u00e2nda kar\u015f\u0131l\u0131kl\u0131 sohbet ediyor. <i>Indiewire<\/i> dergisi filmi \u201cbelki de en az konu\u015fulan ama en derin y\u00f6netmen-oyuncu i\u015fbirli\u011finin i\u00e7ten ve samimi bir portresi.\u201d olarak yorumluyor.<\/span><\/p>\n<p><em>Filmin fragman\u0131n\u0131 <a href=\"http:\/\/cine.ch\/film\/afternoon-tsai-ming-liang\" target=\"_blank\"><strong>BURADAN<\/strong> <\/a>izleyin.\u00a0<\/em><\/p>\n<h3><span class=\"s1\"><b><i>&#8212;&#8211;<\/i><\/b><\/span><\/h3>\n<h3 class=\"p1\"><span class=\"s1\"><b><i>Paris 5:59 \/ Th\u00e9o et Hugo sont dans le m\u00eame bateau \/ Paris 05:59 \/ Jacques Martineau, Olivier Ducastel<\/i><\/b><\/span><\/h3>\n<p class=\"p1\"><span class=\"s1\"><i><img loading=\"lazy\" decoding=\"async\" class=\"alignnone\" src=\"http:\/\/s9.postimg.org\/u6se74zin\/The_o_Hugo_J247.jpg\" alt=\"\" width=\"800\" height=\"533\" \/>G\u00fcl\u00fcn\u00e7 F\u00e9lix<\/i>\u2019in y\u00f6netmenleri <b>Olivier<\/b> <b>Ducastel <\/b>ve <b>Jacques<\/b> <b>Martineau<\/b>&#8216;nun yeni filmleri <b><i>Paris 05:59<\/i><\/b>, a\u015fk\u0131n en beklenmedik anlarda kap\u0131m\u0131z\u0131 \u00e7alabilece\u011fi hakk\u0131nda. Berlin\u2019de Teddy Seyirci \u00d6d\u00fcl\u00fc alan ve ba\u015frol oyuncular\u0131n\u0131n do\u011fal performanslar\u0131 ile seyirciyi kendine ba\u011flayan ger\u00e7ek zamanl\u0131 bir film. <b><i>Paris 05:59<\/i><\/b> \u00e2deta Richard Linklater&#8217;in <i>G\u00fcn Do\u011fmadan<\/i>\u2019\u0131n\u0131n ak\u0131ll\u0131 telefonlar \u00e7a\u011f\u0131nda ve iki e\u015fcinsel erkek aras\u0131nda ge\u00e7en versiyonu.<\/span><\/p>\n<p><iframe loading=\"lazy\" src=\"https:\/\/www.youtube.com\/embed\/05jo1T7_U5w\" width=\"560\" height=\"315\" frameborder=\"0\" allowfullscreen=\"allowfullscreen\"><\/iframe><\/p>\n<p class=\"p36\"><strong><span class=\"s8\">Festival biletleri ne zaman, nerede sat\u0131\u015fa \u00e7\u0131k\u0131yor?<\/span><\/strong><\/p>\n<p class=\"p7\">Festival biletleri <span class=\"s1\">26 Mart Cumartesi<\/span> g\u00fcn\u00fc <span class=\"s1\">10<\/span>.<span class=\"s1\">30<\/span>\u2019dan itibaren <span class=\"s2\">hizmet bedeli eklenmeden, t\u00fcm sat\u0131\u015f kanallar\u0131nda ayn\u0131 \u00fccretlerle Biletix sat\u0131\u015f kanallar\u0131 ile Atlas ve Rexx sinemalar\u0131nda<\/span> a\u00e7\u0131lacak ana gi\u015felerden sat\u0131\u015fa \u00e7\u0131k\u0131yor.<\/p>\n<p class=\"p7\"><span class=\"s2\">Bilet fiyatlar\u0131<\/span><\/p>\n<p class=\"p7\"><span class=\"s1\">Hafta i\u00e7i g\u00fcnd\u00fcz seanslar\u0131<\/span> (11.00, 13.30, 16.00 ) <span class=\"s1\">yaln\u0131zca<\/span> <span class=\"s1\">8 TL<\/span>;<\/p>\n<p class=\"p7\"><span class=\"s1\">Hafta i\u00e7i 19.00 ve hafta sonu<\/span> (11.00, 13.30, 16.00, 19.00) <span class=\"s1\">tam<\/span> <span class=\"s1\">18 TL<\/span>, <span class=\"s1\">\u00f6\u011frenci ile 65 ya\u015f ve \u00fcst\u00fc 14 TL;<\/span><\/p>\n<p class=\"p7\">T\u00fcm <span class=\"s1\">21.30<\/span> seanslar\u0131 <span class=\"s1\">20 TL;<\/span><\/p>\n<p class=\"p7\"><span class=\"s1\">\u0130stanbul Modern, T\u00fcrkan Saylan K\u00fclt\u00fcr Merkezi ve Hoca Ahmet Yesevi K\u00fclt\u00fcr Merkezi\u2019ndeki g\u00f6sterimlerin bilet fiyatlar\u0131 8 TL.<\/span><\/p>\n<p class=\"p7\">Festival g\u00f6sterimlerinin ba\u015flayaca\u011f\u0131<span class=\"s1\"> g\u00fcne kadar yap\u0131lacak bilet i\u015flemlerinde t\u00fcm izleyiciler \u00f6n sat\u0131\u015f indiriminden yararlanacak.<\/span><\/p>\n<p class=\"p7\"><span class=\"s1\">Lale \u00fcyeleri <\/span>her zaman oldu\u011fu gibi festival biletleri i\u00e7in<span class=\"s1\"> \u00f6n sat\u0131\u015f<\/span> ve<span class=\"s1\"> %25\u2019e varan \u00f6zel indirimlerden<\/span>yararlanacak. \u00d6ncelikli biletler, <span class=\"s1\">Atlas <\/span>ve <span class=\"s1\">Rexx sinemalar\u0131n\u0131n<\/span> yan\u0131 s\u0131ra <span class=\"s1\">Lale Kart \u0130leti\u015fim Merkezi <\/span>ve <span class=\"s1\">Biletix web sitesinden (<\/span><span class=\"s3\">www.biletix.com<\/span><span class=\"s1\">) ) ve Biletix sat\u0131\u015f noktalar\u0131ndan <\/span>al\u0131nabilir. Lale Kart \u00fcyeleri i\u00e7in \u00f6n sat\u0131\u015f d\u00f6nemi: <span class=\"s1\">22 Mart<\/span> (Siyah ve Beyaz Lale \u00fcyeleri), <span class=\"s1\">23-25 Mart\u00a0<\/span>(K\u0131rm\u0131z\u0131 ve Sar\u0131 Lale \u00fcyeleri).<\/p>\n<p class=\"p7\"><span class=\"s1\">Festival Sponsoru<\/span> <span class=\"s1\">AKBANK<\/span>, <span class=\"s1\">Axess Kart sahiplerine festival boyunca<\/span> hafta i\u00e7i g\u00fcnd\u00fcz seanslar\u0131 hari\u00e7 sat\u0131n alacaklar\u0131 biletlerde %<span class=\"s1\">20 \u00f6zel indirimden<\/span> yararlanabilecek<wbr \/>leri bir avantaj sa\u011fl\u0131yor.<\/p>\n<p class=\"p9\">Sinemaseverlerin iki hafta boyunca elinden d\u00fc\u015f\u00fcrmedi\u011fi, filmlerin bilgileri, festivalin \u00e7izelgesi, etkinlikleri ve t\u00fcm detaylar\u0131n\u0131 i\u00e7eren<span class=\"s1\">festival katalogu, 19 Mart Cumartesi\u2019den itibaren Atlas ve Rexx sinemalar\u0131ndan ve \u0130KSV\u2019den 5 TL\u2019ye al\u0131nabilir.<\/span><\/p>\n<p class=\"p9\"><em>Detayl\u0131 bilgi i\u00e7in <strong><a href=\"http:\/\/film.iksv.org\/tr\">TIKLAYIN<\/a><\/strong><\/em><\/p>\n","protected":false},"excerpt":{"rendered":"<p>T\u00fcrkiye&#8217;nin en merakla beklenen film festivali \u0130stanbul Film Festivali bu sene 35. kez, on ikinci kez\u00a0Akbank\u2019\u0131n deste\u011fiyle 7-17 Nisan 2016 tarihlerinde \u015fehre iz b\u0131rakmaya haz\u0131rlan\u0131yor. 35.\u0130stanbul Film Festivali ile alakal\u0131 merak etti\u011finiz her \u015fey BURADA Her sene oldu\u011fu gibi bu sene de \u0130stanbul Film Festivali&#8217;nin LGBT\u0130 i\u00e7erikli filmlerini sizler i\u00e7in listeliyoruz&#8230; \u0130\u015fte konular\u0131 ve fragmanlar\u0131yla &hellip;<\/p>\n","protected":false},"author":1,"featured_media":23789,"comment_status":"closed","ping_status":"open","sticky":false,"template":"","format":"standard","meta":{"footnotes":""},"categories":[28,61],"tags":[551,4072,195],"class_list":["post-23788","post","type-post","status-publish","format-standard","has-post-thumbnail","","category-pop","category-sinematv","tag-film-festivali","tag-lgbti-film","tag-sinema"],"_links":{"self":[{"href":"http:\/\/www.gzone.com.tr\/index.php\/wp-json\/wp\/v2\/posts\/23788","targetHints":{"allow":["GET"]}}],"collection":[{"href":"http:\/\/www.gzone.com.tr\/index.php\/wp-json\/wp\/v2\/posts"}],"about":[{"href":"http:\/\/www.gzone.com.tr\/index.php\/wp-json\/wp\/v2\/types\/post"}],"author":[{"embeddable":true,"href":"http:\/\/www.gzone.com.tr\/index.php\/wp-json\/wp\/v2\/users\/1"}],"replies":[{"embeddable":true,"href":"http:\/\/www.gzone.com.tr\/index.php\/wp-json\/wp\/v2\/comments?post=23788"}],"version-history":[{"count":0,"href":"http:\/\/www.gzone.com.tr\/index.php\/wp-json\/wp\/v2\/posts\/23788\/revisions"}],"wp:featuredmedia":[{"embeddable":true,"href":"http:\/\/www.gzone.com.tr\/index.php\/wp-json\/wp\/v2\/media\/23789"}],"wp:attachment":[{"href":"http:\/\/www.gzone.com.tr\/index.php\/wp-json\/wp\/v2\/media?parent=23788"}],"wp:term":[{"taxonomy":"category","embeddable":true,"href":"http:\/\/www.gzone.com.tr\/index.php\/wp-json\/wp\/v2\/categories?post=23788"},{"taxonomy":"post_tag","embeddable":true,"href":"http:\/\/www.gzone.com.tr\/index.php\/wp-json\/wp\/v2\/tags?post=23788"}],"curies":[{"name":"wp","href":"https:\/\/api.w.org\/{rel}","templated":true}]}}