{"id":23724,"date":"2016-03-21T09:31:53","date_gmt":"2016-03-21T07:31:53","guid":{"rendered":"http:\/\/gzone.com.tr\/?p=23724"},"modified":"2016-03-21T09:31:53","modified_gmt":"2016-03-21T07:31:53","slug":"cern-laboratuvarinda-homofobik-parcalanma","status":"publish","type":"post","link":"http:\/\/www.gzone.com.tr\/index.php\/2016\/03\/21\/cern-laboratuvarinda-homofobik-parcalanma\/","title":{"rendered":"CERN LABORATUVARINDA HOMOFOB\u0130K PAR\u00c7ALANMA"},"content":{"rendered":"<div class=\"news-detail-spot\">\n<p class=\"selectionShareable\">Atomalt\u0131 par\u00e7ac\u0131klarla ilgili en muazzam fizik deneylerinin yap\u0131ld\u0131\u011f\u0131 CERN\u2019de \u2018homofobik kriz\u2019 ya\u015fan\u0131yor. E\u015fcinsel \u00e7al\u0131\u015fanlar i\u00e7in panoya as\u0131lan afi\u015f par\u00e7alan\u0131nca, ortal\u0131k par\u00e7ac\u0131k fizi\u011fi d\u00fcnyas\u0131 kadar kar\u0131\u015ft\u0131.<\/p>\n<\/div>\n<div class=\"news-box\">\n<p class=\"selectionShareable\">\u0130sv\u0130\u00e7re\u2019nin Cenevre kenti yak\u0131nlar\u0131nda bulunan par\u00e7ac\u0131k fizi\u011fi laboratuvar\u0131 CERN\u2019de e\u015fcinsel bilim insanlar\u0131n\u0131n ayr\u0131mc\u0131l\u0131kla kar\u015f\u0131 kar\u015f\u0131ya kald\u0131\u011f\u0131 iddialar\u0131 t\u00fcm d\u00fcnyada b\u00fcy\u00fck yank\u0131 buldu.<\/p>\n<p class=\"selectionShareable\">Kurumda \u00e7al\u0131\u015fan e\u015fcinsel bilim insan\u0131 ya da \u00e7al\u0131\u015fanlar\u0131n haklar\u0131n\u0131 korumak i\u00e7in kurulan derne\u011fin ast\u0131\u011f\u0131 afi\u015flerin par\u00e7aland\u0131\u011f\u0131 iddia edildi. \u0130ngiliz Sunday Times gazetesi, CERN\u2019de \u00e7al\u0131\u015fan kimi e\u015fcinsel bilim insanlar\u0131n\u0131n ayn\u0131 kurumda g\u00f6rev yapan meslekta\u015flar\u0131ndan nefret dolu e-postalar ald\u0131\u011f\u0131n\u0131 da belirtti.<\/p>\n<p class=\"selectionShareable\"><strong>ALMANCA \u2018DOMUZ\u2019<\/strong><\/p>\n<p class=\"selectionShareable\">\u015eimdiye dek CERN\u2019de faaliyet g\u00f6steren LGBT derne\u011fine ait bir posteri par\u00e7alarken g\u00fcvenlik kameras\u0131na yakalanan bir ara\u015ft\u0131rmac\u0131n\u0131n disiplin cezas\u0131 ald\u0131\u011f\u0131, ancak e\u015fcinsellere kar\u015f\u0131 ger\u00e7ekle\u015ftirilen nefret eylemlerine bir\u00e7ok bilim insan\u0131n\u0131n daha destek verdi\u011fine inan\u0131ld\u0131\u011f\u0131 a\u00e7\u0131kland\u0131.<\/p>\n<p class=\"selectionShareable\">CERN LGBT derne\u011finden bilim insanlar\u0131 duvarlara ast\u0131klar\u0131 bir posterin \u00fczerine Almanca \u2018domuz\u2019 kelimesi karaland\u0131\u011f\u0131n\u0131 ve bir ba\u015fka posterin \u00fczerine de erkeklerin di\u011fer erkeklerle cinsel ili\u015fkiye girmesinin do\u011faya kar\u015f\u0131 i\u015flenmi\u015f bir su\u00e7 oldu\u011funu belirten \u0130ncil\u2019den bir s\u00f6z\u00fcn yaz\u0131ld\u0131\u011f\u0131n\u0131 a\u00e7\u0131klad\u0131lar.<\/p>\n<p class=\"selectionShareable\"><strong>\u2018NEFRET KAMPANYASI\u2019<\/strong><\/p>\n<p class=\"selectionShareable\">CERN\u2019deki LGBT derne\u011fini 2010 y\u0131l\u0131nda kuran \u0130ngiliz fizik\u00e7i Aidan Randle-Conde, Sunday Times\u2019a yapt\u0131\u011f\u0131 a\u00e7\u0131klamada, \u201cPosterlerimizin bu \u015fekilde sald\u0131r\u0131ya u\u011framas\u0131 kabul edilemez bir nefret ve tahamm\u00fcls\u00fczl\u00fck \u00a0kampanyas\u0131n\u0131n varl\u0131\u011f\u0131n\u0131n g\u00f6stergesi\u201d dedi. CERN yetkilileri ise \u201cYa\u015fananlar kesinlikle kabul edilemez. Bu sayg\u0131s\u0131zca davran\u0131\u015flardan sorumlu oldu\u011funu tespit etti\u011fimiz en az bir ki\u015fi hakk\u0131nda disiplin i\u015flemleri ba\u015flatt\u0131k. Cern\u2019de homofobik davran\u0131\u015flar ho\u015f g\u00f6r\u00fclm\u00fcyor ve ho\u015f g\u00f6r\u00fclmeyecek\u201d dediler.<\/p>\n<p class=\"selectionShareable\">Kaynak:H\u00fcrriyet<\/p>\n<\/div>\n","protected":false},"excerpt":{"rendered":"<p>Atomalt\u0131 par\u00e7ac\u0131klarla ilgili en muazzam fizik deneylerinin yap\u0131ld\u0131\u011f\u0131 CERN\u2019de \u2018homofobik kriz\u2019 ya\u015fan\u0131yor. E\u015fcinsel \u00e7al\u0131\u015fanlar i\u00e7in panoya as\u0131lan afi\u015f par\u00e7alan\u0131nca, ortal\u0131k par\u00e7ac\u0131k fizi\u011fi d\u00fcnyas\u0131 kadar kar\u0131\u015ft\u0131. \u0130sv\u0130\u00e7re\u2019nin Cenevre kenti yak\u0131nlar\u0131nda bulunan par\u00e7ac\u0131k fizi\u011fi laboratuvar\u0131 CERN\u2019de e\u015fcinsel bilim insanlar\u0131n\u0131n ayr\u0131mc\u0131l\u0131kla kar\u015f\u0131 kar\u015f\u0131ya kald\u0131\u011f\u0131 iddialar\u0131 t\u00fcm d\u00fcnyada b\u00fcy\u00fck yank\u0131 buldu. Kurumda \u00e7al\u0131\u015fan e\u015fcinsel bilim insan\u0131 ya da \u00e7al\u0131\u015fanlar\u0131n &hellip;<\/p>\n","protected":false},"author":1,"featured_media":23725,"comment_status":"closed","ping_status":"open","sticky":false,"template":"","format":"standard","meta":{"footnotes":""},"categories":[92,91],"tags":[113,323,465],"class_list":["post-23724","post","type-post","status-publish","format-standard","has-post-thumbnail","","category-dunya","category-haberler","tag-dunya-2","tag-haber","tag-homofobi"],"_links":{"self":[{"href":"http:\/\/www.gzone.com.tr\/index.php\/wp-json\/wp\/v2\/posts\/23724","targetHints":{"allow":["GET"]}}],"collection":[{"href":"http:\/\/www.gzone.com.tr\/index.php\/wp-json\/wp\/v2\/posts"}],"about":[{"href":"http:\/\/www.gzone.com.tr\/index.php\/wp-json\/wp\/v2\/types\/post"}],"author":[{"embeddable":true,"href":"http:\/\/www.gzone.com.tr\/index.php\/wp-json\/wp\/v2\/users\/1"}],"replies":[{"embeddable":true,"href":"http:\/\/www.gzone.com.tr\/index.php\/wp-json\/wp\/v2\/comments?post=23724"}],"version-history":[{"count":0,"href":"http:\/\/www.gzone.com.tr\/index.php\/wp-json\/wp\/v2\/posts\/23724\/revisions"}],"wp:featuredmedia":[{"embeddable":true,"href":"http:\/\/www.gzone.com.tr\/index.php\/wp-json\/wp\/v2\/media\/23725"}],"wp:attachment":[{"href":"http:\/\/www.gzone.com.tr\/index.php\/wp-json\/wp\/v2\/media?parent=23724"}],"wp:term":[{"taxonomy":"category","embeddable":true,"href":"http:\/\/www.gzone.com.tr\/index.php\/wp-json\/wp\/v2\/categories?post=23724"},{"taxonomy":"post_tag","embeddable":true,"href":"http:\/\/www.gzone.com.tr\/index.php\/wp-json\/wp\/v2\/tags?post=23724"}],"curies":[{"name":"wp","href":"https:\/\/api.w.org\/{rel}","templated":true}]}}