{"id":23524,"date":"2016-03-16T01:29:27","date_gmt":"2016-03-15T23:29:27","guid":{"rendered":"http:\/\/gzone.com.tr\/?p=23524"},"modified":"2016-03-16T01:35:25","modified_gmt":"2016-03-15T23:35:25","slug":"istanbul-moda-haftasinda-buruk-acilis","status":"publish","type":"post","link":"http:\/\/www.gzone.com.tr\/index.php\/2016\/03\/16\/istanbul-moda-haftasinda-buruk-acilis\/","title":{"rendered":"ISTANBUL MODA HAFTASI&#8217;NDA BURUK A\u00c7ILI\u015e"},"content":{"rendered":"<p><strong>Moda d\u00fcnyas\u0131n\u0131n her y\u0131l merakla bekledi\u011fi Mercedes-Benz Fashion Week Istanbul, Ankara&#8217;daki ter\u00f6r sald\u0131r\u0131s\u0131n\u0131n g\u00f6lgesinde buruk bir \u015fekilde ba\u015flad\u0131.<\/strong><\/p>\n<p>\u00dcst d\u00fczey g\u00fcvenlik \u00f6nlemlerinin al\u0131nd\u0131\u011f\u0131 etkinli\u011fin ilk g\u00fcn\u00fcnde T\u00fclin \u015eahin, Cihan Nacar\u2019\u0131n defilesinde yer almaktan vazge\u00e7ti. \u015eahin, Ankara\u2019daki patlama sonras\u0131 tepki alaca\u011f\u0131n\u0131 d\u00fc\u015f\u00fcnerek mayo defilesinde yer almayaca\u011f\u0131n\u0131 yetkililere bildirdi. 14-19 Mart 2016 tarihleri aras\u0131nda Zorlu Center MBFWI Alan\u0131\u2019nda ger\u00e7ekle\u015fecek \u0130stanbul moda haftas\u0131nda tan\u0131nm\u0131\u015f modac\u0131lar\u0131n Sonbahar-K\u0131\u015f 2016 koleksiyonlar\u0131n\u0131 tan\u0131t\u0131lacak. Ba\u015fta T\u00fcrkiye\u2019den modac\u0131 ve medya mensuplar\u0131n\u0131n yan\u0131 s\u0131ra d\u00fcnya \u00e7ap\u0131nda medya ve moda end\u00fcstrisini \u00e7eken organizasyona bu kez h\u00fcz\u00fcn hakimdi.<\/p>\n<p><a href=\"https:\/\/www.instagram.com\/p\/BC-w3F4k2sX\/?tagged=mbfwi\">https:\/\/www.instagram.com\/p\/BC-w3F4k2sX\/?tagged=mbfwi<\/a><\/p>\n<p>&nbsp;<\/p>\n<p><strong>GEN\u0130\u015e G\u00dcVENL\u0130K \u00d6NLEM\u0130 ALINDI<\/strong><br \/>\nMercedes-Benz Fashion Week Istanbul moda haftas\u0131 i\u00e7in Zorlu Center \u00f6n\u00fcne kurulan etkinlik \u00e7ad\u0131r\u0131nda geni\u015f g\u00fcvenlik \u00f6nlemlerinin al\u0131nd\u0131\u011f\u0131 dikkatlerden ka\u00e7mad\u0131. \u00dclkemizde ya\u015fanan ter\u00f6r tehtidi sebebiyle sivil polislerin de g\u00f6rev yapt\u0131\u011f\u0131 etkinlikte 50 \u00f6zel g\u00fcvenlik mensubunun g\u00f6rev ald\u0131\u011f\u0131 a\u00e7\u0131kland\u0131. Etkinlik \u00e7ad\u0131r\u0131n\u0131n oldu\u011fu alandaki baz\u0131 led televizyonlar\u0131n karart\u0131l\u0131p ekrana Ankara yaz\u0131lmas\u0131 dikkat \u00e7ekti. Etkinlik kapsam\u0131nda ya\u015fanan ter\u00f6r olaylar\u0131 sebebiyle ekstra g\u00fcvenlik \u00f6nlemlerinin al\u0131nd\u0131\u011f\u0131 dikkatlerden ka\u00e7mad\u0131. Metal detekt\u00f6rlerle yap\u0131lan \u00fcst aramalar\u0131na ilaveten yeni g\u00fcvenlik \u00f6nlemleri i\u00e7in x ray cihazlar\u0131n\u0131n getirildi\u011fi belirtilirken, g\u00f6revlilerin etkinli\u011fe kat\u0131lanlar\u0131n \u00e7antalar\u0131n\u0131 a\u00e7t\u0131r\u0131p aramas\u0131 dikkat \u00e7ekti.<\/p>\n<p><a href=\"https:\/\/www.instagram.com\/p\/BC-yXfwqhM1\/?tagged=mbfwi\">https:\/\/www.instagram.com\/p\/BC-yXfwqhM1\/?tagged=mbfwi<\/a><\/p>\n<p>&nbsp;<\/p>\n<p><strong>MODA D\u00dcNYASI TEK V\u00dcCUT OLDU<\/strong><br \/>\n\u0130stanbul moda haftas\u0131n\u0131n ba\u015flamas\u0131ndan \u00f6nce Ankara\u2019da ya\u015fanan ter\u00f6r sald\u0131r\u0131s\u0131 sebebiyle moda sekt\u00f6r\u00fc b\u00fct\u00fcnle\u015fme karar\u0131 al\u0131rken, sadece Deniz Mar\u015fan\u2019\u0131n defilesi ileri bir tarihe ertelendi. \u00dcnl\u00fc modac\u0131lar sosyal medya hesaplar\u0131ndan birlik mesaj\u0131 yay\u0131nlad\u0131lar.\u00a0 Yapt\u0131klar\u0131 ortak a\u00e7\u0131klama ile moda haftas\u0131n\u0131n sekteye u\u011framadan ger\u00e7ekle\u015fmesi mesaj\u0131 veren modac\u0131lar, \u00fclkemizde ya\u015fanan ter\u00f6r olaylar\u0131na kar\u015f\u0131 ortak a\u00e7\u0131klama yapt\u0131lar.\u00a0 Etkinlik \u00e7er\u00e7evesinde defile d\u00fczenleyecek olan Deniz Mar\u015fan\u2019\u0131n defilesini ileri bir tarihe ertelemek istemesinin ard\u0131ndan etkinlikteki defilelerini belirlenen g\u00fcnlerinde yapmakta karar ald\u0131klar\u0131n\u0131 belirten modac\u0131lar, ortak a\u00e7\u0131klamaya imza atarak ter\u00f6re kar\u015f\u0131 birlik mesaj\u0131 verdi.<\/p>\n<p><a href=\"https:\/\/www.instagram.com\/p\/BC0d2Zdr1tG\/?taken-by=mbfwistanbul\">https:\/\/www.instagram.com\/p\/BC0d2Zdr1tG\/?taken-by=mbfwistanbul<\/a><\/p>\n<p>&nbsp;<\/p>\n<p><strong>MODACILAR\u2019IN YAYINLADI\u011eI ORTAK B\u0130LD\u0130R\u0130 VE BASIN A\u00c7IKLAMASI;<\/strong><br \/>\nAnkara\u2019da ya\u015fanan elim olay\u0131n ard\u0131ndan t\u00fcm T\u00fcrkiye bir kez daha kenetlenirken, haz\u0131r giyim ve moda end\u00fcstrisinin en \u00f6nemli uluslararas\u0131 organizasyonlar\u0131 olan Mercedes-Benz Fashion Week Istanbul\u00a0 (MBFWI) ve The Core \u0130stanbul\u2019da showroom ve defileler planland\u0131\u011f\u0131 gibi devam edecek. MBFWI resmi\u00a0 takviminde yer alan e\u011flence i\u00e7erikli di\u011fer t\u00fcm aktiviteler ise iptal edildi. \u0130stanbul Haz\u0131rgiyim ve Konfeksiyon \u0130hracat\u00e7\u0131lar\u0131 Birli\u011fi (\u0130HK\u0130B) Moda Tasar\u0131mc\u0131lar\u0131 Derne\u011fi (MTD), Birle\u015fmi\u015f Markalar Derne\u011fi (BMD) ve \u0130stanbul Moda Akademisi (\u0130MA)\u2019nin \u00f6nemli destekleri ve i\u015fbirli\u011fiyle d\u00fczenlenen, tasar\u0131m, \u00fcretim ve ihracat\u0131n lokomotifi, uluslararas\u0131 iki b\u00fcy\u00fck organizasyon MBFWI ve The\u00a0 Core \u0130stanbul, t\u00fcm payda\u015flar\u0131yla\u00a0 birlikte T\u00fcrk moda end\u00fcstrisinin ortak hedeflerine 15-19 Mart tarihleri aras\u0131nda y\u00fcr\u00fcmeye devam edecek. Bu \u00e7er\u00e7evede yap\u0131lan ortak a\u00e7\u0131klamada: \u201d Y\u00fczbinlerce \u00e7al\u0131\u015fan\u0131m\u0131z ve 20 milyar dolara ko\u015fan ihracat\u0131m\u0131z ile bug\u00fcn her zamankinden daha fazla arzu ile tasar\u0131m, \u00fcretim ve ihracata odakland\u0131k. MBFWI ve The Core \u0130stanbul olarak T\u00fcrk moda end\u00fcstrisini ihracat hedeflerine bir ad\u0131m daha yakla\u015ft\u0131rmak i\u00e7in tasar\u0131mc\u0131s\u0131ndan, markas\u0131na, \u00fcreticisinden davetlisine kadar dayan\u0131\u015fma i\u00e7inde \u00e7al\u0131\u015fmaya devam edece\u011fiz. Yurt d\u0131\u015f\u0131ndan gelecek sat\u0131n alma heyetleri ve bas\u0131n i\u00e7in sunum ve defile etkinliklerimizi program\u0131m\u0131z \u00e7er\u00e7evesinde aynen devam ettirece\u011fiz. Program kapsam\u0131nda yap\u0131lmas\u0131 planlanan e\u011flence i\u00e7erikli di\u011fer t\u00fcm aktiviteleri ise iptal ettik.\u201d<\/p>\n<p><a href=\"https:\/\/www.instagram.com\/p\/BC-cz5hjxFJ\/?tagged=mbfwi\">https:\/\/www.instagram.com\/p\/BC-cz5hjxFJ\/?tagged=mbfwi<\/a><\/p>\n<p>&nbsp;<\/p>\n<p><strong>40 \u00dcLKEDEN 300\u2019\u00dcN \u00dcZER\u0130NDE ALICI BEKLEN\u0130YOR<\/strong><br \/>\nBu y\u0131l Zorlu Center\u2019da d\u00fczenlenecek MBFWI\u2019da 20\u2019yi a\u015fk\u0131n tasar\u0131mc\u0131, Sonbahar\/K\u0131\u015f 2016 koleksiyonlar\u0131n\u0131 sergileyecek.Marka ve tasar\u0131mc\u0131lar\u0131n koleksiyonlar\u0131n\u0131 ticari faaliyete d\u00f6n\u00fc\u015ft\u00fcrmek ve katma de\u011feri y\u00fcksek ihracat sa\u011flamak amac\u0131yla d\u00f6rd\u00fcnc\u00fcs\u00fc ger\u00e7ekle\u015ftirilecek The Core Istanbul ise yurt i\u00e7inden ve 40 \u00fclkeden 300\u2019\u00fcn \u00fczerinde sat\u0131n alma sorumlusunu a\u011f\u0131rlayacak. 24 marka ve 23 tasar\u0131mc\u0131n\u0131n koleksiyonlar\u0131, yine Zorlu Center MBFWI Alan\u0131\u2019nda showroom format\u0131nda sergilenecek.<\/p>\n<p><em>Kaynak: S\u00f6zc\u00fc<\/em><\/p>\n","protected":false},"excerpt":{"rendered":"<p>Moda d\u00fcnyas\u0131n\u0131n her y\u0131l merakla bekledi\u011fi Mercedes-Benz Fashion Week Istanbul, Ankara&#8217;daki ter\u00f6r sald\u0131r\u0131s\u0131n\u0131n g\u00f6lgesinde buruk bir \u015fekilde ba\u015flad\u0131. \u00dcst d\u00fczey g\u00fcvenlik \u00f6nlemlerinin al\u0131nd\u0131\u011f\u0131 etkinli\u011fin ilk g\u00fcn\u00fcnde T\u00fclin \u015eahin, Cihan Nacar\u2019\u0131n defilesinde yer almaktan vazge\u00e7ti. \u015eahin, Ankara\u2019daki patlama sonras\u0131 tepki alaca\u011f\u0131n\u0131 d\u00fc\u015f\u00fcnerek mayo defilesinde yer almayaca\u011f\u0131n\u0131 yetkililere bildirdi. 14-19 Mart 2016 tarihleri aras\u0131nda Zorlu Center MBFWI &hellip;<\/p>\n","protected":false},"author":1,"featured_media":23525,"comment_status":"closed","ping_status":"open","sticky":false,"template":"","format":"standard","meta":{"footnotes":""},"categories":[70,74],"tags":[727,112,397,200,2588,761],"class_list":["post-23524","post","type-post","status-publish","format-standard","has-post-thumbnail","","category-moda","category-modahaberleri","tag-fashion-week","tag-haberler-2","tag-istanbul-2","tag-moda","tag-moda-haberleri","tag-moda-haftasi"],"_links":{"self":[{"href":"http:\/\/www.gzone.com.tr\/index.php\/wp-json\/wp\/v2\/posts\/23524","targetHints":{"allow":["GET"]}}],"collection":[{"href":"http:\/\/www.gzone.com.tr\/index.php\/wp-json\/wp\/v2\/posts"}],"about":[{"href":"http:\/\/www.gzone.com.tr\/index.php\/wp-json\/wp\/v2\/types\/post"}],"author":[{"embeddable":true,"href":"http:\/\/www.gzone.com.tr\/index.php\/wp-json\/wp\/v2\/users\/1"}],"replies":[{"embeddable":true,"href":"http:\/\/www.gzone.com.tr\/index.php\/wp-json\/wp\/v2\/comments?post=23524"}],"version-history":[{"count":0,"href":"http:\/\/www.gzone.com.tr\/index.php\/wp-json\/wp\/v2\/posts\/23524\/revisions"}],"wp:featuredmedia":[{"embeddable":true,"href":"http:\/\/www.gzone.com.tr\/index.php\/wp-json\/wp\/v2\/media\/23525"}],"wp:attachment":[{"href":"http:\/\/www.gzone.com.tr\/index.php\/wp-json\/wp\/v2\/media?parent=23524"}],"wp:term":[{"taxonomy":"category","embeddable":true,"href":"http:\/\/www.gzone.com.tr\/index.php\/wp-json\/wp\/v2\/categories?post=23524"},{"taxonomy":"post_tag","embeddable":true,"href":"http:\/\/www.gzone.com.tr\/index.php\/wp-json\/wp\/v2\/tags?post=23524"}],"curies":[{"name":"wp","href":"https:\/\/api.w.org\/{rel}","templated":true}]}}