{"id":2329,"date":"2014-09-24T18:25:36","date_gmt":"2014-09-24T18:25:36","guid":{"rendered":"http:\/\/gzone.com.tr\/?p=2329"},"modified":"2014-11-10T09:27:05","modified_gmt":"2014-11-10T09:27:05","slug":"musluman-escinseller-icin-acilan-cami-kapatildi","status":"publish","type":"post","link":"http:\/\/www.gzone.com.tr\/index.php\/2014\/09\/24\/musluman-escinseller-icin-acilan-cami-kapatildi\/","title":{"rendered":"M\u00dcSL\u00dcMAN E\u015eC\u0130NSELLER \u0130\u00c7\u0130N A\u00c7ILAN CAM\u0130 KAPATILDI"},"content":{"rendered":"<p><span style=\"color: #606060;\">G\u00fcney Afrika&#8217;da Prof. Taj Hargey\u2019in ge\u00e7en hafta a\u00e7\u0131l\u0131\u015f\u0131n\u0131 yapt\u0131\u011f\u0131, e\u015fcinsellere de a\u00e7\u0131k olan ilk cami, \u2018park yeri olmamas\u0131\u2019 gerek\u00e7e g\u00f6sterilerek kapat\u0131ld\u0131.<\/span><br style=\"color: #606060;\" \/><br style=\"color: #606060;\" \/><span style=\"color: #606060;\">Belediye yetkilileri, Cape Town&#8217;da a\u00e7\u0131lan camide her 10 ki\u015fi i\u00e7in bir ara\u00e7l\u0131k park yeri olmas\u0131 gerekti\u011fini s\u00f6yl\u00fcyor. Camiyi a\u00e7an, \u0130ngiltere&#8217;nin Oxford \u00dcniversitesi M\u00fcsl\u00fcman E\u011fitim Merkezi&#8217;nde profes\u00f6r olan Taj Hargey&#8217;e g\u00f6re ise bu bir &#8216;bahane&#8217;.<\/span><br style=\"color: #606060;\" \/><br style=\"color: #606060;\" \/><span style=\"color: #606060;\">BBC\u2019nin haberine g\u00f6re, Hargey &#8220;Kent konseyi sa\u00e7ma kanunlar\u0131 gerke\u00e7e g\u00f6stererek camiyi kapatmaya \u00e7al\u0131\u015f\u0131yor, ama bu beni korkutamaz&#8221; dedi. Caminin yeniden a\u00e7\u0131l\u0131p a\u00e7\u0131lmayaca\u011f\u0131 bilinmiyor.<\/span><br style=\"color: #606060;\" \/><br style=\"color: #606060;\" \/><span style=\"color: #606060;\">Kad\u0131nlar\u0131n da imaml\u0131k yapabildi\u011fi ve erkeklerle ayn\u0131 odada namaz k\u0131labildi\u011fi &#8220;A\u00e7\u0131k Cami&#8221;ye b\u00f6lgedeki m\u00fcsl\u00fcmanlar tepki g\u00f6stermi\u015f, Hargey \u00f6l\u00fcm tehditleri alm\u0131\u015ft\u0131.<\/span><br style=\"color: #606060;\" \/><br style=\"color: #606060;\" \/><span style=\"color: #606060;\">Cape Town do\u011fumlu akademisyen, caminin cinsiyet, din, cinsel tercih ayr\u0131m\u0131 yapmadan herkese a\u00e7\u0131k oldu\u011funu vurgulam\u0131\u015f; &#8216;Camiyi a\u00e7\u0131k fikirli insanlar i\u00e7in a\u00e7t\u0131klar\u0131n\u0131&#8217;, bunun radikal \u0130slamc\u0131 ak\u0131mlara kar\u015f\u0131 bir ad\u0131m olmas\u0131n\u0131 \u00fcmit etti\u011fini belirtmi\u015fti.<\/span><br style=\"color: #606060;\" \/><br style=\"color: #606060;\" \/><span style=\"color: #606060;\">Hargey &#8220;Bizim camimiz Muhammed Peygamber&#8217;in camisinin bir kopyas\u0131 ve bariyerleri olmayan bir cami. Kad\u0131nlar\u0131 g\u00f6r\u00fcnmez k\u0131lan d\u00fc\u015f\u00fcnce ise Muhammed Peygamber&#8217;in ard\u0131ndan ortaya \u00e7\u0131km\u0131\u015f ve maalesef bask\u0131n hale gelmi\u015ftir&#8221; demi\u015fti.<\/span><\/p>\n<p><em>Kaynak: <a href=\"http:\/\/www.evrensel.com\">www.evrensel.com<\/a><\/em><\/p>\n<p>&nbsp;<\/p>\n","protected":false},"excerpt":{"rendered":"<p>G\u00fcney Afrika&#8217;da Prof. Taj Hargey\u2019in ge\u00e7en hafta a\u00e7\u0131l\u0131\u015f\u0131n\u0131 yapt\u0131\u011f\u0131, e\u015fcinsellere de a\u00e7\u0131k olan ilk cami, \u2018park yeri olmamas\u0131\u2019 gerek\u00e7e g\u00f6sterilerek kapat\u0131ld\u0131.Belediye yetkilileri, Cape Town&#8217;da a\u00e7\u0131lan camide her 10 ki\u015fi i\u00e7in bir ara\u00e7l\u0131k park yeri olmas\u0131 gerekti\u011fini s\u00f6yl\u00fcyor. Camiyi a\u00e7an, \u0130ngiltere&#8217;nin Oxford \u00dcniversitesi M\u00fcsl\u00fcman E\u011fitim Merkezi&#8217;nde profes\u00f6r olan Taj Hargey&#8217;e g\u00f6re ise bu bir &#8216;bahane&#8217;.BBC\u2019nin haberine &hellip;<\/p>\n","protected":false},"author":1,"featured_media":4573,"comment_status":"open","ping_status":"open","sticky":false,"template":"","format":"standard","meta":{"footnotes":""},"categories":[92,91],"tags":[113,485,323],"class_list":["post-2329","post","type-post","status-publish","format-standard","has-post-thumbnail","","category-dunya","category-haberler","tag-dunya-2","tag-guney-afrika","tag-haber"],"_links":{"self":[{"href":"http:\/\/www.gzone.com.tr\/index.php\/wp-json\/wp\/v2\/posts\/2329","targetHints":{"allow":["GET"]}}],"collection":[{"href":"http:\/\/www.gzone.com.tr\/index.php\/wp-json\/wp\/v2\/posts"}],"about":[{"href":"http:\/\/www.gzone.com.tr\/index.php\/wp-json\/wp\/v2\/types\/post"}],"author":[{"embeddable":true,"href":"http:\/\/www.gzone.com.tr\/index.php\/wp-json\/wp\/v2\/users\/1"}],"replies":[{"embeddable":true,"href":"http:\/\/www.gzone.com.tr\/index.php\/wp-json\/wp\/v2\/comments?post=2329"}],"version-history":[{"count":0,"href":"http:\/\/www.gzone.com.tr\/index.php\/wp-json\/wp\/v2\/posts\/2329\/revisions"}],"wp:featuredmedia":[{"embeddable":true,"href":"http:\/\/www.gzone.com.tr\/index.php\/wp-json\/wp\/v2\/media\/4573"}],"wp:attachment":[{"href":"http:\/\/www.gzone.com.tr\/index.php\/wp-json\/wp\/v2\/media?parent=2329"}],"wp:term":[{"taxonomy":"category","embeddable":true,"href":"http:\/\/www.gzone.com.tr\/index.php\/wp-json\/wp\/v2\/categories?post=2329"},{"taxonomy":"post_tag","embeddable":true,"href":"http:\/\/www.gzone.com.tr\/index.php\/wp-json\/wp\/v2\/tags?post=2329"}],"curies":[{"name":"wp","href":"https:\/\/api.w.org\/{rel}","templated":true}]}}