{"id":23160,"date":"2016-03-05T11:31:15","date_gmt":"2016-03-05T09:31:15","guid":{"rendered":"http:\/\/gzone.com.tr\/?p=23160"},"modified":"2016-03-05T11:31:15","modified_gmt":"2016-03-05T09:31:15","slug":"union-jnin-biseksuel-uyesi-gruptan-ayrildi","status":"publish","type":"post","link":"http:\/\/www.gzone.com.tr\/index.php\/2016\/03\/05\/union-jnin-biseksuel-uyesi-gruptan-ayrildi\/","title":{"rendered":"UNION J&#8217;N\u0130N B\u0130SEKS\u00dcEL \u00dcYES\u0130 GRUPTAN AYRILDI!"},"content":{"rendered":"<p>Ge\u00e7ti\u011fimiz aylarda e\u015fcinsel ili\u015fkilere a\u00e7\u0131k oldu\u011funu s\u00f6yleyerek d\u00fcnya \u00e7ap\u0131nda g\u00fcndem olan, \u0130ngiliz erkek m\u00fczik grubu Union J \u00fcyesi\u00a0George Shelley, gruptan ayr\u0131ld\u0131\u011f\u0131n\u0131 duyurdu.<\/p>\n<p>Baz\u0131 kaynaklara g\u00f6re bu ayr\u0131l\u0131\u011f\u0131n sebebi, di\u011fer grup arkada\u015flar\u0131n\u0131n kendisinin pop\u00fclerli\u011fini ve kendisine gelen oyunculuk tekliflerini kabul etmesinin sonucunda k\u0131skan\u00e7l\u0131k krizlerine girmesi olurken, George Shelley&#8217;nin bas\u0131n s\u00f6zc\u00fcs\u00fc, &#8221;Shelley&#8217;nin gruptan ayr\u0131lmas\u0131 ortak verilmi\u015f bir karard\u0131r, George Shelley bundan b\u00f6yle solo kariyerine y\u00f6nelecektir&#8221; a\u00e7\u0131klamas\u0131n\u0131 yapt\u0131.<\/p>\n","protected":false},"excerpt":{"rendered":"<p>Ge\u00e7ti\u011fimiz aylarda e\u015fcinsel ili\u015fkilere a\u00e7\u0131k oldu\u011funu s\u00f6yleyerek d\u00fcnya \u00e7ap\u0131nda g\u00fcndem olan, \u0130ngiliz erkek m\u00fczik grubu Union J \u00fcyesi\u00a0George Shelley, gruptan ayr\u0131ld\u0131\u011f\u0131n\u0131 duyurdu. Baz\u0131 kaynaklara g\u00f6re bu ayr\u0131l\u0131\u011f\u0131n sebebi, di\u011fer grup arkada\u015flar\u0131n\u0131n kendisinin pop\u00fclerli\u011fini ve kendisine gelen oyunculuk tekliflerini kabul etmesinin sonucunda k\u0131skan\u00e7l\u0131k krizlerine girmesi olurken, George Shelley&#8217;nin bas\u0131n s\u00f6zc\u00fcs\u00fc, &#8221;Shelley&#8217;nin gruptan ayr\u0131lmas\u0131 ortak verilmi\u015f bir &hellip;<\/p>\n","protected":false},"author":1,"featured_media":23161,"comment_status":"closed","ping_status":"open","sticky":false,"template":"","format":"standard","meta":{"footnotes":""},"categories":[39,28],"tags":[3897,806,275,3896],"class_list":["post-23160","post","type-post","status-publish","format-standard","has-post-thumbnail","","category-muzik","category-pop","tag-george-shelley","tag-grup","tag-muzik-2","tag-union-j"],"_links":{"self":[{"href":"http:\/\/www.gzone.com.tr\/index.php\/wp-json\/wp\/v2\/posts\/23160","targetHints":{"allow":["GET"]}}],"collection":[{"href":"http:\/\/www.gzone.com.tr\/index.php\/wp-json\/wp\/v2\/posts"}],"about":[{"href":"http:\/\/www.gzone.com.tr\/index.php\/wp-json\/wp\/v2\/types\/post"}],"author":[{"embeddable":true,"href":"http:\/\/www.gzone.com.tr\/index.php\/wp-json\/wp\/v2\/users\/1"}],"replies":[{"embeddable":true,"href":"http:\/\/www.gzone.com.tr\/index.php\/wp-json\/wp\/v2\/comments?post=23160"}],"version-history":[{"count":0,"href":"http:\/\/www.gzone.com.tr\/index.php\/wp-json\/wp\/v2\/posts\/23160\/revisions"}],"wp:featuredmedia":[{"embeddable":true,"href":"http:\/\/www.gzone.com.tr\/index.php\/wp-json\/wp\/v2\/media\/23161"}],"wp:attachment":[{"href":"http:\/\/www.gzone.com.tr\/index.php\/wp-json\/wp\/v2\/media?parent=23160"}],"wp:term":[{"taxonomy":"category","embeddable":true,"href":"http:\/\/www.gzone.com.tr\/index.php\/wp-json\/wp\/v2\/categories?post=23160"},{"taxonomy":"post_tag","embeddable":true,"href":"http:\/\/www.gzone.com.tr\/index.php\/wp-json\/wp\/v2\/tags?post=23160"}],"curies":[{"name":"wp","href":"https:\/\/api.w.org\/{rel}","templated":true}]}}