{"id":22645,"date":"2016-02-22T23:18:06","date_gmt":"2016-02-22T21:18:06","guid":{"rendered":"http:\/\/gzone.com.tr\/?p=22645"},"modified":"2016-02-22T23:24:28","modified_gmt":"2016-02-22T21:24:28","slug":"koc-holding-yonetim-kurulu-baskani-omer-koc-oldu","status":"publish","type":"post","link":"http:\/\/www.gzone.com.tr\/index.php\/2016\/02\/22\/koc-holding-yonetim-kurulu-baskani-omer-koc-oldu\/","title":{"rendered":"KO\u00c7 HOLD\u0130NG Y\u00d6NET\u0130M KURULU BA\u015eKANI \u00d6MER KO\u00c7 OLDU"},"content":{"rendered":"<div class=\"news-detail-spot\">\n<p class=\"selectionShareable\"><strong>Ko\u00e7 Holding, y\u00f6netim kurulu ba\u015fkanl\u0131\u011f\u0131 g\u00f6revine \u00d6mer Ko\u00e7\u2019u se\u00e7ti. Ali Ko\u00e7 ise Y\u00f6netim Kurulu Ba\u015fkan Vekili olarak atand\u0131.<\/strong><\/p>\n<\/div>\n<div class=\"news-box\">\n<p class=\"selectionShareable\">\u015eirketten yap\u0131lan yaz\u0131l\u0131 a\u00e7\u0131klamaya g\u00f6re, Ko\u00e7 Holding Y\u00f6netim Kurulu taraf\u0131ndan \u00d6mer M. Ko\u00e7 Y\u00f6netim Kurulu Ba\u015fkan\u0131, Ali Y. Ko\u00e7 Y\u00f6netim Kurulu Ba\u015fkan Vekili olarak atand\u0131.\u00a0\u00d6mer Ko\u00e7&#8217;un genel kurul sonras\u0131nda da Y\u00f6netim Kurulu Ba\u015fkan\u0131 olarak g\u00f6revde kalmas\u0131 bekleniyor.<\/p>\n<p><strong><span style=\"color: #ff0000;\"><a style=\"color: #ff0000;\" href=\"http:\/\/gzone.com.tr\/galeri-koc-ailesinin-yakisikli-ve-gizemli-erkegi-omer-kocun-bilinmeyenleri\/\" target=\"_blank\">GALER\u0130: KO\u00c7 A\u0130LES\u0130N\u0130N YAKI\u015eIKLI VE G\u0130ZEML\u0130 ERKE\u011e\u0130 \u00d6MER KO\u00c7\u2019UN B\u0130L\u0130NMEYENLER\u0130 \u0130\u00c7\u0130N TIKLAYIN&#8230;<\/a><\/span><\/strong><\/div>\n<div class=\"news-box\"><\/div>\n<div class=\"news-box\"><span style=\"color: #000000;\"><strong>\u00d6MER KO\u00c7&#8217;TAN \u0130LK A\u00c7IKLAMA\u00a0<\/strong><br \/>\n2008 y\u0131l\u0131ndan bu yana Ko\u00e7 Holding Y\u00f6netim Kurulu Ba\u015fkan Vekilli\u011fi g\u00f6revini y\u00fcr\u00fcten ve T\u00fcrkiye\u2019nin en b\u00fcy\u00fck sanayi kurulu\u015fu T\u00fcpra\u015f\u2019\u0131n Y\u00f6netim Kurulu Ba\u015fkan\u0131 olarak g\u00f6rev yapan \u00d6mer M. Ko\u00e7 yapt\u0131\u011f\u0131 a\u00e7\u0131klamada, \u201cT\u00fcrkiye\u2019nin ekonomik ve sosyal kalk\u0131nmas\u0131nda bu denli \u00f6nemli bir paya sahip olan ve uluslararas\u0131 arenada \u00fclkemizi ba\u015far\u0131yla temsil eden bir Toplulu\u011fun ve ailenin mensubu olmaktan onur duyuyorum. Sevgili a\u011fabeyim ve Y\u00f6netim Kurulu Ba\u015fkan\u0131m\u0131z Mustafa V. Ko\u00e7\u2019u \u00e7ok erken ve zamans\u0131z kaybetmenin derin ac\u0131s\u0131n\u0131 i\u00e7imizde ta\u015f\u0131rken, kendisini bir kez daha rahmetle an\u0131yorum. Bizlere emanet etti\u011fi bayra\u011f\u0131 daha da ileriye ta\u015f\u0131may\u0131 hem bir sorumluluk hem de bir g\u00f6rev olarak g\u00f6r\u00fcyorum. \u00d6n\u00fcm\u00fczdeki d\u00f6nemde de Ko\u00e7 Toplulu\u011fu olarak, T\u00fcrkiye ekonomisinin lokomotifi olmay\u0131 s\u00fcrd\u00fcr\u00fcrken, k\u00fcresel arenada \u00fclkemizi yeni ba\u015far\u0131 hik\u00e2yeleri ile bulu\u015fturaca\u011f\u0131m\u0131za y\u00fcrekten inan\u0131yorum\u201d dedi.<\/span><\/div>\n","protected":false},"excerpt":{"rendered":"<p>Ko\u00e7 Holding, y\u00f6netim kurulu ba\u015fkanl\u0131\u011f\u0131 g\u00f6revine \u00d6mer Ko\u00e7\u2019u se\u00e7ti. Ali Ko\u00e7 ise Y\u00f6netim Kurulu Ba\u015fkan Vekili olarak atand\u0131. \u015eirketten yap\u0131lan yaz\u0131l\u0131 a\u00e7\u0131klamaya g\u00f6re, Ko\u00e7 Holding Y\u00f6netim Kurulu taraf\u0131ndan \u00d6mer M. Ko\u00e7 Y\u00f6netim Kurulu Ba\u015fkan\u0131, Ali Y. Ko\u00e7 Y\u00f6netim Kurulu Ba\u015fkan Vekili olarak atand\u0131.\u00a0\u00d6mer Ko\u00e7&#8217;un genel kurul sonras\u0131nda da Y\u00f6netim Kurulu Ba\u015fkan\u0131 olarak g\u00f6revde kalmas\u0131 bekleniyor. &hellip;<\/p>\n","protected":false},"author":1,"featured_media":22647,"comment_status":"closed","ping_status":"open","sticky":false,"template":"","format":"standard","meta":{"footnotes":""},"categories":[91,96],"tags":[112,3797,3524,529],"class_list":["post-22645","post","type-post","status-publish","format-standard","has-post-thumbnail","","category-haberler","category-turkiye","tag-haberler-2","tag-koc-holding","tag-omer-koc","tag-turkiye-2"],"_links":{"self":[{"href":"http:\/\/www.gzone.com.tr\/index.php\/wp-json\/wp\/v2\/posts\/22645","targetHints":{"allow":["GET"]}}],"collection":[{"href":"http:\/\/www.gzone.com.tr\/index.php\/wp-json\/wp\/v2\/posts"}],"about":[{"href":"http:\/\/www.gzone.com.tr\/index.php\/wp-json\/wp\/v2\/types\/post"}],"author":[{"embeddable":true,"href":"http:\/\/www.gzone.com.tr\/index.php\/wp-json\/wp\/v2\/users\/1"}],"replies":[{"embeddable":true,"href":"http:\/\/www.gzone.com.tr\/index.php\/wp-json\/wp\/v2\/comments?post=22645"}],"version-history":[{"count":0,"href":"http:\/\/www.gzone.com.tr\/index.php\/wp-json\/wp\/v2\/posts\/22645\/revisions"}],"wp:featuredmedia":[{"embeddable":true,"href":"http:\/\/www.gzone.com.tr\/index.php\/wp-json\/wp\/v2\/media\/22647"}],"wp:attachment":[{"href":"http:\/\/www.gzone.com.tr\/index.php\/wp-json\/wp\/v2\/media?parent=22645"}],"wp:term":[{"taxonomy":"category","embeddable":true,"href":"http:\/\/www.gzone.com.tr\/index.php\/wp-json\/wp\/v2\/categories?post=22645"},{"taxonomy":"post_tag","embeddable":true,"href":"http:\/\/www.gzone.com.tr\/index.php\/wp-json\/wp\/v2\/tags?post=22645"}],"curies":[{"name":"wp","href":"https:\/\/api.w.org\/{rel}","templated":true}]}}