{"id":22523,"date":"2016-02-19T16:35:39","date_gmt":"2016-02-19T14:35:39","guid":{"rendered":"http:\/\/gzone.com.tr\/?p=22523"},"modified":"2016-02-19T16:35:39","modified_gmt":"2016-02-19T14:35:39","slug":"izle-new-york-moda-haftasi-podyumunda-lady-gaga-ruzgari","status":"publish","type":"post","link":"http:\/\/www.gzone.com.tr\/index.php\/2016\/02\/19\/izle-new-york-moda-haftasi-podyumunda-lady-gaga-ruzgari\/","title":{"rendered":"\u0130ZLE: NEW YORK MODA HAFTASI PODYUMUNDA LADY GAGA R\u00dcZGARI!"},"content":{"rendered":"<p><strong>New York Moda Haftas\u0131 kapsam\u0131nda, Marc Jacobs defilesi i\u00e7in Lady Gaga bir s\u00fcrpriz yaparak podyumda y\u00fcr\u00fcd\u00fc.<\/strong><\/p>\n<p>Grammy&#8217;lerde yapt\u0131\u011f\u0131 muhte\u015fem David Bowie performans\u0131ndan g\u00fcnler sonra, Lady Gaga \u015fimdi de, Mac Jacobs i\u00e7in New York Moda Haftas\u0131&#8217;nda podyuma \u00e7\u0131kmas\u0131yla konu\u015fuluyor.<\/p>\n<p>Podyuma \u00e7\u0131karak hayranlar\u0131na s\u00fcrpriz yapan Lady Gaga, defile sonras\u0131nda bas\u0131n toplant\u0131s\u0131nda, gen\u00e7lik y\u0131llar\u0131ndan beri hayran\u0131 oldu\u011fu moda tasar\u0131mc\u0131s\u0131 Marc Jacobs&#8217;a, ona podyumunda yer verdi\u011fi i\u00e7in te\u015fekk\u00fcr etti.<\/p>\n<p>&nbsp;<\/p>\n<blockquote class=\"instagram-media\" style=\"background: #FFF; border: 0; border-radius: 3px; box-shadow: 0 0 1px 0 rgba(0,0,0,0.5),0 1px 10px 0 rgba(0,0,0,0.15); margin: 1px; max-width: 658px; padding: 0; width: calc(100% - 2px);\" data-instgrm-captioned=\"\" data-instgrm-version=\"6\">\n<div style=\"padding: 8px;\">\n<div style=\"background: #F8F8F8; line-height: 0; margin-top: 40px; padding: 33.3583208396% 0; text-align: center; width: 100%;\"><\/div>\n<p style=\"margin: 8px 0 0 0; padding: 0 4px;\"><a style=\"color: #000; font-family: Arial,sans-serif; font-size: 14px; font-style: normal; font-weight: normal; line-height: 17px; text-decoration: none; word-wrap: break-word;\" href=\"https:\/\/www.instagram.com\/p\/BB8sZPsJFDt\/\" target=\"_blank\">@marcjacobs @themarcjacobs ?<\/a><\/p>\n<p style=\"color: #c9c8cd; font-family: Arial,sans-serif; font-size: 14px; line-height: 17px; margin-bottom: 0; margin-top: 8px; overflow: hidden; padding: 8px 0 7px; text-align: center; text-overflow: ellipsis; white-space: nowrap;\">A photo posted by Lady Gaga (@ladygaga) on <time style=\"font-family: Arial,sans-serif; font-size: 14px; line-height: 17px;\" datetime=\"2016-02-19T00:50:00+00:00\">Feb 18, 2016 at 4:50pm PST<\/time><\/p>\n<\/div>\n<\/blockquote>\n<p><script src=\"\/\/platform.instagram.com\/en_US\/embeds.js\" async=\"\" defer=\"defer\"><\/script><\/p>\n<p><strong>\u0130\u015fte Lady Gaga&#8217;n\u0131n Marc Jacobs defilesindeki performans\u0131:<\/strong><\/p>\n<p><a href=\"https:\/\/www.youtube.com\/watch?v=ATiYm-mtJuE\">https:\/\/www.youtube.com\/watch?v=ATiYm-mtJuE<\/a><\/p>\n<p>&nbsp;<\/p>\n","protected":false},"excerpt":{"rendered":"<p>New York Moda Haftas\u0131 kapsam\u0131nda, Marc Jacobs defilesi i\u00e7in Lady Gaga bir s\u00fcrpriz yaparak podyumda y\u00fcr\u00fcd\u00fc. Grammy&#8217;lerde yapt\u0131\u011f\u0131 muhte\u015fem David Bowie performans\u0131ndan g\u00fcnler sonra, Lady Gaga \u015fimdi de, Mac Jacobs i\u00e7in New York Moda Haftas\u0131&#8217;nda podyuma \u00e7\u0131kmas\u0131yla konu\u015fuluyor. Podyuma \u00e7\u0131karak hayranlar\u0131na s\u00fcrpriz yapan Lady Gaga, defile sonras\u0131nda bas\u0131n toplant\u0131s\u0131nda, gen\u00e7lik y\u0131llar\u0131ndan beri hayran\u0131 oldu\u011fu moda &hellip;<\/p>\n","protected":false},"author":1,"featured_media":22524,"comment_status":"closed","ping_status":"open","sticky":false,"template":"","format":"standard","meta":{"footnotes":""},"categories":[70,74],"tags":[189,657,3727,384],"class_list":["post-22523","post","type-post","status-publish","format-standard","has-post-thumbnail","","category-moda","category-modahaberleri","tag-lady-gaga","tag-marc-jacobs","tag-new-york-moda-haftasi","tag-nyfw"],"_links":{"self":[{"href":"http:\/\/www.gzone.com.tr\/index.php\/wp-json\/wp\/v2\/posts\/22523","targetHints":{"allow":["GET"]}}],"collection":[{"href":"http:\/\/www.gzone.com.tr\/index.php\/wp-json\/wp\/v2\/posts"}],"about":[{"href":"http:\/\/www.gzone.com.tr\/index.php\/wp-json\/wp\/v2\/types\/post"}],"author":[{"embeddable":true,"href":"http:\/\/www.gzone.com.tr\/index.php\/wp-json\/wp\/v2\/users\/1"}],"replies":[{"embeddable":true,"href":"http:\/\/www.gzone.com.tr\/index.php\/wp-json\/wp\/v2\/comments?post=22523"}],"version-history":[{"count":0,"href":"http:\/\/www.gzone.com.tr\/index.php\/wp-json\/wp\/v2\/posts\/22523\/revisions"}],"wp:featuredmedia":[{"embeddable":true,"href":"http:\/\/www.gzone.com.tr\/index.php\/wp-json\/wp\/v2\/media\/22524"}],"wp:attachment":[{"href":"http:\/\/www.gzone.com.tr\/index.php\/wp-json\/wp\/v2\/media?parent=22523"}],"wp:term":[{"taxonomy":"category","embeddable":true,"href":"http:\/\/www.gzone.com.tr\/index.php\/wp-json\/wp\/v2\/categories?post=22523"},{"taxonomy":"post_tag","embeddable":true,"href":"http:\/\/www.gzone.com.tr\/index.php\/wp-json\/wp\/v2\/tags?post=22523"}],"curies":[{"name":"wp","href":"https:\/\/api.w.org\/{rel}","templated":true}]}}