{"id":22375,"date":"2016-02-16T14:52:10","date_gmt":"2016-02-16T12:52:10","guid":{"rendered":"http:\/\/gzone.com.tr\/?p=22375"},"modified":"2016-02-16T14:52:30","modified_gmt":"2016-02-16T12:52:30","slug":"giybete-gel-papanin-yasak-aski-mi-varmis","status":"publish","type":"post","link":"http:\/\/www.gzone.com.tr\/index.php\/2016\/02\/16\/giybete-gel-papanin-yasak-aski-mi-varmis\/","title":{"rendered":"GIYBETE GEL! PAPA&#8217;NIN YASAK A\u015eKI MI VARMI\u015e?"},"content":{"rendered":"<p><strong>Vatikan&#8217;\u0131n 2014 y\u0131l\u0131nda aziz ilan etti\u011fi Papa 2. John Paul&#8217;\u0131n 30 y\u0131ldan fazla evli bir kad\u0131nla &#8220;gizli a\u015fk&#8221; ya\u015fad\u0131\u011f\u0131 ileri s\u00fcr\u00fcld\u00fc.<\/strong><\/p>\n<p>\u0130ngiliz yay\u0131n kurulu\u015fu BBC, muhafazakar kimli\u011fiyle bilinen Papa 2. John Paul ile Polonya as\u0131ll\u0131 Amerikan felsefeci Anne-Teresa Tymieniecka&#8217;n\u0131n 30 y\u0131ldan fazla &#8220;gizli a\u015fk&#8221; ya\u015fad\u0131\u011f\u0131n\u0131 ileri s\u00fcrd\u00fc. Amerikan felsefeci Tymieniecka&#8217;n\u0131n 1973 y\u0131l\u0131nda Polonya&#8217;n\u0131n \u00fc\u00e7\u00fcnc\u00fc b\u00fcy\u00fck \u015fehri Krakow&#8217;un o d\u00f6nem kardinalli\u011fini yapan Karol Wojtyla (Papa 2. John Paul) ile yazd\u0131\u011f\u0131 bir kitap nedeniyle ileti\u015fim kurdu\u011fu belirtildi. BBC iddias\u0131n\u0131 Polonya Ulusal K\u00fct\u00fcphanesi&#8217;nde yer alan y\u00fczlerce mektup ve foto\u011fraflara dayand\u0131rd\u0131. Papa 2. John Paul ve Anne-Teresa Tymieniecka&#8217;ya ait oldu\u011fu iddia edilen mektuplar ve foto\u011fraflar, ikili aras\u0131nda 30 y\u0131ldan fazla s\u00fcren bir &#8220;yak\u0131nla\u015fma&#8221; oldu\u011funu ortaya koyuyor.<\/p>\n<p><strong>C\u0130NSEL \u0130L\u0130\u015eK\u0130DEN UZAK DURMA YEM\u0130N\u0130N\u0130 BOZMADI<\/strong><\/p>\n<p>Papa 2. John Paul bir mektubunda, evli Anne-Teresa Tymieniecka&#8217;y\u0131 &#8220;Tanr\u0131&#8217;n\u0131n bir hediyesi&#8221; olarak tan\u0131ml\u0131yor. Tan\u0131\u015ft\u0131klar\u0131nda 50 ya\u015f\u0131nda oldu\u011fu belirtilen Anne-Teresa Tymieniecka&#8217;n\u0131n Papa&#8217;ya daha b\u00fcy\u00fck bir &#8220;gizli a\u015fk&#8221;la ba\u011fl\u0131 oldu\u011fu iddia edildi. 30 y\u0131ldan fazla s\u00fcren ili\u015fkide, Papa 2. John Paul&#8217;un &#8220;dini nedenlerle cinsel ili\u015fkiden uzak durma&#8221; yeminini bozmad\u0131\u011f\u0131 belirtildi.<\/p>\n<p>BBC belgeselinde yay\u0131nlanan bir foto\u011frafta ise, Papa ve Anne-Teresa Tymieniecka kamp alan\u0131nda bir \u00e7ad\u0131r\u0131n \u00f6n\u00fcnde birlikte g\u00f6r\u00fcl\u00fcyor. 1978 y\u0131l\u0131na ait oldu\u011fu iddia edilen foto\u011frafta, y\u0131llar sonra &#8220;Papa&#8221; se\u00e7ilecek olan Karol Wojtyla beyaz bir ti\u015f\u00f6rt ve \u015fortla g\u00f6r\u00fcl\u00fcyor. Karol Wojtyla, &#8220;Papa&#8221; se\u00e7ildikten sonra Tymieniecka&#8217;ya yazd\u0131\u011f\u0131 bir mektupta ili\u015fkilerinin devam edece\u011fini belirtiyor ve ya\u015fad\u0131klar\u0131n\u0131 unutmama s\u00f6z\u00fc veriyor. BBC&#8217;nin yay\u0131nlad\u0131\u011f\u0131 foto\u011fraflardan birinde de, Karol Wojtyla&#8217;n\u0131n &#8220;Papa&#8221; se\u00e7ilerek Papa 2. John Paul unvan\u0131n\u0131 ald\u0131ktan sonra Amerikan felsefeci Anne-Teresa Tymieniecka taraf\u0131ndan Vatikan&#8217;da ziyaret edildi\u011fini ortaya koyuyor.<\/p>\n<p><strong>ULUSAL K\u00dcT\u00dcPHANEDEN YALANLAMA<\/strong><\/p>\n<p>Papa 2. John Paul ile Anne-Teresa Tymieniecka&#8217;n\u0131n &#8220;gizli a\u015fk&#8221; ya\u015fad\u0131\u011f\u0131 iddialar\u0131 Polonya Ulusal K\u00fct\u00fcphanesi taraf\u0131ndan ise yalanland\u0131. A\u00e7\u0131klamada, Papa 2. John Paul&#8217;un ba\u015fka kad\u0131nlarla da on y\u0131llar s\u00fcren mektup arkada\u015fl\u0131klar\u0131 oldu\u011fu belirtildi. BBC&#8217;nin belgeselinde Amerikan felsefeci Anne-Teresa Tymieniecka&#8217;n\u0131n Papa&#8217;ya yazd\u0131\u011f\u0131 mektuplar\u0131n i\u00e7eri\u011fine ise yer verilmiyor. Tymieniecka&#8217;n\u0131n da s\u00f6z konusu mektuplar\u0131 Polonya Ulusal K\u00fct\u00fcphanesi&#8217;ne \u00f6l\u00fcm\u00fcnden 6 y\u0131l \u00f6nce verdi\u011fi iddia edildi. Papa 2.John Paul, Vatikan&#8217;da 27 y\u0131l g\u00f6revde kald\u0131ktan sonra 2005 y\u0131l\u0131nda ya\u015fam\u0131n\u0131 yitirdi. Papa \u00f6l\u00fcm\u00fcnden 9 y\u0131l sonra 2014&#8217;te Vatikan&#8217;da d\u00fczenlenen muhte\u015fem bir t\u00f6renle aziz ilan edildi. T\u00f6rene 24 devlet ba\u015fkan\u0131 ve kraliyet ailesi temsilcisi, 10 ba\u015fbakan, 40 bakan ve bakan yard\u0131mc\u0131s\u0131 olmak \u00fczere toplam 122 yabanc\u0131 siyaset\u00e7i kat\u0131ld\u0131.<\/p>\n<p>Mehmet Ali A\u011fca&#8217;n\u0131n 1981&#8217;de suikast ile \u00f6ld\u00fcrmek istedi\u011fi Papa 2. John Paul i\u00e7in \u00f6l\u00fcm\u00fcnden sonra 5 y\u0131l ge\u00e7mesi beklenmeden azizlik s\u00fcreci ba\u015flat\u0131ld\u0131. Suikast gi\u015fiminden kurtulan ve 2005&#8217;te \u00f6len 2. John Paul\u2019\u00fcn bir Frans\u0131z rahibeyi Parkinson\u2019dan ve Kosta Rikal\u0131 bir kad\u0131n\u0131 \u00f6l\u00fcmc\u00fcl bir beyin hastal\u0131\u011f\u0131ndan kurtard\u0131\u011f\u0131na inan\u0131l\u0131yor.<\/p>\n<p>Kaynak: Radikal<\/p>\n","protected":false},"excerpt":{"rendered":"<p>Vatikan&#8217;\u0131n 2014 y\u0131l\u0131nda aziz ilan etti\u011fi Papa 2. John Paul&#8217;\u0131n 30 y\u0131ldan fazla evli bir kad\u0131nla &#8220;gizli a\u015fk&#8221; ya\u015fad\u0131\u011f\u0131 ileri s\u00fcr\u00fcld\u00fc. \u0130ngiliz yay\u0131n kurulu\u015fu BBC, muhafazakar kimli\u011fiyle bilinen Papa 2. John Paul ile Polonya as\u0131ll\u0131 Amerikan felsefeci Anne-Teresa Tymieniecka&#8217;n\u0131n 30 y\u0131ldan fazla &#8220;gizli a\u015fk&#8221; ya\u015fad\u0131\u011f\u0131n\u0131 ileri s\u00fcrd\u00fc. Amerikan felsefeci Tymieniecka&#8217;n\u0131n 1973 y\u0131l\u0131nda Polonya&#8217;n\u0131n \u00fc\u00e7\u00fcnc\u00fc b\u00fcy\u00fck &hellip;<\/p>\n","protected":false},"author":1,"featured_media":22376,"comment_status":"closed","ping_status":"open","sticky":false,"template":"","format":"standard","meta":{"footnotes":""},"categories":[92,91],"tags":[113,112,1325,746],"class_list":["post-22375","post","type-post","status-publish","format-standard","has-post-thumbnail","","category-dunya","category-haberler","tag-dunya-2","tag-haberler-2","tag-papa","tag-vatikan"],"_links":{"self":[{"href":"http:\/\/www.gzone.com.tr\/index.php\/wp-json\/wp\/v2\/posts\/22375","targetHints":{"allow":["GET"]}}],"collection":[{"href":"http:\/\/www.gzone.com.tr\/index.php\/wp-json\/wp\/v2\/posts"}],"about":[{"href":"http:\/\/www.gzone.com.tr\/index.php\/wp-json\/wp\/v2\/types\/post"}],"author":[{"embeddable":true,"href":"http:\/\/www.gzone.com.tr\/index.php\/wp-json\/wp\/v2\/users\/1"}],"replies":[{"embeddable":true,"href":"http:\/\/www.gzone.com.tr\/index.php\/wp-json\/wp\/v2\/comments?post=22375"}],"version-history":[{"count":0,"href":"http:\/\/www.gzone.com.tr\/index.php\/wp-json\/wp\/v2\/posts\/22375\/revisions"}],"wp:featuredmedia":[{"embeddable":true,"href":"http:\/\/www.gzone.com.tr\/index.php\/wp-json\/wp\/v2\/media\/22376"}],"wp:attachment":[{"href":"http:\/\/www.gzone.com.tr\/index.php\/wp-json\/wp\/v2\/media?parent=22375"}],"wp:term":[{"taxonomy":"category","embeddable":true,"href":"http:\/\/www.gzone.com.tr\/index.php\/wp-json\/wp\/v2\/categories?post=22375"},{"taxonomy":"post_tag","embeddable":true,"href":"http:\/\/www.gzone.com.tr\/index.php\/wp-json\/wp\/v2\/tags?post=22375"}],"curies":[{"name":"wp","href":"https:\/\/api.w.org\/{rel}","templated":true}]}}