{"id":22220,"date":"2016-02-13T09:44:16","date_gmt":"2016-02-13T07:44:16","guid":{"rendered":"http:\/\/gzone.com.tr\/?p=22220"},"modified":"2016-02-13T09:44:16","modified_gmt":"2016-02-13T07:44:16","slug":"adele-annie-leibovitz-fotografiyla-vogueun-kapaginda","status":"publish","type":"post","link":"http:\/\/www.gzone.com.tr\/index.php\/2016\/02\/13\/adele-annie-leibovitz-fotografiyla-vogueun-kapaginda\/","title":{"rendered":"ADELE, ANNIE LEIBOVITZ FOTO\u011eRAFIYLA VOGUE&#8217;UN KAPA\u011eINDA"},"content":{"rendered":"<p>Son alb\u00fcm\u00fc &#8220;25&#8221; ile ad\u0131n\u0131 m\u00fczik tarihine alt\u0131n harflerle yazd\u0131ran\u00a0Adele, \u00fcnl\u00fc foto\u011fraf\u00e7\u0131 Annie Leibovitz&#8217;in objektifinden yans\u0131yan foto\u011fraflarla Amerikan Vogue dergisine kapak oldu.<\/p>\n<p>R\u00f6portajda 25 ya\u015f\u0131n\u0131n deli\u015fmenli\u011fi ile anneli\u011fi ve \u015f\u00f6hreti nas\u0131l dengeledi\u011finden bahseden Adele ayr\u0131ca Lana Del Rey ve &#8220;Carol&#8221; filmine olan sevgisinden de bahsetti.<\/p>\n<p>29 \u015eubat&#8217;ta Avrupa turnesine ba\u015flayacak olan Adele, \u00f6n\u00fcm\u00fczdeki pazar Grammy \u00f6ncesi bir konser verecek.<\/p>\n<p><img loading=\"lazy\" decoding=\"async\" class=\"alignnone\" src=\"http:\/\/s21.postimg.org\/6tn1eeu2v\/adele_vogue_cover_march_2016_620_0.jpg\" alt=\"\" width=\"534\" height=\"750\" \/><\/p>\n","protected":false},"excerpt":{"rendered":"<p>Son alb\u00fcm\u00fc &#8220;25&#8221; ile ad\u0131n\u0131 m\u00fczik tarihine alt\u0131n harflerle yazd\u0131ran\u00a0Adele, \u00fcnl\u00fc foto\u011fraf\u00e7\u0131 Annie Leibovitz&#8217;in objektifinden yans\u0131yan foto\u011fraflarla Amerikan Vogue dergisine kapak oldu. R\u00f6portajda 25 ya\u015f\u0131n\u0131n deli\u015fmenli\u011fi ile anneli\u011fi ve \u015f\u00f6hreti nas\u0131l dengeledi\u011finden bahseden Adele ayr\u0131ca Lana Del Rey ve &#8220;Carol&#8221; filmine olan sevgisinden de bahsetti. 29 \u015eubat&#8217;ta Avrupa turnesine ba\u015flayacak olan Adele, \u00f6n\u00fcm\u00fczdeki pazar Grammy &hellip;<\/p>\n","protected":false},"author":1,"featured_media":22222,"comment_status":"closed","ping_status":"open","sticky":false,"template":"","format":"standard","meta":{"footnotes":""},"categories":[39,28],"tags":[584,3100,275],"class_list":["post-22220","post","type-post","status-publish","format-standard","has-post-thumbnail","","category-muzik","category-pop","tag-adele","tag-hello","tag-muzik-2"],"_links":{"self":[{"href":"http:\/\/www.gzone.com.tr\/index.php\/wp-json\/wp\/v2\/posts\/22220","targetHints":{"allow":["GET"]}}],"collection":[{"href":"http:\/\/www.gzone.com.tr\/index.php\/wp-json\/wp\/v2\/posts"}],"about":[{"href":"http:\/\/www.gzone.com.tr\/index.php\/wp-json\/wp\/v2\/types\/post"}],"author":[{"embeddable":true,"href":"http:\/\/www.gzone.com.tr\/index.php\/wp-json\/wp\/v2\/users\/1"}],"replies":[{"embeddable":true,"href":"http:\/\/www.gzone.com.tr\/index.php\/wp-json\/wp\/v2\/comments?post=22220"}],"version-history":[{"count":0,"href":"http:\/\/www.gzone.com.tr\/index.php\/wp-json\/wp\/v2\/posts\/22220\/revisions"}],"wp:featuredmedia":[{"embeddable":true,"href":"http:\/\/www.gzone.com.tr\/index.php\/wp-json\/wp\/v2\/media\/22222"}],"wp:attachment":[{"href":"http:\/\/www.gzone.com.tr\/index.php\/wp-json\/wp\/v2\/media?parent=22220"}],"wp:term":[{"taxonomy":"category","embeddable":true,"href":"http:\/\/www.gzone.com.tr\/index.php\/wp-json\/wp\/v2\/categories?post=22220"},{"taxonomy":"post_tag","embeddable":true,"href":"http:\/\/www.gzone.com.tr\/index.php\/wp-json\/wp\/v2\/tags?post=22220"}],"curies":[{"name":"wp","href":"https:\/\/api.w.org\/{rel}","templated":true}]}}