{"id":21827,"date":"2016-02-04T12:00:15","date_gmt":"2016-02-04T10:00:15","guid":{"rendered":"http:\/\/gzone.com.tr\/?p=21827"},"modified":"2016-02-04T12:00:15","modified_gmt":"2016-02-04T10:00:15","slug":"karsinizda-tarihin-ilk-basortulu-balerini","status":"publish","type":"post","link":"http:\/\/www.gzone.com.tr\/index.php\/2016\/02\/04\/karsinizda-tarihin-ilk-basortulu-balerini\/","title":{"rendered":"KAR\u015eINIZDA TAR\u0130H\u0130N \u0130LK BA\u015e\u00d6RT\u00dcL\u00dc BALER\u0130N\u0130"},"content":{"rendered":"<p><strong>Avustralya&#8217;da ya\u015fayan 14 ya\u015f\u0131ndaki Stephanie Kurlow, d\u00fcnyan\u0131n ilk ba\u015f\u00f6rt\u00fcl\u00fc profesyonel balerini olmay\u0131 hedefliyor.<\/strong><\/p>\n<p>Baleye k\u00fc\u00e7\u00fck ya\u015fta ba\u015flayan ancak ailesinin 2010 y\u0131l\u0131nda \u0130slam\u2019\u0131 se\u00e7mesinin ard\u0131ndan dans etmeye ara veren Avustralyal\u0131 Stephanie Kurlow, dini inanc\u0131n\u0131n bale yapmas\u0131na engel olmad\u0131\u011f\u0131n\u0131 g\u00f6stermeyi ama\u00e7l\u0131yor.<\/p>\n<p>\u201c\u0130nan\u00e7lar\u0131, \u0131rklar\u0131 ya da renkleri ne olursa olsun herkesin bir arada uyum i\u00e7inde ya\u015fayaca\u011f\u0131 bir d\u00fcnyan\u0131n var oldu\u011fu konusunda insanlar\u0131 cesaretlendirmek istiyorum\u201d diyen gen\u00e7 k\u0131z, profesyonel bir balerin olduktan sonra bir de dans okulu a\u00e7may\u0131 hayal ediyor.<\/p>\n<p>Kurlow, kendisine bu konuda maddi destek sa\u011flamak isteyenler i\u00e7in bir de online kampanya ba\u015flatt\u0131.<\/p>\n<p><em>Kaynak: Habert\u00fcrk<\/em><\/p>\n","protected":false},"excerpt":{"rendered":"<p>Avustralya&#8217;da ya\u015fayan 14 ya\u015f\u0131ndaki Stephanie Kurlow, d\u00fcnyan\u0131n ilk ba\u015f\u00f6rt\u00fcl\u00fc profesyonel balerini olmay\u0131 hedefliyor. Baleye k\u00fc\u00e7\u00fck ya\u015fta ba\u015flayan ancak ailesinin 2010 y\u0131l\u0131nda \u0130slam\u2019\u0131 se\u00e7mesinin ard\u0131ndan dans etmeye ara veren Avustralyal\u0131 Stephanie Kurlow, dini inanc\u0131n\u0131n bale yapmas\u0131na engel olmad\u0131\u011f\u0131n\u0131 g\u00f6stermeyi ama\u00e7l\u0131yor. \u201c\u0130nan\u00e7lar\u0131, \u0131rklar\u0131 ya da renkleri ne olursa olsun herkesin bir arada uyum i\u00e7inde ya\u015fayaca\u011f\u0131 bir d\u00fcnyan\u0131n &hellip;<\/p>\n","protected":false},"author":1,"featured_media":21828,"comment_status":"closed","ping_status":"open","sticky":false,"template":"","format":"standard","meta":{"footnotes":""},"categories":[40,28],"tags":[3250,1338,415,391],"class_list":["post-21827","post","type-post","status-publish","format-standard","has-post-thumbnail","","category-kitap","category-pop","tag-bale","tag-dans","tag-pop-2","tag-sanat"],"_links":{"self":[{"href":"http:\/\/www.gzone.com.tr\/index.php\/wp-json\/wp\/v2\/posts\/21827","targetHints":{"allow":["GET"]}}],"collection":[{"href":"http:\/\/www.gzone.com.tr\/index.php\/wp-json\/wp\/v2\/posts"}],"about":[{"href":"http:\/\/www.gzone.com.tr\/index.php\/wp-json\/wp\/v2\/types\/post"}],"author":[{"embeddable":true,"href":"http:\/\/www.gzone.com.tr\/index.php\/wp-json\/wp\/v2\/users\/1"}],"replies":[{"embeddable":true,"href":"http:\/\/www.gzone.com.tr\/index.php\/wp-json\/wp\/v2\/comments?post=21827"}],"version-history":[{"count":0,"href":"http:\/\/www.gzone.com.tr\/index.php\/wp-json\/wp\/v2\/posts\/21827\/revisions"}],"wp:featuredmedia":[{"embeddable":true,"href":"http:\/\/www.gzone.com.tr\/index.php\/wp-json\/wp\/v2\/media\/21828"}],"wp:attachment":[{"href":"http:\/\/www.gzone.com.tr\/index.php\/wp-json\/wp\/v2\/media?parent=21827"}],"wp:term":[{"taxonomy":"category","embeddable":true,"href":"http:\/\/www.gzone.com.tr\/index.php\/wp-json\/wp\/v2\/categories?post=21827"},{"taxonomy":"post_tag","embeddable":true,"href":"http:\/\/www.gzone.com.tr\/index.php\/wp-json\/wp\/v2\/tags?post=21827"}],"curies":[{"name":"wp","href":"https:\/\/api.w.org\/{rel}","templated":true}]}}