{"id":21684,"date":"2016-01-31T09:32:15","date_gmt":"2016-01-31T07:32:15","guid":{"rendered":"http:\/\/gzone.com.tr\/?p=21684"},"modified":"2016-01-31T09:32:15","modified_gmt":"2016-01-31T07:32:15","slug":"efe-bal-rahibe-kiyafetiyle-homofobikleri-protesto-etmek-istedi-ama","status":"publish","type":"post","link":"http:\/\/www.gzone.com.tr\/index.php\/2016\/01\/31\/efe-bal-rahibe-kiyafetiyle-homofobikleri-protesto-etmek-istedi-ama\/","title":{"rendered":"EFE BAL RAH\u0130BE KIYAFET\u0130YLE HOMOFOB\u0130KLER\u0130 PROTESTO ETMEK \u0130STED\u0130 AMA&#8230;"},"content":{"rendered":"<div class=\"spot\"><b><i>\u0130talya\u2019da meclise sunulan ve e\u015fcinsellere baz\u0131 haklar tan\u0131yan yasay\u0131 protesto etmek i\u00e7in y\u00fcz binlerce ki\u015finin kat\u0131l\u0131m\u0131yla bir miting d\u00fczenlendi. Yasan\u0131n \u00e7\u0131kmas\u0131n\u0131 savunan ve rahibe k\u0131yafetiyle meydandakileri protesto etmek isteyen \u0130talya\u2019n\u0131n \u00fcnl\u00fc trans kad\u0131n\u0131\u00a0Efe Bal, miting alan\u0131na girmesinin engellendi\u011fini s\u00f6yledi.<\/i><\/b><\/div>\n<div class=\"icerikyazi\">\nAvrupa Birli\u011fi (AB) \u00fclkeleri aras\u0131nda e\u015fcinsellere y\u00f6nelik herhangi bir yasal d\u00fczenlemesi olmayan tek \u00fclke olan \u0130talya\u2019da \u201cCirinna Yasas\u0131\u201d ya da \u201cUnioni Civili (Medeni Birliktelikler)\u201d olarak an\u0131lan yasa tasar\u0131s\u0131, b\u00fcy\u00fck tart\u0131\u015fmalar\u0131n g\u00f6lgesinde \u00f6n\u00fcm\u00fczdeki hafta parlamentoda oylanacak.<\/div>\n<div class=\"icerikyazi\">\nAd\u0131n\u0131, yasan\u0131n mimar\u0131 olan, koalisyon h\u00fck\u00fcmetinin \u00e7at\u0131 partisi demokrat Parti (PD) \u00fcyesi Senat\u00f6r Monica Cirinna\u2019dan tasar\u0131, yasal olarak evlenmeleri m\u00fcmk\u00fcn olmayan e\u015fcinsel \u00e7iftlerin, evli heteroseks\u00fcel \u00e7iftlerle ayn\u0131 sosyal haklara sahip olmas\u0131, e\u015fcinsel \u00e7iftlere \u00f6nceki birlikteliklerden olan \u00e7ocuklar\u0131n\u0131 evlat edinme ve baz\u0131 sosyal haklar\u0131 kaps\u0131yor.<\/p>\n<p>Ge\u00e7en hafta yasan\u0131n destek\u00e7ilerinin sevin\u00e7lerini dile getirmek ad\u0131na \u0130talya genelinde meydanlara inmesinin ard\u0131ndan, \u015fimdi de bunun kar\u015f\u0131tlar\u0131 Roma\u2019daki tarihi hipodrom alan\u0131 Circo Massimo\u2019da devasa bir miting d\u00fczenledi.<\/p>\n<p>\u0130talya\u2019n\u0131n bir\u00e7ok \u015fehrinden gelen y\u00fcz binlerce ki\u015finin kat\u0131ld\u0131\u011f\u0131 ve Katolik Kilisesi\u2019nin de destekledi\u011fi \u201cAile G\u00fcn\u00fc (Family Day)\u201d ad\u0131 alt\u0131nda d\u00fczenlenen etkinlikte, \u201cCirinna yasas\u0131na hay\u0131r\u201d, \u201c\u0130talya Hristiyan bir \u00fclkedir, e\u015fcinsellere haklar verilemez\u201d ve \u201c\u00c7ocuklar\u0131m\u0131z\u0131 koruyal\u0131m\u201d yaz\u0131l\u0131 d\u00f6vizler ta\u015f\u0131nd\u0131.<\/p>\n<p><strong>\u201cRAH\u0130BE KIYAFET\u0130YLE G\u0130REMEZS\u0130N\u0130Z\u201d<\/strong><br \/>\nYakla\u015f\u0131k 17 y\u0131ld\u0131r ya\u015fam\u0131n\u0131 \u0130talya\u2019n\u0131n Milano kentinde s\u00fcrd\u00fcren \u00fclkenin en \u00fcnl\u00fc trans kad\u0131n\u0131\u00a0Efe Bal da ba\u015fkent Roma\u2019ya gelerek, miting alan\u0131nda kar\u015f\u0131t bir protesto d\u00fczenlemek istedi.<\/p>\n<p>Rahibe k\u0131yafeti giyen ve meydanda yar\u0131 \u00e7\u0131plak kalacak \u015fekilde soyunaca\u011f\u0131n\u0131 s\u00f6yleyen Efe Bal, miting alan\u0131na girenleri kontrol eden g\u00fcvenlik g\u00fc\u00e7lerince oradan uzakla\u015ft\u0131r\u0131ld\u0131.<\/p><\/div>\n<div class=\"icerikyazi\">\nUzun s\u00fcredir, hayat kad\u0131nlar\u0131n\u0131n vergi m\u00fckellefi olarak kabul edilmesi i\u00e7in m\u00fccadele veren Efe Bal, DHA\u2019ya yapt\u0131\u011f\u0131 a\u00e7\u0131klamada, \u201cEvet rahibe k\u0131yafetiyle biraz provokatif duruyordum, ama bar\u0131\u015f\u00e7\u0131l bir amac\u0131m vard\u0131. Ben ne bir evlat edinece\u011fim ne de ba\u015fka bir \u015fey yapaca\u011f\u0131m. Sadece cesaretimi toplayarak bu yasan\u0131n \u00e7\u0131kmas\u0131n\u0131 istedi\u011fimi, ses getirecek bir eylemle ger\u00e7ekle\u015ftirmeyi denedim. 30 y\u0131ld\u0131r haklar\u0131n\u0131 isteyenlere destek olmak i\u00e7in buraya geldim\u201d diye konu\u015ftu.<\/p>\n<p>Ancak polislerin kendisine kibar bir \u015fekilde oradan uzakla\u015fmas\u0131n\u0131 s\u00f6yledi\u011fini belirten Efe Bal, \u201cRahibe k\u0131yafetini \u00e7\u0131kartarak alana girebilece\u011fimi s\u00f6ylediler. Ben de kimseyi rahats\u0131z etmemek i\u00e7in oradan ayr\u0131ld\u0131m\u201d dedi.<br \/>\n\u0130statistiklere g\u00f6re \u0130talya\u2019da her y\u0131l 9 milyon erke\u011fin hayat kad\u0131nlar\u0131yla para kar\u015f\u0131l\u0131\u011f\u0131 birlikte oldu\u011funu s\u00f6yleyen Efe Bal, \u201cBu nedenle sayg\u0131 duymakla birlikte b\u00f6yle bir mitinge anlam veremiyorum. Nitekim ailenin, bir kad\u0131n, bir erkek ve \u00e7ocuklardan olu\u015fmas\u0131 gerekti\u011fini savunanlar b\u00f6yle ya\u015fam\u0131yorlar. Katolik Kilisesi\u2019nde her ay bir pedofili rahip skandal\u0131 patlak verirken, kimse meydanlara inip bunu protesto etmiyor\u201d ifadelerini kulland\u0131.<\/p>\n<p><b>Esma \u00c7AKIR \u2013 ROMA \/ DHA<\/b><\/div>\n<p>&nbsp;<\/p>\n","protected":false},"excerpt":{"rendered":"<p>\u0130talya\u2019da meclise sunulan ve e\u015fcinsellere baz\u0131 haklar tan\u0131yan yasay\u0131 protesto etmek i\u00e7in y\u00fcz binlerce ki\u015finin kat\u0131l\u0131m\u0131yla bir miting d\u00fczenlendi. Yasan\u0131n \u00e7\u0131kmas\u0131n\u0131 savunan ve rahibe k\u0131yafetiyle meydandakileri protesto etmek isteyen \u0130talya\u2019n\u0131n \u00fcnl\u00fc trans kad\u0131n\u0131\u00a0Efe Bal, miting alan\u0131na girmesinin engellendi\u011fini s\u00f6yledi. Avrupa Birli\u011fi (AB) \u00fclkeleri aras\u0131nda e\u015fcinsellere y\u00f6nelik herhangi bir yasal d\u00fczenlemesi olmayan tek \u00fclke olan \u0130talya\u2019da &hellip;<\/p>\n","protected":false},"author":1,"featured_media":21686,"comment_status":"closed","ping_status":"open","sticky":false,"template":"","format":"standard","meta":{"footnotes":""},"categories":[92,91],"tags":[2322,418,599],"class_list":["post-21684","post","type-post","status-publish","format-standard","has-post-thumbnail","","category-dunya","category-haberler","tag-efe-bal","tag-italya","tag-trans"],"_links":{"self":[{"href":"http:\/\/www.gzone.com.tr\/index.php\/wp-json\/wp\/v2\/posts\/21684","targetHints":{"allow":["GET"]}}],"collection":[{"href":"http:\/\/www.gzone.com.tr\/index.php\/wp-json\/wp\/v2\/posts"}],"about":[{"href":"http:\/\/www.gzone.com.tr\/index.php\/wp-json\/wp\/v2\/types\/post"}],"author":[{"embeddable":true,"href":"http:\/\/www.gzone.com.tr\/index.php\/wp-json\/wp\/v2\/users\/1"}],"replies":[{"embeddable":true,"href":"http:\/\/www.gzone.com.tr\/index.php\/wp-json\/wp\/v2\/comments?post=21684"}],"version-history":[{"count":0,"href":"http:\/\/www.gzone.com.tr\/index.php\/wp-json\/wp\/v2\/posts\/21684\/revisions"}],"wp:featuredmedia":[{"embeddable":true,"href":"http:\/\/www.gzone.com.tr\/index.php\/wp-json\/wp\/v2\/media\/21686"}],"wp:attachment":[{"href":"http:\/\/www.gzone.com.tr\/index.php\/wp-json\/wp\/v2\/media?parent=21684"}],"wp:term":[{"taxonomy":"category","embeddable":true,"href":"http:\/\/www.gzone.com.tr\/index.php\/wp-json\/wp\/v2\/categories?post=21684"},{"taxonomy":"post_tag","embeddable":true,"href":"http:\/\/www.gzone.com.tr\/index.php\/wp-json\/wp\/v2\/tags?post=21684"}],"curies":[{"name":"wp","href":"https:\/\/api.w.org\/{rel}","templated":true}]}}