{"id":21572,"date":"2016-01-29T01:08:35","date_gmt":"2016-01-28T23:08:35","guid":{"rendered":"http:\/\/gzone.com.tr\/?p=21572"},"modified":"2016-01-29T01:08:35","modified_gmt":"2016-01-28T23:08:35","slug":"kivanc-tatlitugun-2016-dizisi-belli-oldu","status":"publish","type":"post","link":"http:\/\/www.gzone.com.tr\/index.php\/2016\/01\/29\/kivanc-tatlitugun-2016-dizisi-belli-oldu\/","title":{"rendered":"KIVAN\u00c7 TATLITU\u011e&#8217;UN 2016 D\u0130Z\u0130S\u0130 BELL\u0130 OLDU"},"content":{"rendered":"<p><strong>Kurt Seyit ve \u015eura&#8217;da umdu\u011funu bulamayan K\u0131van\u00e7 Tatl\u0131tu\u011f&#8217;un yeni dizisi belli oldu.<\/strong><\/p>\n<p>Kurt Seyit ve \u015eura\u2019dan sonra ekrana ara veren \u00fcnl\u00fc oyuncunun yeni projesi ile ilgili detaylar belli oldu.<\/p>\n<p>K\u0131van\u00e7 Tatl\u0131tu\u011f\u2019un yeni dizisiyle ilgili detaylar belli oldu. Tatl\u0131tu\u011f, son olarak Star TV\u2019de yay\u0131nlanan ve reyting canavar\u0131na yenilen \u2018Kurt Seyit ve \u015eura\u2019 dizisinde rol ald\u0131.<br \/>\n2 y\u0131ll\u0131k aran\u0131n ard\u0131ndan ekranlara d\u00f6nmeye haz\u0131rlanan yak\u0131\u015f\u0131kl\u0131 oyuncunun yeni sezonda yer alaca\u011f\u0131 diziyle ilgili ilk bilgiler gelmeye ba\u015flad\u0131.<\/p>\n<div class=\"demo-gallery\">\n<p>\u2018G\u00fcm\u00fc\u015f\u2019 dizisinde birlikte \u00e7al\u0131\u015ft\u0131\u011f\u0131 senarist Eylem Canpolat ve Sema Ergenekon\u2019la yeni bir projede bir araya gelecek olan Tatl\u0131tu\u011f\u2019un projesinin ad\u0131 belli oldu. K\u0131van\u00e7 Tatl\u0131tu\u011f\u2019un yeni dizisinin ad\u0131n\u0131n \u2018Siyah Beyaz\u2019 oldu\u011fu \u00f6\u011frenildi. \u015eubat ay\u0131nda ba\u015flamas\u0131 beklenen dizi Star TV\u2019de yay\u0131nlanacak. Bir roman uyarlamas\u0131 olacak dizisinin cast \u00e7al\u0131\u015fmalar\u0131n\u0131n devam ediyor. Tatl\u0131tu\u011f\u2019un dizideki partneri i\u00e7in g\u00f6r\u00fc\u015fmeler devam ediyor.<\/p>\n<\/div>\n<div class=\"news-tags\">\n<p><em>Kaynak: S\u00f6zc\u00fc<\/em><\/p>\n<\/div>\n","protected":false},"excerpt":{"rendered":"<p>Kurt Seyit ve \u015eura&#8217;da umdu\u011funu bulamayan K\u0131van\u00e7 Tatl\u0131tu\u011f&#8217;un yeni dizisi belli oldu. Kurt Seyit ve \u015eura\u2019dan sonra ekrana ara veren \u00fcnl\u00fc oyuncunun yeni projesi ile ilgili detaylar belli oldu. K\u0131van\u00e7 Tatl\u0131tu\u011f\u2019un yeni dizisiyle ilgili detaylar belli oldu. Tatl\u0131tu\u011f, son olarak Star TV\u2019de yay\u0131nlanan ve reyting canavar\u0131na yenilen \u2018Kurt Seyit ve \u015eura\u2019 dizisinde rol ald\u0131. 2 &hellip;<\/p>\n","protected":false},"author":1,"featured_media":21573,"comment_status":"closed","ping_status":"open","sticky":false,"template":"","format":"standard","meta":{"footnotes":""},"categories":[28,61],"tags":[592,841,3567,132],"class_list":["post-21572","post","type-post","status-publish","format-standard","has-post-thumbnail","","category-pop","category-sinematv","tag-dizi","tag-kivanc-tatlitug","tag-siyah-beyaz","tag-tv"],"_links":{"self":[{"href":"http:\/\/www.gzone.com.tr\/index.php\/wp-json\/wp\/v2\/posts\/21572","targetHints":{"allow":["GET"]}}],"collection":[{"href":"http:\/\/www.gzone.com.tr\/index.php\/wp-json\/wp\/v2\/posts"}],"about":[{"href":"http:\/\/www.gzone.com.tr\/index.php\/wp-json\/wp\/v2\/types\/post"}],"author":[{"embeddable":true,"href":"http:\/\/www.gzone.com.tr\/index.php\/wp-json\/wp\/v2\/users\/1"}],"replies":[{"embeddable":true,"href":"http:\/\/www.gzone.com.tr\/index.php\/wp-json\/wp\/v2\/comments?post=21572"}],"version-history":[{"count":0,"href":"http:\/\/www.gzone.com.tr\/index.php\/wp-json\/wp\/v2\/posts\/21572\/revisions"}],"wp:featuredmedia":[{"embeddable":true,"href":"http:\/\/www.gzone.com.tr\/index.php\/wp-json\/wp\/v2\/media\/21573"}],"wp:attachment":[{"href":"http:\/\/www.gzone.com.tr\/index.php\/wp-json\/wp\/v2\/media?parent=21572"}],"wp:term":[{"taxonomy":"category","embeddable":true,"href":"http:\/\/www.gzone.com.tr\/index.php\/wp-json\/wp\/v2\/categories?post=21572"},{"taxonomy":"post_tag","embeddable":true,"href":"http:\/\/www.gzone.com.tr\/index.php\/wp-json\/wp\/v2\/tags?post=21572"}],"curies":[{"name":"wp","href":"https:\/\/api.w.org\/{rel}","templated":true}]}}