{"id":21516,"date":"2016-01-27T12:42:06","date_gmt":"2016-01-27T10:42:06","guid":{"rendered":"http:\/\/gzone.com.tr\/?p=21516"},"modified":"2016-01-27T12:42:06","modified_gmt":"2016-01-27T10:42:06","slug":"galeri-justin-bieber-yeniden-calvin-klein-ic-camasirlari-kampanyasinda","status":"publish","type":"post","link":"http:\/\/www.gzone.com.tr\/index.php\/2016\/01\/27\/galeri-justin-bieber-yeniden-calvin-klein-ic-camasirlari-kampanyasinda\/","title":{"rendered":"GALER\u0130: JUSTIN BIEBER YEN\u0130DEN CALVIN KLEIN \u0130\u00c7 \u00c7AMA\u015eIRLARI KAMPANYASINDA"},"content":{"rendered":"<p>Ge\u00e7ti\u011fimiz y\u0131l\u0131n en \u00e7ok ses getiren reklam kampanyas\u0131, ku\u015fkusuz Mert &amp; Marcus&#8217;un foto\u011frafland\u0131rd\u0131\u011f\u0131 Justin Bieber X Calvin Klein kampanyas\u0131yd\u0131. Foto\u011fraflardaki Bieber v\u00fccudu hakk\u0131nda Photoshop iddialar\u0131 aylarca g\u00fcndemi me\u015fgul ederken, Calvin Klein geri d\u00f6n\u00fc\u015flerden memnun kalm\u0131\u015f olacak ki, yeni kampanyas\u0131nda\u00a0yine ba\u015frolde Justin Bieber var.<\/p>\n<p>Markan\u0131n Instagram \u00fczerinden duyurdu\u011fu kampanya kapsam\u0131nda Bieber ve Kendrick Lamar Calvin Klein&#8217;lar\u0131 ile poz vermekten \u00e7ekinmiyor&#8230;<\/p>\n<p>&nbsp;<\/p>\n<p><img decoding=\"async\" src=\"http:\/\/s23.postimg.org\/gywtbzmfv\/Full_Size_Render.jpg\" alt=\"Full Size Render\" border=\"0\" \/><\/p>\n<p><img decoding=\"async\" src=\"http:\/\/s23.postimg.org\/7narf19wb\/Full_Size_Render1.jpg\" alt=\"Full Size Render1\" border=\"0\" \/><\/p>\n<p><img decoding=\"async\" src=\"http:\/\/s23.postimg.org\/muqqze1qz\/Full_Size_Render2.jpg\" alt=\"Full Size Render2\" border=\"0\" \/><\/p>\n<p><img decoding=\"async\" src=\"http:\/\/s23.postimg.org\/de0xsrhwb\/Full_Size_Render3.jpg\" alt=\"Full Size Render3\" border=\"0\" \/><\/p>\n<p><img decoding=\"async\" src=\"http:\/\/s23.postimg.org\/578y16rtn\/Screen_Shot_2016_01_27_at_07_40_53_2.png\" alt=\"Screen Shot 2016 01 27 at 07 40 53 2\" border=\"0\" \/><\/p>\n","protected":false},"excerpt":{"rendered":"<p>Ge\u00e7ti\u011fimiz y\u0131l\u0131n en \u00e7ok ses getiren reklam kampanyas\u0131, ku\u015fkusuz Mert &amp; Marcus&#8217;un foto\u011frafland\u0131rd\u0131\u011f\u0131 Justin Bieber X Calvin Klein kampanyas\u0131yd\u0131. Foto\u011fraflardaki Bieber v\u00fccudu hakk\u0131nda Photoshop iddialar\u0131 aylarca g\u00fcndemi me\u015fgul ederken, Calvin Klein geri d\u00f6n\u00fc\u015flerden memnun kalm\u0131\u015f olacak ki, yeni kampanyas\u0131nda\u00a0yine ba\u015frolde Justin Bieber var. Markan\u0131n Instagram \u00fczerinden duyurdu\u011fu kampanya kapsam\u0131nda Bieber ve Kendrick Lamar Calvin Klein&#8217;lar\u0131 &hellip;<\/p>\n","protected":false},"author":1,"featured_media":21517,"comment_status":"closed","ping_status":"open","sticky":false,"template":"","format":"standard","meta":{"footnotes":""},"categories":[70,74],"tags":[459,112,269,200],"class_list":["post-21516","post","type-post","status-publish","format-standard","has-post-thumbnail","","category-moda","category-modahaberleri","tag-calvin-klein","tag-haberler-2","tag-justin-bieber","tag-moda"],"_links":{"self":[{"href":"http:\/\/www.gzone.com.tr\/index.php\/wp-json\/wp\/v2\/posts\/21516","targetHints":{"allow":["GET"]}}],"collection":[{"href":"http:\/\/www.gzone.com.tr\/index.php\/wp-json\/wp\/v2\/posts"}],"about":[{"href":"http:\/\/www.gzone.com.tr\/index.php\/wp-json\/wp\/v2\/types\/post"}],"author":[{"embeddable":true,"href":"http:\/\/www.gzone.com.tr\/index.php\/wp-json\/wp\/v2\/users\/1"}],"replies":[{"embeddable":true,"href":"http:\/\/www.gzone.com.tr\/index.php\/wp-json\/wp\/v2\/comments?post=21516"}],"version-history":[{"count":0,"href":"http:\/\/www.gzone.com.tr\/index.php\/wp-json\/wp\/v2\/posts\/21516\/revisions"}],"wp:featuredmedia":[{"embeddable":true,"href":"http:\/\/www.gzone.com.tr\/index.php\/wp-json\/wp\/v2\/media\/21517"}],"wp:attachment":[{"href":"http:\/\/www.gzone.com.tr\/index.php\/wp-json\/wp\/v2\/media?parent=21516"}],"wp:term":[{"taxonomy":"category","embeddable":true,"href":"http:\/\/www.gzone.com.tr\/index.php\/wp-json\/wp\/v2\/categories?post=21516"},{"taxonomy":"post_tag","embeddable":true,"href":"http:\/\/www.gzone.com.tr\/index.php\/wp-json\/wp\/v2\/tags?post=21516"}],"curies":[{"name":"wp","href":"https:\/\/api.w.org\/{rel}","templated":true}]}}