{"id":21350,"date":"2016-01-23T18:51:11","date_gmt":"2016-01-23T16:51:11","guid":{"rendered":"http:\/\/gzone.com.tr\/?p=21350"},"modified":"2016-01-23T18:51:11","modified_gmt":"2016-01-23T16:51:11","slug":"galeri-milano-erkek-moda-haftasinda-one-cikanlar","status":"publish","type":"post","link":"http:\/\/www.gzone.com.tr\/index.php\/2016\/01\/23\/galeri-milano-erkek-moda-haftasinda-one-cikanlar\/","title":{"rendered":"GALER\u0130: MILANO ERKEK MODA HAFTASI&#8217;NDA \u00d6NE \u00c7IKANLAR"},"content":{"rendered":"<p>Londra Erkek Moda Haftas\u0131\u2019nda modan\u0131n erkekler i\u00e7in konu\u015ftu\u011fu klasik dilin de\u011fi\u015fti\u011finin sinyallerini veren tasar\u0131mc\u0131lar, kurduklar\u0131 yeni c\u00fcmlelerle klasik erkek \u00e7izgisini devirmeye ba\u015flad\u0131. Erkek modas\u0131, kal\u0131plar\u0131n d\u0131\u015f\u0131na \u00e7\u0131karak podyumda kurdu\u011fu \u00f6zg\u00fcr ve ba\u011f\u0131ms\u0131z cumhuriyeti, art\u0131k soka\u011fa ta\u015f\u0131maya haz\u0131r. Londra\u2019da kurulan \u00f6zg\u00fcr c\u00fcmleler, Milano Erkek Moda Haftas\u0131\u2019nda bir ba\u011f\u0131ms\u0131zl\u0131k hikayesine d\u00f6n\u00fc\u015f\u00fcrken, bu hikayenin kahraman\u0131 tabii ki David Bowie\u2019den ba\u015fkas\u0131 olamazd\u0131. Suzy Menkes\u2019\u0131n yorumuyla, <span class=\"s1\">moda d\u00fcnyas\u0131; <em>androjenlik, k\u00fclt\u00fcrel \u00e7e\u015fitlilik, glam rock gibi Bowie&#8217;nin \u00f6rnek ve \u00f6nc\u00fc oldu\u011fu her \u015feyi \u00f6z\u00fcmsedi<\/em>.\u00a0\u0130\u015fte bu y\u00fczden, Milano Moda Haftas\u0131&#8217;nda, Neil Barett\u2019ten Versace\u2019ye, Vivienne Westwood\u2019tanGucci\u2019ye, t\u00fcm tasar\u0131mc\u0131lar\u00a0<\/span><span class=\"s2\">David Bowie\u2019ye sayg\u0131 duru\u015funda bulundu.<\/span><\/p>\n<p><img loading=\"lazy\" decoding=\"async\" class=\"alignnone\" src=\"http:\/\/s18.postimg.org\/575bdbcnd\/tumblr_o15w2e_Y1_F91qfk5vjo1_1280.jpg\" alt=\"\" width=\"1280\" height=\"1920\" \/><\/p>\n<p>David Bowie, Alessandro Michele\u2019nin ilham kahraman\u0131. Michele Gucci\u2019de ba\u015ftan yazd\u0131\u011f\u0131 romantik retro hikayesine, Bowie\u2019nin 70\u2019lerdeki stilini ekleyerek hem Bowie\u2019ye hem de Sonbahar\/K\u0131\u015f 2016 sezonuna hi\u00e7 \u00a0unutulmayacak bir miras b\u0131rakt\u0131.<\/p>\n<p><img loading=\"lazy\" decoding=\"async\" class=\"alignnone\" src=\"http:\/\/s2.postimg.org\/f1lt1ba3t\/ARC0107.jpg\" alt=\"\" width=\"1280\" height=\"1920\" \/><\/p>\n<p>David Bowie ve Brian Eno\u2019nun birlikte yazd\u0131\u011f\u0131 \u201cHeroes\u201c \u015fark\u0131s\u0131 Philipp Plein\u2019\u0131n Sonbahar\/K\u0131\u015f 2016 defilesinin fon m\u00fczi\u011fi oldu .\u201c<em>Ter\u00f6r\u00fcn hayat\u0131m\u0131z\u0131n her dakikas\u0131n\u0131 olumsuz etkileyen bir d\u00fcnyada nefes al\u0131yoruz. Son aylarda ya\u015fad\u0131\u011f\u0131m\u0131z travmalar nedeniyle, hepimizin bizi kurtaracak kahramanlara ihtiyac\u0131 oldu\u011funa inan\u0131yorum.<\/em>\u201c diyen Plein, koleksiyonunda Superman\u2019den Batman\u2019e, s\u00fcper kahramanlara \u201cBizi kurtar\u0131n!\u201c \u00e7a\u011fr\u0131s\u0131nda bulundu.<\/p>\n<p><img loading=\"lazy\" decoding=\"async\" class=\"alignnone\" src=\"http:\/\/s16.postimg.org\/p97ibfic5\/8eeb0b7000a5cc52472bab05233ae5f7a4291f05.gif\" alt=\"\" width=\"1280\" height=\"1920\" \/><\/p>\n<p class=\"p4\">Vivienne Westwood, her ne kadar erkek koleksiyonunu tan\u0131tsa da kad\u0131n sil\u00fcetinden esinlenerek haz\u0131rlad\u0131\u011f\u0131 tasar\u0131mlar, Bowie\u2019nin sahne \u015fovlar\u0131 i\u00e7in yaratt\u0131\u011f\u0131 <span class=\"s4\">Ziggy Stardust karakterine h\u00fcz\u00fcnl\u00fc bir tebess\u00fcm yollamadan ge\u00e7medi.<\/span><\/p>\n<p>&nbsp;<\/p>\n<p><img loading=\"lazy\" decoding=\"async\" class=\"alignnone\" src=\"http:\/\/s11.postimg.org\/jtpvan0fn\/VER0190.jpg\" alt=\"\" width=\"1280\" height=\"1920\" \/><\/p>\n<p>Donatella Versace, yak\u0131\u015f\u0131kl\u0131lar ordusuyla uzayda Versace gezegenini kurmak i\u00e7in yola \u00e7\u0131kt\u0131. David Bowie\u2019nin 1966 y\u0131l\u0131nda yay\u0131nlanan \u015fark\u0131s\u0131 \u201c<span class=\"s5\">Space Oddity<\/span>\u201d ile yeni gezegeninde hayat kuran Versace\u2019yi, kim bilir belki de uzaydan bir yerlerden Bowie de izlemi\u015ftir.<\/p>\n<p><img loading=\"lazy\" decoding=\"async\" class=\"alignnone\" src=\"http:\/\/s9.postimg.org\/k9pb6b5an\/ARC0070.jpg\" alt=\"\" width=\"1280\" height=\"1920\" \/><\/p>\n<p>Genellikle g\u00fcc\u00fcn\u00fc klasik \u00e7izgisinden alan Armani, Sonbahar\/K\u0131\u015f 2016 koleksiyonunda, David Bowie\u2019nin cesaret iksiriyle Mars\u2019a \u00e7\u0131kt\u0131. Bowie\u2019nin \u201cLife On Mars\u201c par\u00e7as\u0131 e\u015fli\u011finde, defilesindeki ilk be\u015f modeli galaktik dokunu\u015flarla podyuma \u00e7\u0131karan Emporio Armani\u2019nin bu sayg\u0131 duru\u015fu uzun y\u0131llar hat\u0131rlan\u0131r.<\/p>\n<p><em>Kaynak: Vogue<\/em><\/p>\n","protected":false},"excerpt":{"rendered":"<p>Londra Erkek Moda Haftas\u0131\u2019nda modan\u0131n erkekler i\u00e7in konu\u015ftu\u011fu klasik dilin de\u011fi\u015fti\u011finin sinyallerini veren tasar\u0131mc\u0131lar, kurduklar\u0131 yeni c\u00fcmlelerle klasik erkek \u00e7izgisini devirmeye ba\u015flad\u0131. Erkek modas\u0131, kal\u0131plar\u0131n d\u0131\u015f\u0131na \u00e7\u0131karak podyumda kurdu\u011fu \u00f6zg\u00fcr ve ba\u011f\u0131ms\u0131z cumhuriyeti, art\u0131k soka\u011fa ta\u015f\u0131maya haz\u0131r. Londra\u2019da kurulan \u00f6zg\u00fcr c\u00fcmleler, Milano Erkek Moda Haftas\u0131\u2019nda bir ba\u011f\u0131ms\u0131zl\u0131k hikayesine d\u00f6n\u00fc\u015f\u00fcrken, bu hikayenin kahraman\u0131 tabii ki David &hellip;<\/p>\n","protected":false},"author":1,"featured_media":21351,"comment_status":"closed","ping_status":"open","sticky":false,"template":"","format":"standard","meta":{"footnotes":""},"categories":[70,74],"tags":[3032,112,3494,200],"class_list":["post-21350","post","type-post","status-publish","format-standard","has-post-thumbnail","","category-moda","category-modahaberleri","tag-erkek-modasi","tag-haberler-2","tag-milano-moda-haftasi","tag-moda"],"_links":{"self":[{"href":"http:\/\/www.gzone.com.tr\/index.php\/wp-json\/wp\/v2\/posts\/21350","targetHints":{"allow":["GET"]}}],"collection":[{"href":"http:\/\/www.gzone.com.tr\/index.php\/wp-json\/wp\/v2\/posts"}],"about":[{"href":"http:\/\/www.gzone.com.tr\/index.php\/wp-json\/wp\/v2\/types\/post"}],"author":[{"embeddable":true,"href":"http:\/\/www.gzone.com.tr\/index.php\/wp-json\/wp\/v2\/users\/1"}],"replies":[{"embeddable":true,"href":"http:\/\/www.gzone.com.tr\/index.php\/wp-json\/wp\/v2\/comments?post=21350"}],"version-history":[{"count":0,"href":"http:\/\/www.gzone.com.tr\/index.php\/wp-json\/wp\/v2\/posts\/21350\/revisions"}],"wp:featuredmedia":[{"embeddable":true,"href":"http:\/\/www.gzone.com.tr\/index.php\/wp-json\/wp\/v2\/media\/21351"}],"wp:attachment":[{"href":"http:\/\/www.gzone.com.tr\/index.php\/wp-json\/wp\/v2\/media?parent=21350"}],"wp:term":[{"taxonomy":"category","embeddable":true,"href":"http:\/\/www.gzone.com.tr\/index.php\/wp-json\/wp\/v2\/categories?post=21350"},{"taxonomy":"post_tag","embeddable":true,"href":"http:\/\/www.gzone.com.tr\/index.php\/wp-json\/wp\/v2\/tags?post=21350"}],"curies":[{"name":"wp","href":"https:\/\/api.w.org\/{rel}","templated":true}]}}